{"id":1427132,"date":"2026-01-26T17:33:14","date_gmt":"2026-01-26T14:33:14","guid":{"rendered":"https:\/\/analyse.optim.biz\/?p=1427132"},"modified":"2026-01-26T17:33:14","modified_gmt":"2026-01-26T14:33:14","slug":"scappano-ai-controlli-su-unauto-rubata-fermati-dalla-polizia-locale-raffica-di-incidenti-nel-week-end","status":"publish","type":"post","link":"https:\/\/analyse.optim.biz\/?p=1427132","title":{"rendered":"Scappano ai controlli su un&#8217;auto rubata, fermati dalla polizia locale. Raffica di incidenti nel week end"},"content":{"rendered":"<div class=\"content-parts\">\n<div class=\"content-heading\">\n<div class=\"subhead glyph\">Interventi in citt\u00e0<\/div>\n<h1>Scappano ai controlli su un&#8217;auto rubata, fermati dalla polizia locale. Raffica di incidenti nel week end<\/h1>\n<\/div>\n<div class=\"content-date-share\">\n<div class=\"content-date\">26 gennaio 2026<\/div>\n<ul class=\"share-links\">\n<li>\n<li>\n<li><a target=\"_blank\" class=\"share-twitter\" title=\"Condividi su Twitter\" href=\"https:\/\/twitter.com\/intent\/tweet?text=Scappano+ai+controlli+su+un%27auto+rubata%2C+fermati+dalla+polizia+locale.+Raffica+di+incidenti+nel+week+end&amp;url=https:\/\/www.larena.it\/territorio-veronese\/citta\/scappano-ai-controlli-su-un-auto-rubata-fermati-dalla-polizia-locale-raffica-di-incidenti-nel-week-end-1.12909865\"><img loading=\"lazy\" decoding=\"async\" src=\"https:\/\/analyse.optim.biz\/wp-content\/uploads\/2026\/01\/twitter-x-white-65.svg\" width=\"20\" height=\"20\" title=\"twitter-x-white-65\"><\/a><\/li>\n<li><\/ul>\n<\/div>\n<div class=\"sticky-footer\">\n<div class=\"share-footer d-lg-none\">\n<ul class=\"share-links\">\n<li>\n<li>\n<li><a target=\"_blank\" class=\"share-twitter\" title=\"Condividi su Twitter\" href=\"https:\/\/twitter.com\/intent\/tweet?text=Scappano+ai+controlli+su+un%27auto+rubata%2C+fermati+dalla+polizia+locale.+Raffica+di+incidenti+nel+week+end&amp;url=https:\/\/www.larena.it\/territorio-veronese\/citta\/scappano-ai-controlli-su-un-auto-rubata-fermati-dalla-polizia-locale-raffica-di-incidenti-nel-week-end-1.12909865\"><img loading=\"lazy\" decoding=\"async\" src=\"https:\/\/analyse.optim.biz\/wp-content\/uploads\/2026\/01\/twitter-x-white-65.svg\" width=\"20\" height=\"20\" title=\"twitter-x-white-65\"><\/a><\/li>\n<li><\/ul>\n<\/div>\n<\/div>\n<div class=\"content-picture\">\n<div class=\"content-media content-media-backup\">\n<figure class=\"kh-lightbox\" data-src=\"https:\/\/gfx.larena.it\/image\/contentid\/policy:1.12909875:1769448572\/image.jpg?f=default&amp;w=1024&amp;$p$f$w=336aa8e\" data-caption=\"La polizia locale rileva un incidente\">\n<div class=\"aspected-image\" data-aspect=\"16x9\"><img loading=\"lazy\" decoding=\"async\" src=\"https:\/\/analyse.optim.biz\/wp-content\/uploads\/2026\/01\/image-208.jpg\" alt=\"La polizia locale rileva un incidente\" width=\"750\" height=\"421\" title=\"image-208\"><\/div>\n<\/figure>\n<div class=\"caption\">\n      La polizia locale rileva un incidente\n          <\/div>\n<\/div>\n<div class=\"content-media content-media-main\">\n<figure class=\"kh-lightbox\" data-src=\"https:\/\/gfx.larena.it\/image\/contentid\/policy:1.12909875:1769448572\/image.jpg?f=default&amp;w=1024&amp;$p$f$w=336aa8e\" data-caption=\"La polizia locale rileva un incidente\">\n<div class=\"aspected-image\" data-aspect=\"16x9\"><img loading=\"lazy\" decoding=\"async\" src=\"https:\/\/analyse.optim.biz\/wp-content\/uploads\/2026\/01\/image-208.jpg\" alt=\"La polizia locale rileva un incidente\" width=\"750\" height=\"421\" title=\"image-208\"><\/div>\n<\/figure>\n<div class=\"caption\">\n      La polizia locale rileva un incidente\n          <\/div>\n<\/div>\n<\/div>\n<div class=\"content-body \">\n<p>Nell&#8217;ambito dei controlli in &#8220;zona rossa&#8221; nella serata di venerd\u00ec in zona piazzale XXV aprile una pattuglia del reparto territoriale della polizia locale ha notato una Fiat Panda con a bordo due uomini. Alla richiesta di fermarsi, nonostante i lampeggianti accessi, l&#8217;auto \u00e8 <strong>ripartita ad alta velocit\u00e0 <\/strong>ed \u00e8 stata inseguita e bloccata in via Albere. L&#8217;auto era stata <strong>rubata da poche ore<\/strong> e i due occupanti sono stati accompagnati al Comando di via del Pontiere per la completa identificazione. Sono stati messi a disposizione del Pubblico Ministero di turno e denunciati per<strong> furto aggravato e resistenza <\/strong>in concorso. Si tratta di due cittadini stranieri, con diversi precedenti.<\/p>\n<p>Venerd\u00ec sono stati rilevati quattro incidenti, tutti con feriti lievi. Pi\u00f9 una serie di incidenti senza gravi conseguenze tra il pomeriggio di sabato e la notte di domenica. Scontri ma soprattutto fuoriuscite autonome causate da alta velocit\u00e0, ebbrezza e incapacit\u00e0 di guidare con asfalto reso viscido dalla pioggia.<\/p>\n<p>Una Fiat Panda \u00e8 uscita autonomamente di strada lungo la tangenziale <strong>s.r. 62<\/strong> della Cisa allo <strong>svincolo in direzione Villafranca<\/strong> danneggiando circa 8 metri di guardrail e 7 paletti di sostegno. L\u2019alcolblow \u00e8 risultato negativo. Un\u2019altra fuoriscita autonoma di una Dacia si \u00e8 verificata poco prima della<strong> tangenziale sud in direzione Vago<\/strong> all\u2019altezza del chilometro 9, all&#8217;altezza delle doppie curve. La conducente \u00e8 stata trasferita per le cure all&#8217;ospedale di San Bonifacio.<\/p>\n<p>Verso le 19 di sabato, per la terza volta in poche settimane, un automobilista ha colpito con una Mercedes i <strong>new-jersey del cantiere sul cavalcavia di viale Piave. <\/strong>Individuato da una pattuglia in transito, il conducente si \u00e8 rifiutato di sottoporsi all&#8217;etilometro e sar\u00e0 denunciato alla Procura della Repubblica. Per lui \u00e8 prevista la sospensione della patente per un anno e l\u2019obbligo di installazione dell\u2019alcoolock, blocco-motore, per tre anni.<\/p>\n<p>Poco dopo a<strong> Poiano <\/strong>sulla Strada provinciale dei Lessini n.6 altezza, all\u2019altezza della serra Verdevalle si \u00e8 verificato un incidente frontale tra una Volkswagen TRoc e una Fiat Punto, con un conducente ferito. La dinamica \u00e8 da accertare. Alle 20 in <strong>via Torbido<\/strong> 21 Hyundai Coup\u00e9 \u00e8 andata a sbattere contro gli archetti della pista ciclabile e contro il guardrail. Sanzioni per il giovane conducente, risultato negativo all&#8217;alcoblow.<\/p>\n<p>Nella notte altra fuoriuscita autonoma in<strong> via Gardesane<\/strong> al civico 126 da parte di una Land Rover Sport, <strong>finita in un giardino privato<\/strong><strong>abbattendo la cancellata<\/strong> e circa 30 m di recinzione, oltre a un palo telefonico che \u00e8 caduto dentro la propriet\u00e0 e un segnale verticale di incrocio.<\/p>\n<p>Domenica mattina in v<strong>iale Colonello Galliano nel sottopasso <\/strong>direzione C.so Milano si \u00e8 verificata un\u2019altra fuoriuscita autonoma con danneggiamento della segnaletica da parte di una Fiat Punto. Sanzionato il conducente.<\/p>\n<p>Sono <strong>89 gli incidenti rilevati da inizio anno<\/strong>, di cui 57 con feriti, nessuno in gravi condizioni, di cui 9 con pedoni, 8 con ciclisti e 1 con monopattino.<\/p>\n<p>In merito ai controlli di Polizia Stradale, nell\u2019ambito della manifestazione Motorbike la Polizia Locale tra venerd\u00ec e domenica ha <strong>sanzionato 835 veicoli, rimuovendone 34<\/strong>. Altri <strong>31 veicoli <\/strong>sono stati sanzionati perch\u00e9 <strong>passati con il semaforo rosso<\/strong>, uno per la mancanza di copertura assicurativa e 17 per assenza di revisioni. Sono otto le sanzioni comminate monopattinisti senza casco o perch\u00e9 trasportavano un passeggero. Di questi due erano minorenni. Dal 23 al 25 gennaio la polizia locale ha gi\u00e0 <strong>decurtato ben 234 punti <\/strong>dalla patenti a molti automobilisti in violazione di norme di Comportamento del Codice della Strada.<\/p>\n<\/div>\n<div class=\"copyright\">\n  \u00a9 Riproduzione riservata\n<\/div>\n<div class=\"whatsapp-channel-link\">\n<p>L\u2019Arena \u00e8 su Whatsapp. <a href=\"https:\/\/whatsapp.com\/channel\/0029VaDsUGg1XquVqR4ZZC43\" target=\"_blank\">Clicca qui<\/a> per iscriverti al nostro canale e rimanere aggiornato in tempo reale.<\/p>\n<\/div>\n<div class=\"content-contribute margin-bottom-default\"><a rel=\"nofollow\" data-pushbar-target=\"comments-pushbar\" class=\"comments\" href=\"https:\/\/www.larena.it\/territorio-veronese\/citta\/scappano-ai-controlli-su-un-auto-rubata-fermati-dalla-polizia-locale-raffica-di-incidenti-nel-week-end-1.12909865\"><br \/>\n        Commenti (<span class=\"comment-count\">0<\/span>)<br \/>\n    <\/a><a rel=\"nofollow\" class=\"contribute d-none d-lg-inline\" href=\"https:\/\/www.larena.it\/spazio-lettori\/whatsapp\">\u00a0 Contribuisci alla notizia<\/a><a rel=\"nofollow\" class=\"contribute d-inline d-lg-none\" href=\"https:\/\/www.larena.it\/spazio-lettori\/whatsapp\">\u00a0 Contribuisci<\/a><\/div>\n<aside id=\"comments-pushbar\" class=\"sidebar sidebar-comments comments-zone\" data-pushbar-id=\"comments-pushbar\" data-pushbar-direction=\"right\">\n<div class=\"sidebar-header\">\n<div class=\"navbar navbar-expand d-flex justify-content-between\">\n<ul class=\"navbar-nav\">\n<li><\/ul>\n<ul class=\"navbar-nav\">\n<li>\n<h5>Commenti (<span class=\"comment-count\">0<\/span>)<\/h5>\n<\/li>\n<\/ul>\n<\/div>\n<\/div>\n<div class=\"sidebar-main sidebar-main-scroll\">\n<div class=\"comments-container\">\n<div class=\"spinner\"><img decoding=\"async\" src=\"https:\/\/analyse.optim.biz\/wp-content\/uploads\/2026\/01\/ajax-loader-72.gif\" alt=\"spinner\" title=\"ajax-loader-72\"><\/div>\n<\/div>\n<\/div>\n<div class=\"sidebar-footer\">\n<div class=\"comments-container foot\"><a class=\"comment-new-form-toggler btn btn-secondary btn-sm\" rel=\"nofollow\" href=\"https:\/\/www.larena.it\/territorio-veronese\/citta\/scappano-ai-controlli-su-un-auto-rubata-fermati-dalla-polizia-locale-raffica-di-incidenti-nel-week-end-1.12909865\">Commenta<\/a><\/p>\n<div class=\"buttons\">\n<div class=\"privacy\"><b>Informativa privacy:<\/b> L\u2019invio di un commento pu\u00f2 comportare il trattamento di dati personali: per maggiori informazioni sulle modalit\u00e0 di trattamento e l\u2019esercizio dei diritti consultare le nostre Informazioni sulla Privacy e l\u2019informativa estesa sui cookie presenti in calce al sito web.<\/div>\n<\/div>\n<div class=\"comment-thankyou\">Grazie per aver inviato un commento. L&#8217;intervento non sar\u00e0 pubblicato fino a quando il moderatore non lo avr\u00e0 letto ed approvato. I commenti ritenuti inadatti o offensivi non saranno pubblicati.<\/div>\n<\/div>\n<\/div>\n<\/aside>\n<\/div>\n<p> Source URL: https:\/\/www.larena.it\/territorio-veronese\/citta\/scappano-ai-controlli-su-un-auto-rubata-fermati-dalla-polizia-locale-raffica-di-incidenti-nel-week-end-1.12909865<\/p>\n","protected":false},"excerpt":{"rendered":"<p>Interventi in citt\u00e0 Scappano ai controlli su un&#8217;auto rubata, fermati dalla polizia locale. Raffica di incidenti nel week end 26 gennaio 2026 La polizia locale rileva un incidente La polizia locale rileva un incidente Nell&#8217;ambito dei controlli in &#8220;zona rossa&#8221; nella serata di venerd\u00ec in zona piazzale XXV aprile una pattuglia del reparto territoriale della [&hellip;]<\/p>\n","protected":false},"author":1,"featured_media":0,"comment_status":"open","ping_status":"","sticky":false,"template":"","format":"standard","meta":{"footnotes":""},"categories":[87],"tags":[146],"class_list":["post-1427132","post","type-post","status-publish","format-standard","hentry","category-italy","tag-larena-it"],"_links":{"self":[{"href":"https:\/\/analyse.optim.biz\/index.php?rest_route=\/wp\/v2\/posts\/1427132","targetHints":{"allow":["GET"]}}],"collection":[{"href":"https:\/\/analyse.optim.biz\/index.php?rest_route=\/wp\/v2\/posts"}],"about":[{"href":"https:\/\/analyse.optim.biz\/index.php?rest_route=\/wp\/v2\/types\/post"}],"author":[{"embeddable":true,"href":"https:\/\/analyse.optim.biz\/index.php?rest_route=\/wp\/v2\/users\/1"}],"replies":[{"embeddable":true,"href":"https:\/\/analyse.optim.biz\/index.php?rest_route=%2Fwp%2Fv2%2Fcomments&post=1427132"}],"version-history":[{"count":0,"href":"https:\/\/analyse.optim.biz\/index.php?rest_route=\/wp\/v2\/posts\/1427132\/revisions"}],"wp:attachment":[{"href":"https:\/\/analyse.optim.biz\/index.php?rest_route=%2Fwp%2Fv2%2Fmedia&parent=1427132"}],"wp:term":[{"taxonomy":"category","embeddable":true,"href":"https:\/\/analyse.optim.biz\/index.php?rest_route=%2Fwp%2Fv2%2Fcategories&post=1427132"},{"taxonomy":"post_tag","embeddable":true,"href":"https:\/\/analyse.optim.biz\/index.php?rest_route=%2Fwp%2Fv2%2Ftags&post=1427132"}],"curies":[{"name":"wp","href":"https:\/\/api.w.org\/{rel}","templated":true}]}}