{"id":142649,"date":"2017-04-20T17:36:19","date_gmt":"2017-04-20T14:36:19","guid":{"rendered":"https:\/\/analyse.optim.biz\/?p=142649"},"modified":"2017-04-20T17:36:19","modified_gmt":"2017-04-20T14:36:19","slug":"video-ministrii-apostrofati-de-premier-fiecare-sa-si-vada-de-domeniul-lui","status":"publish","type":"post","link":"https:\/\/analyse.optim.biz\/?p=142649","title":{"rendered":"VIDEO. Mini\u0219trii, apostrofa\u021bi de premier: Fiecare s\u0103-\u0219i vad\u0103 de domeniul lui!"},"content":{"rendered":"<div class=\"entry data-app-meta data-app-meta-article\" data-embed-base-url-canonical=\"https:\/\/www.digi24.ro\/embed\/stiri\/actualitate\/politica\/video-ministrii-apostrofati-de-premier-fiecare-sa-si-vada-de-domeniul-lui-709700\">\n<p data-index=\"1\"><strong>Premierul Sorin Grindeanu a surprins, joi, la \u00eenceputul \u0219edin\u021bei de guvern, c\u00e2nd, de fa\u021b\u0103 cu presa, \u0219i-a certat mini\u0219trii pentru c\u0103 nu comunic\u0103 adecvat, d\u00e2nd \u0219i dou\u0103 exemple concrete care l-au deranjat: c\u0103<a href=\"https:\/\/www.digi24.ro\/stiri\/actualitate\/romania-cumpara-rachete-patriot-709532\" target=\"_blank\" data-skip-linkfix=\"1\" rel=\"noopener\"> investi\u021biile din ap\u0103rare nu au fost anun\u021bate de ministrul \u00eensu\u0219i<\/a> \u0219i c\u0103 prea mul\u021bi \u0219i-au dat cu p\u0103rerea despre proiectul impozitului pe gospod\u0103rie. \u00cen privin\u021ba acestei din urm\u0103 teme, singurul abilitat s\u0103 vorbeasc\u0103 \u00een numele Guvernului este ministrul finan\u021belor, a punctat Sorin Grindeanu.<\/strong><\/p>\n<p data-index=\"2\">Premierul a men\u021bionat chiar c\u0103 a cerut s\u0103 i se fac\u0103 un raport cu declara\u021biile neadecvate f\u0103cute de mini\u0219tri: \u00a0<span lang=\"ro-RO\">\u201eNu-mi doresc &#8211; \u015fi <strong>am \u015fi cerut s\u0103 se fac\u0103 o inventariere<\/strong> &#8211; ca altcineva dec\u00e2t cei care sunt titulari pe posturi s\u0103 discute despre lucruri care \u0163in de alte ministere\u201d, a spus \u0219eful executivului. <\/span><\/p>\n<p data-index=\"3\"><span lang=\"ro-RO\"><strong>\u201eNu vreau s\u0103 aflu despre anumite investi\u0163ii la Ministerul Ap\u0103r\u0103rii dec\u00e2t din declara\u0163ii ale ministrului ap\u0103r\u0103rii. Suntem clari?\u201d<\/strong> a \u00eentrebat premierul uit\u00e2ndu-se fix pentru c\u00e2teva secunde \u00eentr-o anumit\u0103 direc\u021bie de la masa la care st\u0103teau mini\u0219trii.<\/span><\/p>\n<p data-index=\"4\">Sorin Grindeanu a f\u0103cut apoi preciz\u0103ri \u00een privin\u021ba proiectului privind impozitul pe gospod\u0103rie. El le-a cerut mini\u0219trilor s\u0103 nu-\u0219i mai dea cu p\u0103rerea, pe la televiziuni, \u00een privin\u021ba unui text care deocamdat\u0103 nu exist\u0103 \u00een dezbatere public\u0103 \u0219i a spus c\u0103 singurul abilitat s\u0103 vorbeasc\u0103 pe aceast\u0103 tem\u0103 este Viorel \u0218tefan, ministrul finan\u021belor. \u201eFiecare s\u0103-\u0219i gestioneze domeniul pe care \u00eel are\u201d, le-a cerut premierul mini\u0219tilor, pe un ton ferm:<\/p>\n<p data-index=\"5\"><span lang=\"ro-RO\">\u201e<em><strong>De asemenea, \u00eemi doresc ca pe ceea ce \u00eenseamn\u0103 mult discutatul impozit pe gospod\u0103rie \u2013 am v\u0103zut c\u0103 exist\u0103 o \u00eentreag\u0103 efervescen\u021b\u0103 pe acest subiect, toat\u0103 lumea merge la televizor \u0219i \u00ee\u0219i d\u0103 cu p\u0103rerea, f\u0103r\u0103 a avea \u00een acest moment un proiect clar, concis, \u00een discu\u021bie la Ministerul Finan\u021belor, sunt foarte multe discu\u021bii, astea sunt lucruri premerg\u0103toare. P\u00e2n\u0103 c\u00e2nd nu vom ajunge la ceea ce am spus c\u0103 vom face \u0219i p\u00e2n\u0103 nu vom avea un draft final, v-a\u0219 ruga s\u0103 v\u0103 ab\u021bine\u021bi! Singurul care poate s\u0103 vorbeasc\u0103 din punctul de vedere al Guvernului pe aceast subiect este ministrul finan\u021belor. Din punctul de vedere al Guvernului. Asta ca s\u0103 fim foarte clari apropo de comunicarea public\u0103, pentru c\u0103 am v\u0103zut foarte pu\u021bin dintre dvs. care s\u0103 nu-\u0219i dea cu p\u0103rerea despre acest lucru, despre acest subiecte \u0219i despre altele. Fiecare s\u0103-\u0219i gestioneze domeniul pe care \u00eel are!<\/strong><\/em>\u201d.<\/span><\/p>\n<\/div>\n<p> Source URL: https:\/\/www.digi24.ro\/stiri\/actualitate\/politica\/video-ministrii-apostrofati-de-premier-fiecare-sa-si-vada-de-domeniul-lui-709700<\/p>\n","protected":false},"excerpt":{"rendered":"<p>Premierul Sorin Grindeanu a surprins, joi, la \u00eenceputul \u0219edin\u021bei de guvern, c\u00e2nd, de fa\u021b\u0103 cu presa, \u0219i-a certat mini\u0219trii pentru c\u0103 nu comunic\u0103 adecvat, d\u00e2nd \u0219i dou\u0103 exemple concrete care l-au deranjat: c\u0103 investi\u021biile din ap\u0103rare nu au fost anun\u021bate de ministrul \u00eensu\u0219i \u0219i c\u0103 prea mul\u021bi \u0219i-au dat cu p\u0103rerea despre proiectul impozitului pe [&hellip;]<\/p>\n","protected":false},"author":1,"featured_media":142650,"comment_status":"open","ping_status":"","sticky":false,"template":"","format":"standard","meta":{"footnotes":""},"categories":[2],"tags":[11],"class_list":["post-142649","post","type-post","status-publish","format-standard","has-post-thumbnail","hentry","category-politics","tag-digi24"],"_links":{"self":[{"href":"https:\/\/analyse.optim.biz\/index.php?rest_route=\/wp\/v2\/posts\/142649","targetHints":{"allow":["GET"]}}],"collection":[{"href":"https:\/\/analyse.optim.biz\/index.php?rest_route=\/wp\/v2\/posts"}],"about":[{"href":"https:\/\/analyse.optim.biz\/index.php?rest_route=\/wp\/v2\/types\/post"}],"author":[{"embeddable":true,"href":"https:\/\/analyse.optim.biz\/index.php?rest_route=\/wp\/v2\/users\/1"}],"replies":[{"embeddable":true,"href":"https:\/\/analyse.optim.biz\/index.php?rest_route=%2Fwp%2Fv2%2Fcomments&post=142649"}],"version-history":[{"count":0,"href":"https:\/\/analyse.optim.biz\/index.php?rest_route=\/wp\/v2\/posts\/142649\/revisions"}],"wp:featuredmedia":[{"embeddable":true,"href":"https:\/\/analyse.optim.biz\/index.php?rest_route=\/wp\/v2\/media\/142650"}],"wp:attachment":[{"href":"https:\/\/analyse.optim.biz\/index.php?rest_route=%2Fwp%2Fv2%2Fmedia&parent=142649"}],"wp:term":[{"taxonomy":"category","embeddable":true,"href":"https:\/\/analyse.optim.biz\/index.php?rest_route=%2Fwp%2Fv2%2Fcategories&post=142649"},{"taxonomy":"post_tag","embeddable":true,"href":"https:\/\/analyse.optim.biz\/index.php?rest_route=%2Fwp%2Fv2%2Ftags&post=142649"}],"curies":[{"name":"wp","href":"https:\/\/api.w.org\/{rel}","templated":true}]}}