{"id":142635,"date":"2017-04-12T23:48:22","date_gmt":"2017-04-12T20:48:22","guid":{"rendered":"https:\/\/analyse.optim.biz\/?p=142635"},"modified":"2017-04-12T23:48:22","modified_gmt":"2017-04-12T20:48:22","slug":"dragnea-despre-scandalul-pensiilor-guvernul-sa-ceara-explicatii-olandei","status":"publish","type":"post","link":"https:\/\/analyse.optim.biz\/?p=142635","title":{"rendered":"Dragnea despre scandalul pensiilor: Guvernul s\u0103 cear\u0103 explica\u021bii Olandei!"},"content":{"rendered":"<div class=\"entry data-app-meta data-app-meta-article\" data-embed-base-url-canonical=\"https:\/\/www.digi24.ro\/embed\/stiri\/actualitate\/politica\/dragnea-despre-scandalul-pensiilor-guvernul-sa-ceara-explicatii-olandei-705770\">\n<p data-index=\"1\"><strong>Reac\u0163ie dur\u0103 a lui Liviu Dragnea, \u00een scandalul na\u0163ionaliz\u0103rii pensiilor private. Liderul social-democrat sus\u0163ine c\u0103 Executivul ar trebui s\u0103 cear\u0103 explica\u0163ii guvernului olandez, dup\u0103 ce fondul privat de pensii NN, le-a transmis clien\u0163ilor, informa\u0163ii despre <a href=\"https:\/\/www.digi24.ro\/stiri\/economie\/asf-critica-nn-pensii-pentru-informatiile-privind-nationalizarea-pilonului-ii-705523\" target=\"_blank\" data-skip-linkfix=\"1\" rel=\"noopener\">o posibil\u0103 na\u0163ionalizare a pilonului doi<\/a>. Declara\u0163ia a fost f\u0103cut\u0103 la postul Antena 3, unde \u015feful PSD l-a indicat drept responsabil pe \u015feful ASF, Mi\u015fu Negri\u0163oiu, despre care a spus c\u0103 va fi demis \u00een cur\u00e2nd, odat\u0103 cu \u00eentreaga conducere a institu\u0163iei.<\/strong><\/p>\n<p data-index=\"2\"><strong>Liviu Dragnea:<\/strong>\u00a0\u201eAcest scandal e pornit de la Mi\u0219u Negri\u021boiu care este pre\u0219edintele ASF \u0219i care \u0219tie foarte bine c\u0103 \u00een foarte scurt timp Parlamentul va demite toat\u0103 conducerea ASF.<\/p>\n<p data-index=\"3\"><span lang=\"ro-RO\">Nu suni la Guvern s\u0103 verifici dac\u0103 a\u0219a ceva exist\u0103 \u00een inten\u021bia Guvernului \u0219i \u00eencepi s\u0103 trimi\u021bi sute \u0219i mii de mailuri incit\u00e2nd clien\u021bii b\u0103ncii la proteste.<\/span><\/p>\n<p data-index=\"4\"><span lang=\"ro-RO\">Eu cred c\u0103 Guvernul Rom\u00e2niei ar trebui s\u0103 cear\u0103 explica\u021bii la ambasada Olandei \u0219i la Guvernul olandez \u0219i la conducerea ING din Olanda pentru c\u0103 ceea ce a f\u0103cut aceast\u0103 companie de asigur\u0103ri \u00een Rom\u00e2nia poate puteau s\u0103 fac\u0103 \u00eentr-o fost\u0103 colonie olandez\u0103. \u00cen Rom\u00e2nia nu se face a\u0219a ceva. Poate sunt sup\u0103ra\u021bi pe corvete, poate. Nu stiu. Dar nu po\u021bi s\u0103 pornesti un asemenea scandal din nimic, nu a existat nici \u00een programul de guvernare, nici discu\u021bie \u00een coalti\u021bie, nici discu\u021bie \u00een Parlament depsre a\u0219a ceva. Ceea ce a f\u0103cut aceast\u0103 companie de asigur\u0103ri e nepermis. Din punctul meu de vedere ASF, Guvernul \u0219i ministerul de Finan\u021be trebuie s\u0103 ac\u021bioneze foarte dur. Trebuie s\u0103 fie un exemplu \u0219i pentru celelalte multina\u021bionale care fac zeci de miliarde \u00een Rom\u00e2nia \u0219i care \u00ee\u0219i bat joc de rom\u00e2ni.\u201d<\/span><\/p>\n<\/div>\n<p> Source URL: https:\/\/www.digi24.ro\/stiri\/actualitate\/politica\/dragnea-despre-scandalul-pensiilor-guvernul-sa-ceara-explicatii-olandei-705770<\/p>\n","protected":false},"excerpt":{"rendered":"<p>Reac\u0163ie dur\u0103 a lui Liviu Dragnea, \u00een scandalul na\u0163ionaliz\u0103rii pensiilor private. Liderul social-democrat sus\u0163ine c\u0103 Executivul ar trebui s\u0103 cear\u0103 explica\u0163ii guvernului olandez, dup\u0103 ce fondul privat de pensii NN, le-a transmis clien\u0163ilor, informa\u0163ii despre o posibil\u0103 na\u0163ionalizare a pilonului doi. Declara\u0163ia a fost f\u0103cut\u0103 la postul Antena 3, unde \u015feful PSD l-a indicat drept [&hellip;]<\/p>\n","protected":false},"author":1,"featured_media":142636,"comment_status":"open","ping_status":"","sticky":false,"template":"","format":"standard","meta":{"footnotes":""},"categories":[2],"tags":[11],"class_list":["post-142635","post","type-post","status-publish","format-standard","has-post-thumbnail","hentry","category-politics","tag-digi24"],"_links":{"self":[{"href":"https:\/\/analyse.optim.biz\/index.php?rest_route=\/wp\/v2\/posts\/142635","targetHints":{"allow":["GET"]}}],"collection":[{"href":"https:\/\/analyse.optim.biz\/index.php?rest_route=\/wp\/v2\/posts"}],"about":[{"href":"https:\/\/analyse.optim.biz\/index.php?rest_route=\/wp\/v2\/types\/post"}],"author":[{"embeddable":true,"href":"https:\/\/analyse.optim.biz\/index.php?rest_route=\/wp\/v2\/users\/1"}],"replies":[{"embeddable":true,"href":"https:\/\/analyse.optim.biz\/index.php?rest_route=%2Fwp%2Fv2%2Fcomments&post=142635"}],"version-history":[{"count":0,"href":"https:\/\/analyse.optim.biz\/index.php?rest_route=\/wp\/v2\/posts\/142635\/revisions"}],"wp:featuredmedia":[{"embeddable":true,"href":"https:\/\/analyse.optim.biz\/index.php?rest_route=\/wp\/v2\/media\/142636"}],"wp:attachment":[{"href":"https:\/\/analyse.optim.biz\/index.php?rest_route=%2Fwp%2Fv2%2Fmedia&parent=142635"}],"wp:term":[{"taxonomy":"category","embeddable":true,"href":"https:\/\/analyse.optim.biz\/index.php?rest_route=%2Fwp%2Fv2%2Fcategories&post=142635"},{"taxonomy":"post_tag","embeddable":true,"href":"https:\/\/analyse.optim.biz\/index.php?rest_route=%2Fwp%2Fv2%2Ftags&post=142635"}],"curies":[{"name":"wp","href":"https:\/\/api.w.org\/{rel}","templated":true}]}}