{"id":142624,"date":"2017-04-13T00:07:56","date_gmt":"2017-04-12T21:07:56","guid":{"rendered":"https:\/\/analyse.optim.biz\/?p=142624"},"modified":"2017-04-13T00:07:56","modified_gmt":"2017-04-12T21:07:56","slug":"daniel-constantin-despre-planul-lui-tariceanu-de-a-candida-la-presedintie","status":"publish","type":"post","link":"https:\/\/analyse.optim.biz\/?p=142624","title":{"rendered":"Daniel Constantin, despre planul lui T\u0103riceanu de a candida la pre\u0219edin\u021bie"},"content":{"rendered":"<div class=\"entry data-app-meta data-app-meta-article\" data-embed-base-url-canonical=\"https:\/\/www.digi24.ro\/embed\/stiri\/actualitate\/politica\/daniel-constantin-despre-planul-lui-tariceanu-de-a-candida-la-presedintie-705776\">\n<p data-index=\"1\"><strong>Daniel Constantin crede c\u0103 \u0219eful ALDE, C\u0103lin Popescu-T\u0103riceanu, \u00ee\u0219i dore\u0219te s\u0103 candideze la pre\u0219edin\u021bia \u021b\u0103rii \u0219i pentru aceasta e dispus s\u0103 ias\u0103 de la guvernare, la momentul potrivit.<\/strong><\/p>\n<p data-index=\"2\"><span lang=\"ro-RO\">C\u0103lin Popescu-T\u0103riceanu a candidat la alegerile preziden\u021biale din 2014. Dup\u0103 alegerile europarlamentare din mai 2014, Crin Antonescu \u00ee\u015fi depune mandatul de pre\u015fedinte al PNL, iar Popescu T\u0103riceanu \u00eencearc\u0103 s\u0103 revin\u0103 \u00een partid. F\u0103r\u0103 succes \u00eens\u0103. <\/span>\u00cencurajat de partenerii din fosta alian\u0163\u0103 USL, C\u0103lin Popescu T\u0103riceanu lanseaz\u0103 Partidul Liberal Reformator \u015fi anun\u0163\u0103 c\u0103 va intra \u00een cursa c\u0103tre Cotroceni. A ob\u0163inut 5,36 la sut\u0103 din voturi, clas\u00e2ndu-se pe locul al treilea, iar \u00een turul al doilea l-a sus\u021binut pe Victor Ponta.<\/p>\n<p data-index=\"3\">\u201eCred c\u0103 dorin\u021ba (de a candida la pre\u0219edin\u021bie \u2013 n.r.) \u0219i-0 men\u021bine. Cu ce \u0219anse, nu \u0219tiu, at\u00e2t timop c\u00e2t va r\u0103m\u00e2ne cu \u0219tampila de om care lupt\u0103 \u00eempotriva abuzurilor, dar care le practic\u0103\u201d, a declarat Daniel Constantin, la Digi24.<\/p>\n<p data-index=\"4\"><span lang=\"ro-RO\">\u00centrebat dac\u0103 PSD \u00eel va sus\u021bine pe T\u0103riceanu sau va avea propriul candidat, Daniel Constantin spune c\u0103 sigur PSD va avea propriul candidat, dar a men\u021bionat un plan pe care l-ar fi spus \u00eentr-o \u0219edin\u021b\u0103 \u201eT\u0103riceanu \u0219i colegii lui\u201d. <\/span><\/p>\n<p data-index=\"5\"><span lang=\"ro-RO\">Planul ar putea fi acela ca, \u00eentr-o perioad\u0103 de timp, s\u0103 ias\u0103 de la guvernare, dac\u0103 nu ob\u021bin acord pentru candidatura la Pre\u0219edin\u021bie \u0219i s\u0103 construiasc\u0103 o platform\u0103 care s\u0103-i propulseze, a detaliat Daniel Constantin. \u201eE un calcul legitim, dar care nu \u0219tiu cum poate fi v\u0103zut \u00eentr-o rela\u021bie pe care \u021bi-o dore\u0219ti. Eu \u00eemi doream o rela\u021bie de patru ani, ca s\u0103 implement\u0103m un program de guvernare, nu s\u0103 ne atingem obiective personale \u0219i apoi s\u0103 ie\u0219im\u201d, a spus fostul copre\u0219edinte ALDE.<\/span><\/p>\n<\/div>\n<p> Source URL: https:\/\/www.digi24.ro\/stiri\/actualitate\/politica\/daniel-constantin-despre-planul-lui-tariceanu-de-a-candida-la-presedintie-705776<\/p>\n","protected":false},"excerpt":{"rendered":"<p>Daniel Constantin crede c\u0103 \u0219eful ALDE, C\u0103lin Popescu-T\u0103riceanu, \u00ee\u0219i dore\u0219te s\u0103 candideze la pre\u0219edin\u021bia \u021b\u0103rii \u0219i pentru aceasta e dispus s\u0103 ias\u0103 de la guvernare, la momentul potrivit. C\u0103lin Popescu-T\u0103riceanu a candidat la alegerile preziden\u021biale din 2014. Dup\u0103 alegerile europarlamentare din mai 2014, Crin Antonescu \u00ee\u015fi depune mandatul de pre\u015fedinte al PNL, iar Popescu T\u0103riceanu [&hellip;]<\/p>\n","protected":false},"author":1,"featured_media":142625,"comment_status":"open","ping_status":"","sticky":false,"template":"","format":"standard","meta":{"footnotes":""},"categories":[2],"tags":[11],"class_list":["post-142624","post","type-post","status-publish","format-standard","has-post-thumbnail","hentry","category-politics","tag-digi24"],"_links":{"self":[{"href":"https:\/\/analyse.optim.biz\/index.php?rest_route=\/wp\/v2\/posts\/142624","targetHints":{"allow":["GET"]}}],"collection":[{"href":"https:\/\/analyse.optim.biz\/index.php?rest_route=\/wp\/v2\/posts"}],"about":[{"href":"https:\/\/analyse.optim.biz\/index.php?rest_route=\/wp\/v2\/types\/post"}],"author":[{"embeddable":true,"href":"https:\/\/analyse.optim.biz\/index.php?rest_route=\/wp\/v2\/users\/1"}],"replies":[{"embeddable":true,"href":"https:\/\/analyse.optim.biz\/index.php?rest_route=%2Fwp%2Fv2%2Fcomments&post=142624"}],"version-history":[{"count":0,"href":"https:\/\/analyse.optim.biz\/index.php?rest_route=\/wp\/v2\/posts\/142624\/revisions"}],"wp:featuredmedia":[{"embeddable":true,"href":"https:\/\/analyse.optim.biz\/index.php?rest_route=\/wp\/v2\/media\/142625"}],"wp:attachment":[{"href":"https:\/\/analyse.optim.biz\/index.php?rest_route=%2Fwp%2Fv2%2Fmedia&parent=142624"}],"wp:term":[{"taxonomy":"category","embeddable":true,"href":"https:\/\/analyse.optim.biz\/index.php?rest_route=%2Fwp%2Fv2%2Fcategories&post=142624"},{"taxonomy":"post_tag","embeddable":true,"href":"https:\/\/analyse.optim.biz\/index.php?rest_route=%2Fwp%2Fv2%2Ftags&post=142624"}],"curies":[{"name":"wp","href":"https:\/\/api.w.org\/{rel}","templated":true}]}}