{"id":142613,"date":"2017-04-13T08:46:33","date_gmt":"2017-04-13T05:46:33","guid":{"rendered":"https:\/\/analyse.optim.biz\/?p=142613"},"modified":"2017-04-13T08:46:33","modified_gmt":"2017-04-13T05:46:33","slug":"marea-problema-a-parlamentarilor-lifturile","status":"publish","type":"post","link":"https:\/\/analyse.optim.biz\/?p=142613","title":{"rendered":"Marea problem\u0103 a parlamentarilor: lifturile"},"content":{"rendered":"<div class=\"entry data-app-meta data-app-meta-article\" data-embed-base-url-canonical=\"https:\/\/www.digi24.ro\/embed\/stiri\/actualitate\/politica\/marea-problema-a-parlamentarilor-lifturile-705855\">\n<p data-index=\"1\"><strong>Lifturile din Casa Poporului le fac necazuri ale\u015filor. De la \u00eenceputul anului, parlamentarii \u00eencearc\u0103 s\u0103 g\u0103seasc\u0103 solu\u0163ii ca s\u0103 nu mai piard\u0103 minute \u00een \u015fir \u00een fa\u0163a u\u015filor \u00eenchise. Una dintre variante ar fi ca departamentele s\u0103 \u00eenceap\u0103 activitatea la ore diferite, astfel \u00eenc\u00e2t s\u0103 nu mai fie suprasolicitate ascensoarele.<\/strong><\/p>\n<p data-index=\"2\">90 de minute pe s\u0103pt\u0103m\u00e2n\u0103. 6 ore pe lun\u0103. At\u00e2t sus\u0163in ale\u015fii c\u0103 petrec \u00een fa\u0163a liftului.<\/p>\n<p data-index=\"3\"><em>Deputatul Valeriu Steriu: O bun\u0103 parte a mandatului o petrecem a\u015ftept\u00e2nd liftul. Aici se fac legi, se discut\u0103, socializ\u0103ri, se cunosc oamenii, dar nu ar trebui s\u0103 fie a\u015fa.<\/em><\/p>\n<p data-index=\"4\"><em>Reporterul Digi24: Dup\u0103 cinci minute liftul a sosit.<\/em><\/p>\n<p data-index=\"5\"><em>Deputatul Valeriu Steriu: Am ajuns la Biroul Permanent. Da. Cred c\u0103 au trecut 8, 10 minute.<\/em><\/p>\n<p data-index=\"6\"><span lang=\"ro-RO\">Deputatul PMP Valeriu Steriu a ridicat problema \u00een mai multe \u015fedin\u0163e ale conducerii Parlamentului. \u015ei atrage aten\u0163ia c\u0103 sunt lifturi nefolosite, pentru c\u0103 nu au toate avizele necesare. <\/span><\/p>\n<p data-index=\"7\"><em>\u201e<\/em><span lang=\"ro-RO\"><em>Se fac \u015fi transporturile de alimente, ceea ce face de multe ori s\u0103 fim \u00een situa\u0163ii absolut hazlii: avem parlamentari, \u00eempreun\u0103 cu func\u0163ionari, care se strecoar\u0103 pe l\u00e2ng\u0103 o tac\u0103 mare unde sunt ciorbele mirosind \u00een lift<\/em>\u201d, a explicat deputatul. <\/span><\/p>\n<p data-index=\"8\"><em>\u201e<\/em><span lang=\"ro-RO\"><em>Trebuie schimbate aceste lifturi \u015fi f\u0103cute lifturi mai bune\u201d<\/em>, a ad\u0103ugat deputatul PNL Eugen Nicol\u0103escu.<\/span><\/p>\n<p data-index=\"9\">Cum parlamentarii nu-\u015fi pot schimba programul, se g\u00e2ndesc s\u0103 modifice programul departamentelor, astfel \u00eenc\u00e2t s\u0103 nu mai fie aglomera\u0163ie la ascensoare.<\/p>\n<p data-index=\"10\"><em>\u201e<\/em><span lang=\"ro-RO\"><em>La doar c\u00e2\u0163iva pa\u015fi de intrarea \u00een plenul Camerei Deputa\u0163ilor sunt dou\u0103 lifturi de o parte \u015fi \u00eenc\u0103 unul, mai mare, de cealalt\u0103. \u00cen total, s\u0103 \u015fti\u0163i, \u00een administrarea Camerei Deputa\u0163ilor \u015fi Senatului sunt 32 de astfel de ascensoare. Ele sunt folosite, \u00eens\u0103, de peste 450 de parlamentari, dar \u015fi de o mie \u015fi ceva de func\u0163ionari. Mul\u0163i se pl\u00e2ng c\u0103 petrec prea mult timp a\u015ftept\u00e2nd s\u0103 vin\u0103 liftul\u201d,<\/em> a relatat reporterul Digi24 Arina Delcea. <\/span><\/p>\n<p data-index=\"11\">Sunt \u015fi parlamentari care s-au adaptat \u015fi nu mai apeleaz\u0103 la lift.<\/p>\n<p data-index=\"12\"><em>\u201e<\/em><span lang=\"ro-RO\"><em>C\u00e2nd v\u0103d c\u0103 nu vine liftul sau a plecat \u00eentr-un sens opus, eu, de obicei, aleg s\u0103 merg pe sc\u0103ri\u201d<\/em>, a spus deputatul UDMR Marton Arpad. <\/span><\/p>\n<p data-index=\"13\"><em>\u201eEu merg pe sc\u0103ri. Plenul e la trei nivele \u015fi e o plimbare natural, normal\u0103. \u015ei \u00eencerc\u0103m s\u0103 ne men\u0163inem \u015fi condi\u0163ia fizic\u0103\u201d,<\/em> a precizat deputatul USR Dan Barna.<\/p>\n<p data-index=\"14\"><span lang=\"ro-RO\">Departamentul tehnic al Camerei Deputa\u0163ilor recunoa\u015fte c\u0103 sunt intervale orare c\u00e2nd se creeaz\u0103 aglomera\u0163ie a\u015fa c\u0103 a programat lifturile s\u0103 recep\u0163ioneze cu prioritatea anumite comenzi, \u00een func\u0163ie de nevoile celor care le folosesc.<\/span><\/p>\n<p data-index=\"15\"><em>\u201e<\/em><span lang=\"ro-RO\"><em>Este acest volum foarte mare de timp pierdut care parc\u0103 te \u00eembie s\u0103 la\u015fi pe m\u00e2ine ceeea ce ar trebui s\u0103 faci ast\u0103zi, dec\u00e2t s\u0103 te apuci s\u0103 umbli de la etajul 4 la parter, s\u0103 treci din grupul de la Senat la grupul de la deputa\u0163i, s\u0103 mergi de la o \u015fedin\u0163\u0103 de comisie la alt\u0103 \u015fedin\u0163\u0103 de comisie \u015fi a\u015fa mai departe\u201d,<\/em> a spus \u0219i senatorul USR Mihai Go\u021biu. <\/span><\/p>\n<p data-index=\"16\"><span lang=\"ro-RO\">Reprezentan\u0163ii Senatului spun c\u0103 toate lifturile func\u0163ioneaz\u0103 \u015fi unul dintre ele va fi modernizat anul acesta. <\/span><\/p>\n<\/div>\n<p> Source URL: https:\/\/www.digi24.ro\/stiri\/actualitate\/politica\/marea-problema-a-parlamentarilor-lifturile-705855<\/p>\n","protected":false},"excerpt":{"rendered":"<p>Lifturile din Casa Poporului le fac necazuri ale\u015filor. De la \u00eenceputul anului, parlamentarii \u00eencearc\u0103 s\u0103 g\u0103seasc\u0103 solu\u0163ii ca s\u0103 nu mai piard\u0103 minute \u00een \u015fir \u00een fa\u0163a u\u015filor \u00eenchise. Una dintre variante ar fi ca departamentele s\u0103 \u00eenceap\u0103 activitatea la ore diferite, astfel \u00eenc\u00e2t s\u0103 nu mai fie suprasolicitate ascensoarele. 90 de minute pe s\u0103pt\u0103m\u00e2n\u0103. [&hellip;]<\/p>\n","protected":false},"author":1,"featured_media":142614,"comment_status":"open","ping_status":"","sticky":false,"template":"","format":"standard","meta":{"footnotes":""},"categories":[2],"tags":[11],"class_list":["post-142613","post","type-post","status-publish","format-standard","has-post-thumbnail","hentry","category-politics","tag-digi24"],"_links":{"self":[{"href":"https:\/\/analyse.optim.biz\/index.php?rest_route=\/wp\/v2\/posts\/142613","targetHints":{"allow":["GET"]}}],"collection":[{"href":"https:\/\/analyse.optim.biz\/index.php?rest_route=\/wp\/v2\/posts"}],"about":[{"href":"https:\/\/analyse.optim.biz\/index.php?rest_route=\/wp\/v2\/types\/post"}],"author":[{"embeddable":true,"href":"https:\/\/analyse.optim.biz\/index.php?rest_route=\/wp\/v2\/users\/1"}],"replies":[{"embeddable":true,"href":"https:\/\/analyse.optim.biz\/index.php?rest_route=%2Fwp%2Fv2%2Fcomments&post=142613"}],"version-history":[{"count":0,"href":"https:\/\/analyse.optim.biz\/index.php?rest_route=\/wp\/v2\/posts\/142613\/revisions"}],"wp:featuredmedia":[{"embeddable":true,"href":"https:\/\/analyse.optim.biz\/index.php?rest_route=\/wp\/v2\/media\/142614"}],"wp:attachment":[{"href":"https:\/\/analyse.optim.biz\/index.php?rest_route=%2Fwp%2Fv2%2Fmedia&parent=142613"}],"wp:term":[{"taxonomy":"category","embeddable":true,"href":"https:\/\/analyse.optim.biz\/index.php?rest_route=%2Fwp%2Fv2%2Fcategories&post=142613"},{"taxonomy":"post_tag","embeddable":true,"href":"https:\/\/analyse.optim.biz\/index.php?rest_route=%2Fwp%2Fv2%2Ftags&post=142613"}],"curies":[{"name":"wp","href":"https:\/\/api.w.org\/{rel}","templated":true}]}}