{"id":142610,"date":"2017-04-20T22:25:06","date_gmt":"2017-04-20T19:25:06","guid":{"rendered":"https:\/\/analyse.optim.biz\/?p=142610"},"modified":"2017-04-20T22:25:06","modified_gmt":"2017-04-20T19:25:06","slug":"dragnea-iritat-de-declaratiile-despre-achizitia-rachetelor-patriot","status":"publish","type":"post","link":"https:\/\/analyse.optim.biz\/?p=142610","title":{"rendered":"Dragnea, iritat de declara\u021biile despre achizi\u021bia rachetelor Patriot"},"content":{"rendered":"<div class=\"entry data-app-meta data-app-meta-article\" data-embed-base-url-canonical=\"https:\/\/www.digi24.ro\/embed\/stiri\/actualitate\/politica\/la-loc-comanda-dragnea-iritat-de-achizitia-rachetelor-patriot-709915\">\n<p data-index=\"1\"><strong>Pre\u015fedintele PSD, Liviu Dragnea, a declarat, joi, c\u0103 nu i-a pl\u0103cut afirma\u0163ia \u015fefului Statului Major General, Nicolae Ciuc\u0103, potrivit c\u0103reia <a href=\"https:\/\/www.digi24.ro\/stiri\/actualitate\/romania-cumpara-rachete-patriot-709532\" target=\"_blank\" data-skip-linkfix=\"1\" rel=\"noopener\">Rom\u00e2nia are \u00een plan achizi\u0163ionarea de rachete Patriot<\/a>, a\u015ftept\u00e2ndu-se de la general la \u201efoarte mult\u0103 rigoare\u201d, av\u00e2nd \u00een vedere func\u0163ia pe care o de\u0163ine, \u015fi a explicat c\u0103 nu au fost \u00eenc\u0103 finalizate procedurile parlamentare.<\/strong><\/p>\n<p data-index=\"2\"><img loading=\"lazy\" decoding=\"async\" class=\"alignnone size-full wp-image-709917\" src=\"https:\/\/analyse.optim.biz\/wp-content\/uploads\/2024\/09\/c2g9yzfmodhimzy2zgvhyze4mtdkzgfinzllyzg4mdrimdq-thumb_-1.jpg\" alt=\"dragnea\" width=\"753\" height=\"514\" data-skip-htmlfix=\"1\" title=\"c2g9yzfmodhimzy2zgvhyze4mtdkzgfinzllyzg4mdrimdq-thumb_-1\"><\/p>\n<p data-index=\"3\"><strong>\u201eCe nu mi-a pl\u0103cut ast\u0103zi (joi &#8211; n.r.) a fost declara\u0163ia, nu \u015ftiu dac\u0103 a fost ast\u0103zi sau ieri, declara\u0163ia \u015fefului Statului Major (generalul Nicolae Ciuc\u0103 &#8211; n.r.) care a anun\u0163at deja c\u0103 va achizi\u0163iona rachete Patriot. P\u0103i au finalizat procedurile? Nu e bine s\u0103 a\u015ftept derularea procedurilor totu\u015fi? E \u015feful Statului Major \u015fi m\u0103 a\u015ftept la foarte mult\u0103 rigoare. Poate \u015fi ministrul Ap\u0103r\u0103rii se g\u00e2nde\u015fte la asta tot timpul acolo, prin minister. Mai pu\u0163ine declara\u0163ii \u015fi mai mult\u0103 ac\u0163iune cred c\u0103 este mai bine\u201d<\/strong>, a precizat Liviu Dragnea.<\/p>\n<p data-index=\"4\">Rom\u00e2nia are \u00een plan achizi\u0163ionarea de rachete Patriot, a anun\u0163at, joi, la Sm\u00e2rdan, \u015feful Statului Major General, generalul Nicolae Ciuc\u0103.<\/p>\n<p data-index=\"5\">Ciuc\u0103 a r\u0103spuns unei \u00eentreb\u0103ri referitoare la planul de achizi\u0163ii al Ministerului Ap\u0103r\u0103rii Na\u0163ionale \u00een acest an.<\/p>\n<p data-index=\"6\">El nu a f\u0103cut preciz\u0103ri legate de num\u0103rul rachetelor care ar urma s\u0103 fie cump\u0103rate, \u015fi nici nu a oferit alte detalii legate de achizi\u0163ie.<\/p>\n<p data-index=\"7\"><strong>\u201eAm trimis recent c\u0103tre ODISI \u015fi sper\u0103m s\u0103 avem un r\u0103spuns c\u00e2t mai cur\u00e2nd pentru bateriile de rachete Patriot \u015fi pentru sistemele HIMARS; au fost deja trimise. \u00cen cur\u00e2nd, vom lua o decizie \u015fi pentru blindatele opt ori opt cel pu\u0163in pentru primele 94, \u00een cur\u00e2nd, \u00een acest an\u201d<\/strong>, a declarat secretarul de stat \u00een MApN, Florin Laz\u0103r Vl\u0103dic\u0103.<\/p>\n<p data-index=\"8\"><em>Sursa: News.ro<\/em><\/p>\n<\/div>\n<p> Source URL: https:\/\/www.digi24.ro\/stiri\/actualitate\/politica\/la-loc-comanda-dragnea-iritat-de-achizitia-rachetelor-patriot-709915<\/p>\n","protected":false},"excerpt":{"rendered":"<p>Pre\u015fedintele PSD, Liviu Dragnea, a declarat, joi, c\u0103 nu i-a pl\u0103cut afirma\u0163ia \u015fefului Statului Major General, Nicolae Ciuc\u0103, potrivit c\u0103reia Rom\u00e2nia are \u00een plan achizi\u0163ionarea de rachete Patriot, a\u015ftept\u00e2ndu-se de la general la \u201efoarte mult\u0103 rigoare\u201d, av\u00e2nd \u00een vedere func\u0163ia pe care o de\u0163ine, \u015fi a explicat c\u0103 nu au fost \u00eenc\u0103 finalizate procedurile parlamentare. [&hellip;]<\/p>\n","protected":false},"author":1,"featured_media":142611,"comment_status":"open","ping_status":"","sticky":false,"template":"","format":"standard","meta":{"footnotes":""},"categories":[2],"tags":[11],"class_list":["post-142610","post","type-post","status-publish","format-standard","has-post-thumbnail","hentry","category-politics","tag-digi24"],"_links":{"self":[{"href":"https:\/\/analyse.optim.biz\/index.php?rest_route=\/wp\/v2\/posts\/142610","targetHints":{"allow":["GET"]}}],"collection":[{"href":"https:\/\/analyse.optim.biz\/index.php?rest_route=\/wp\/v2\/posts"}],"about":[{"href":"https:\/\/analyse.optim.biz\/index.php?rest_route=\/wp\/v2\/types\/post"}],"author":[{"embeddable":true,"href":"https:\/\/analyse.optim.biz\/index.php?rest_route=\/wp\/v2\/users\/1"}],"replies":[{"embeddable":true,"href":"https:\/\/analyse.optim.biz\/index.php?rest_route=%2Fwp%2Fv2%2Fcomments&post=142610"}],"version-history":[{"count":0,"href":"https:\/\/analyse.optim.biz\/index.php?rest_route=\/wp\/v2\/posts\/142610\/revisions"}],"wp:featuredmedia":[{"embeddable":true,"href":"https:\/\/analyse.optim.biz\/index.php?rest_route=\/wp\/v2\/media\/142611"}],"wp:attachment":[{"href":"https:\/\/analyse.optim.biz\/index.php?rest_route=%2Fwp%2Fv2%2Fmedia&parent=142610"}],"wp:term":[{"taxonomy":"category","embeddable":true,"href":"https:\/\/analyse.optim.biz\/index.php?rest_route=%2Fwp%2Fv2%2Fcategories&post=142610"},{"taxonomy":"post_tag","embeddable":true,"href":"https:\/\/analyse.optim.biz\/index.php?rest_route=%2Fwp%2Fv2%2Ftags&post=142610"}],"curies":[{"name":"wp","href":"https:\/\/api.w.org\/{rel}","templated":true}]}}