{"id":142510,"date":"2017-04-23T20:40:25","date_gmt":"2017-04-23T17:40:25","guid":{"rendered":"https:\/\/analyse.optim.biz\/?p=142510"},"modified":"2017-04-23T20:40:25","modified_gmt":"2017-04-23T17:40:25","slug":"alegeri-cu-scandal-la-pnl-spania","status":"publish","type":"post","link":"https:\/\/analyse.optim.biz\/?p=142510","title":{"rendered":"Alegeri cu scandal la PNL Spania"},"content":{"rendered":"<div class=\"entry data-app-meta data-app-meta-article\" data-embed-base-url-canonical=\"https:\/\/www.digi24.ro\/embed\/stiri\/actualitate\/politica\/alegeri-cu-scandal-la-pnl-spania-711268\">\n<p data-index=\"1\"><strong>Alegeri cu scandal \u015fi interven\u0163ia poli\u0163iei, la PNL Spania. Zeci de persoane au reclamat c\u0103, de\u015fi sunt membri ai organiza\u0163iei liberale, nu au fost l\u0103sa\u0163i s\u0103 participe la alegerea noului pre\u015fedinte. Contestatarii spun c\u0103, \u00een acest fel, \u015feful interimar al PNL Spania a vrut s\u0103 se asigure c\u0103 va c\u00e2\u015ftiga f\u0103r\u0103 emo\u0163ii.<\/strong><\/p>\n<p data-index=\"2\"><em>\u201e<\/em><span lang=\"ro-RO\"><em>Am avut parte de un spectacol politic tipic romanesc. Partidul National Liberal filiala Diaspora a organizat alegeri care au fost contestate \u00eenc\u0103 \u00eenainte s\u0103 \u00eenceap\u0103 de un grup numeros de cet\u0103\u021beni rom\u00e2ni veni\u021bi din toat\u0103 Spania care spuneau c\u0103 sunt membri ai PNL \u0219i nu le este permis sa participe la aceste alegeri. La final au fost exclu\u0219i din sala de dezbateri\u201d,<\/em> a relatat corespondentul Digi24 Ciprian B\u0103l\u021boiu. <\/span><\/p>\n<p data-index=\"3\">\u00cen timp ce liberalii care nu au putut intra \u00een sala de \u015fedin\u0163e au r\u0103mas s\u0103 discute cu poli\u0163ia local\u0103, chemat\u0103 s\u0103 aplaneze conflictul, \u00een interior scandalul a continuat.<\/p>\n<p data-index=\"4\"><em>\u201eNu au muncit pentru PNL, au stat ore \u00een \u015fir la cozi \u015fi dumneavoastr\u0103 ce face\u0163i, v\u0103 bate\u0163i joc de ei? S\u0103 v\u0103 fie ru\u015fine, domnule Marius Ioan!\u201d,<\/em> i-a repro\u0219at un aleg\u0103tor pre\u0219edintelui interimar al PNL Diaspora.\u00a0<\/p>\n<p data-index=\"5\">Pre\u015fedintele interimar a fost singurul candidat care a ap\u0103rut \u00een fa\u0163a delega\u0163ilor r\u0103ma\u015fi \u00een sal\u0103, chiar dac\u0103 pe listele de vot ap\u0103rea \u015fi un al doilea nume. Acesta \u00eens\u0103, nu a ap\u0103rut.<\/p>\n<p data-index=\"6\"><span lang=\"ro-RO\">Un vicepre\u015fedinte a contestat num\u0103rul mic de membri r\u0103ma\u015fi s\u0103 voteze. \u00cens\u0103, pre\u015fedintele interimar al PNL Spania, proasp\u0103t uns lider cu drepturi depline, a explicat c\u0103 persoanele care nu au avut acces la \u015fedin\u0163\u0103 \u015fi vot nu sunt, de drept, membri PNL Diaspora, pentru c\u0103 adeziunile lor nu au fost depuse \u015fi la biroul din Spania. <\/span><\/p>\n<p data-index=\"7\"><em>\u201eNoi am \u00eencercat s\u0103 facem aceste alegeri conform statutului \u015fi regulamentului intern al PNL. Sunt unii colegi care nu au \u00een\u0163eles care sunt normele\u201d,<\/em> a expplicat Marius Ioan.<\/p>\n<p data-index=\"8\">Cei care nu au putut participat la \u015fedin\u0163\u0103 vor contesta rezultatul alegerilor.<\/p>\n<\/div>\n<p> Source URL: https:\/\/www.digi24.ro\/stiri\/actualitate\/politica\/alegeri-cu-scandal-la-pnl-spania-711268<\/p>\n","protected":false},"excerpt":{"rendered":"<p>Alegeri cu scandal \u015fi interven\u0163ia poli\u0163iei, la PNL Spania. Zeci de persoane au reclamat c\u0103, de\u015fi sunt membri ai organiza\u0163iei liberale, nu au fost l\u0103sa\u0163i s\u0103 participe la alegerea noului pre\u015fedinte. Contestatarii spun c\u0103, \u00een acest fel, \u015feful interimar al PNL Spania a vrut s\u0103 se asigure c\u0103 va c\u00e2\u015ftiga f\u0103r\u0103 emo\u0163ii. \u201eAm avut parte [&hellip;]<\/p>\n","protected":false},"author":1,"featured_media":142511,"comment_status":"open","ping_status":"","sticky":false,"template":"","format":"standard","meta":{"footnotes":""},"categories":[2],"tags":[11],"class_list":["post-142510","post","type-post","status-publish","format-standard","has-post-thumbnail","hentry","category-politics","tag-digi24"],"_links":{"self":[{"href":"https:\/\/analyse.optim.biz\/index.php?rest_route=\/wp\/v2\/posts\/142510","targetHints":{"allow":["GET"]}}],"collection":[{"href":"https:\/\/analyse.optim.biz\/index.php?rest_route=\/wp\/v2\/posts"}],"about":[{"href":"https:\/\/analyse.optim.biz\/index.php?rest_route=\/wp\/v2\/types\/post"}],"author":[{"embeddable":true,"href":"https:\/\/analyse.optim.biz\/index.php?rest_route=\/wp\/v2\/users\/1"}],"replies":[{"embeddable":true,"href":"https:\/\/analyse.optim.biz\/index.php?rest_route=%2Fwp%2Fv2%2Fcomments&post=142510"}],"version-history":[{"count":0,"href":"https:\/\/analyse.optim.biz\/index.php?rest_route=\/wp\/v2\/posts\/142510\/revisions"}],"wp:featuredmedia":[{"embeddable":true,"href":"https:\/\/analyse.optim.biz\/index.php?rest_route=\/wp\/v2\/media\/142511"}],"wp:attachment":[{"href":"https:\/\/analyse.optim.biz\/index.php?rest_route=%2Fwp%2Fv2%2Fmedia&parent=142510"}],"wp:term":[{"taxonomy":"category","embeddable":true,"href":"https:\/\/analyse.optim.biz\/index.php?rest_route=%2Fwp%2Fv2%2Fcategories&post=142510"},{"taxonomy":"post_tag","embeddable":true,"href":"https:\/\/analyse.optim.biz\/index.php?rest_route=%2Fwp%2Fv2%2Ftags&post=142510"}],"curies":[{"name":"wp","href":"https:\/\/api.w.org\/{rel}","templated":true}]}}