{"id":142506,"date":"2017-04-23T23:43:42","date_gmt":"2017-04-23T20:43:42","guid":{"rendered":"https:\/\/analyse.optim.biz\/?p=142506"},"modified":"2017-04-23T23:43:42","modified_gmt":"2017-04-23T20:43:42","slug":"dragnea-nu-e-fericit-ca-l-a-sustinut-pe-tudorel-toader","status":"publish","type":"post","link":"https:\/\/analyse.optim.biz\/?p=142506","title":{"rendered":"Dragnea nu e \u201efericit\u201d c\u0103 l-a sus\u021binut pe Tudorel Toader"},"content":{"rendered":"<div class=\"entry data-app-meta data-app-meta-article\" data-embed-base-url-canonical=\"https:\/\/www.digi24.ro\/embed\/stiri\/actualitate\/politica\/dragnea-nu-e-fericit-ca-l-a-sustinut-pe-tudorel-toader-sunt-si-alti-ministri-de-care-e-nemultumit-711345\">\n<div class=\"container-main\">\n<article class=\"article-entry\">\n<header class=\"article-header\">\n<p data-index=\"1\"><strong>Pre\u015fedintele PSD, Liviu Dragnea, \u0219i-a exprimat din nou, deschis, nemul\u021bumirea fa\u021b\u0103 de ministrul justi\u021biei, Tudorel Toader, \u0219i spune c\u0103 mai sunt \u0219i al\u021bi mini\u0219tri ai Cabinetului Grindeanu fa\u021b\u0103 de care are \u201erezerve\u201d.<\/strong><\/p>\n<figure class=\"article-thumb\"><img decoding=\"async\" src=\"https:\/\/analyse.optim.biz\/wp-content\/uploads\/2024\/09\/dz04mdamemm9mszoyxnopte4ywi0yjvlzgfkztvmmgfimwu1ywmyztuznzrkzdi4-thumb_-1.jpg\" alt=\"dragnea grindeanu\" data-skip-htmlfix=\"1\" title=\"dz04mdamemm9mszoyxnopte4ywi0yjvlzgfkztvmmgfimwu1ywmyztuznzrkzdi4-thumb_-1\"><figcaption> Foto: Agerpres <\/figcaption><\/figure>\n<p data-index=\"2\">Dragnea l-a criticat din nou pe ministrul Justi\u0163iei c\u0103 a \u00eent\u00e2rziat proiectul privind modificarea Codurilor penale, puse \u00een dezbatere public\u0103 abia s\u0103pt\u0103m\u00e2na trecut\u0103. \u201eEu sunt nemul\u0163umit pentru c\u0103 faptul c\u0103 a spus c\u0103 a doua zi \u00eel pune pe site-ul ministerului \u015fi au trecut trei s\u0103pt\u0103t\u0103m\u00e2ni \u015fi nu l-a pus. S-au pierdut trei s\u0103pt\u0103m\u00e2ni de zile. Colegii din Parlament normal c\u0103 au \u015fi ei sup\u0103r\u0103riile lor pe asta&#8221;, a spus \u015feful PSD, duminic\u0103, la Antena 3. <strong>El a avertizat c\u0103, dac\u0103 ministerul \u00eent\u00e2rzie, ar putea ap\u0103rea ini\u0163iative parlamentare.<\/strong><\/p>\n<p data-index=\"3\">\u201eDac\u0103 se \u00eent\u00e2rzie foarte mult, ini\u0163iative legislative pot apare (sic! &#8211; n.r.) \u015fi \u00een Parlament. Parlamentul, \u00een acest an, \u00eenc\u0103 mai are dreptul s\u0103 legifereze. (&#8230;) Unii func\u0163ionari din statul rom\u00e2n (&#8230;) critic\u0103 Parlamentul atunci c\u00e2nd Parlamentul vrea s\u0103 legifereze&#8221;, a spus Dragnea, citat de News.ro.<\/p>\n<p data-index=\"4\">\u00centrebat dac\u0103 regret\u0103 faptul c\u0103 l-a sus\u0163inut pe Tudorel Toader pentru a fi ministru, Dragnea a r\u0103spuns: \u201eNu pot s\u0103 spun c\u0103 regret, dar nici nu pot s\u0103 spun c\u0103 sunt foarte fericit\u201d.<\/p>\n<p data-index=\"5\">Liderul PSD a afirmat c\u0103 are nemul\u0163umiri \u015fi fa\u0163\u0103 de al\u0163i mini\u015ftri. \u00centrebat dac\u0103 este vorba despre mai mult de doi, cu referire la <strong>Tudorel Toader \u015fi Viorel \u015etefan<\/strong>, pe care Dragnea l-a criticat recent, social-democratul <strong>a confirmat<\/strong>. \u201e<strong>Din p\u0103cate, mai mul\u0163i de doi. Nu sunt mini\u015ftri r\u0103i, dar eu am spus \u00eenainte de alegeri (&#8230;) c\u0103 acest program de guvernare este foarte riguros \u015fi cu care nu po\u0163i s\u0103 te joci\u201d<\/strong>, a spus el.<img decoding=\"async\" src=\"https:\/\/analyse.optim.biz\/wp-content\/uploads\/2024\/09\/yzdimtfhntvinduxzdhly2jkmmzhyzi0ztq.gif\" alt=\"viewscnt\" data-id=\"16921921\" data-skip-htmlfix=\"1\" title=\"yzdimtfhntvinduxzdhly2jkmmzhyzi0ztq\"><\/p>\n<p data-index=\"6\"><strong>Citi\u0163i \u015fi analiza lui Dan Turturic\u0103: <a href=\"https:\/\/www.digi24.ro\/opinii\/dragnea-pierde-controlul-710474\" target=\"_blank\" data-skip-linkfix=\"1\" rel=\"noopener\">Dragnea pierde controlul<\/a><\/strong><\/p>\n<\/header>\n<\/article>\n<\/div>\n<\/div>\n<p> Source URL: https:\/\/www.digi24.ro\/stiri\/actualitate\/politica\/dragnea-nu-e-fericit-ca-l-a-sustinut-pe-tudorel-toader-sunt-si-alti-ministri-de-care-e-nemultumit-711345<\/p>\n","protected":false},"excerpt":{"rendered":"<p>Pre\u015fedintele PSD, Liviu Dragnea, \u0219i-a exprimat din nou, deschis, nemul\u021bumirea fa\u021b\u0103 de ministrul justi\u021biei, Tudorel Toader, \u0219i spune c\u0103 mai sunt \u0219i al\u021bi mini\u0219tri ai Cabinetului Grindeanu fa\u021b\u0103 de care are \u201erezerve\u201d. Foto: Agerpres Dragnea l-a criticat din nou pe ministrul Justi\u0163iei c\u0103 a \u00eent\u00e2rziat proiectul privind modificarea Codurilor penale, puse \u00een dezbatere public\u0103 abia [&hellip;]<\/p>\n","protected":false},"author":1,"featured_media":142507,"comment_status":"open","ping_status":"","sticky":false,"template":"","format":"standard","meta":{"footnotes":""},"categories":[2],"tags":[11],"class_list":["post-142506","post","type-post","status-publish","format-standard","has-post-thumbnail","hentry","category-politics","tag-digi24"],"_links":{"self":[{"href":"https:\/\/analyse.optim.biz\/index.php?rest_route=\/wp\/v2\/posts\/142506","targetHints":{"allow":["GET"]}}],"collection":[{"href":"https:\/\/analyse.optim.biz\/index.php?rest_route=\/wp\/v2\/posts"}],"about":[{"href":"https:\/\/analyse.optim.biz\/index.php?rest_route=\/wp\/v2\/types\/post"}],"author":[{"embeddable":true,"href":"https:\/\/analyse.optim.biz\/index.php?rest_route=\/wp\/v2\/users\/1"}],"replies":[{"embeddable":true,"href":"https:\/\/analyse.optim.biz\/index.php?rest_route=%2Fwp%2Fv2%2Fcomments&post=142506"}],"version-history":[{"count":0,"href":"https:\/\/analyse.optim.biz\/index.php?rest_route=\/wp\/v2\/posts\/142506\/revisions"}],"wp:featuredmedia":[{"embeddable":true,"href":"https:\/\/analyse.optim.biz\/index.php?rest_route=\/wp\/v2\/media\/142507"}],"wp:attachment":[{"href":"https:\/\/analyse.optim.biz\/index.php?rest_route=%2Fwp%2Fv2%2Fmedia&parent=142506"}],"wp:term":[{"taxonomy":"category","embeddable":true,"href":"https:\/\/analyse.optim.biz\/index.php?rest_route=%2Fwp%2Fv2%2Fcategories&post=142506"},{"taxonomy":"post_tag","embeddable":true,"href":"https:\/\/analyse.optim.biz\/index.php?rest_route=%2Fwp%2Fv2%2Ftags&post=142506"}],"curies":[{"name":"wp","href":"https:\/\/api.w.org\/{rel}","templated":true}]}}