{"id":142310,"date":"2017-04-21T09:20:13","date_gmt":"2017-04-21T06:20:13","guid":{"rendered":"https:\/\/analyse.optim.biz\/?p=142310"},"modified":"2017-04-21T09:20:13","modified_gmt":"2017-04-21T06:20:13","slug":"exclusiv-replica-lui-timmermans-pentru-tariceanu","status":"publish","type":"post","link":"https:\/\/analyse.optim.biz\/?p=142310","title":{"rendered":"Exclusiv. Replica lui Timmermans pentru T\u0103riceanu"},"content":{"rendered":"<div class=\"entry data-app-meta data-app-meta-article\" data-embed-base-url-canonical=\"https:\/\/www.digi24.ro\/embed\/stiri\/actualitate\/politica\/exclusiv-replica-lui-timmermans-pentru-tariceanu-710090\">\n<p data-index=\"1\">Structurile care se ocup\u0103 de lupta anticorup\u0163ie \u015fi de ap\u0103rarea statului de drept func\u0163ioneaz\u0103 bine \u00een Rom\u00e2nia, spune prim-vicepre\u015fedintele Comisiei Europene, Frans Timmermans. \u00centr-un interviu \u00een exclusivitate pentru Digi24, oficialul european \u00eei d\u0103, astfel, o replic\u0103 pre\u015fedintelui Senatului. C\u0103lin Popescu T\u0103riceanu s-a pl\u00e2ns, \u00een \u00eent\u00e2lnirea num\u0103rul doi \u00een Comisia European\u0103, c\u0103 \u00een Rom\u00e2nia au ap\u0103rut sistemele paralele de putere, care au ajuns s\u0103 ia decizii politice \u00een locul institu\u0163iilor alese democratic. Interviul cu Frans Timmermans va fi difuzat integral ast\u0103zi, la Digi24, la emisiunea 24\/7.<\/p>\n<p data-index=\"2\"><em>\u201eDin c\u00e2te putem noi s\u0103 vedem, structurile create pentru lupta anticorup\u0163ie \u015fi pentru ap\u0103rarea statului de drept func\u0163ioneaz\u0103 bine \u00een Rom\u00e2nia. De vreme ce pre\u015fedintele Senatului a f\u0103cut aceast\u0103 declara\u0163ie, vom analiza din nou situa\u0163ia cu aten\u0163ie \u015fi \u00eei vom asculta comentariile. Dac\u0103 va avea ni\u015fte elemente mai concrete, le vom asculta \u015fi analiza \u015fi pe acestea. Dar noi facem o analiz\u0103 impar\u0163ial\u0103 a situa\u0163iei \u015fi trebuie s\u0103 spun c\u0103, deocamdat\u0103, Rom\u00e2nia a avut succese uria\u015fe \u00een lupta \u00eempotriva corup\u0163iei sistemice\u201d<\/em>, a spus \u00a0prim-vicepre\u0219edintele Comisiei Europene.<\/p>\n<p data-index=\"3\">Declara\u021bia lui Frans Timmermans vine dup\u0103 ce pre\u0219edintele Senatului i-a spus c\u0103 \u00een Rom\u00e2nia exist\u0103 un \u201esistem paralel de putere care ia deciziile politice\u201d.<\/p>\n<p data-index=\"4\"><em>\u201e<\/em><span lang=\"ro-RO\"><em>Fi\u0163i f\u0103r\u0103 grij\u0103, nu am evitat acest subiect. I-am spus c\u0103 \u00een Rom\u00e2nia, \u00een contextul \u00een care toat\u0103 aten\u0163ia a fost \u00eendreptat\u0103 c\u0103tre combaterea corup\u0163iei, s-a creat un sistem paralel de putere pe care azi \u00eel vedem ie\u015find la suprafa\u0163\u0103. Un sistem pe care la un moment dat l-am numit ocult, dar azi nu mai e ocult, pentru c\u0103 \u00eel vedem clar din cine este compus \u015fi care a ajuns s\u0103 ia deciziile politice \u00een Rom\u00e2nia \u00een locul institu\u0163iilor democratice \u015fi legitim alese de cet\u0103\u0163eni\u201d,<\/em> a spus C\u0103lin Popescu T\u0103riceanu.<\/span><\/p>\n<p data-index=\"5\"><a href=\"https:\/\/www.digi24.ro\/stiri\/actualitate\/politica\/parlamentul-a-decis-alegerile-din-2009-vor-fi-anchetate-709582\" target=\"_blank\" data-skip-linkfix=\"1\" rel=\"noopener\">Frans Timmermans a venit, joi, \u00eentr-o vizit\u0103 oficial\u0103, \u00een Rom\u00e2nia<\/a>. Oficialul european a avut programate \u00eent\u00e2lniri cu pre\u0219edintele Senatului, C\u0103lin Popescu-T\u0103riceanu, \u0219i cu pre\u0219edintele Camerei Deputa\u021bilor, Liviu Dragnea. La finalul zilei, prim-vicepre\u0219edintele Comisiei Europene a stat de vorb\u0103 cu cet\u0103\u021benii, la Muzeul Na\u021bional de Art\u0103.\u00a0<\/p>\n<\/div>\n<p> Source URL: https:\/\/www.digi24.ro\/stiri\/actualitate\/politica\/exclusiv-replica-lui-timmermans-pentru-tariceanu-710090<\/p>\n","protected":false},"excerpt":{"rendered":"<p>Structurile care se ocup\u0103 de lupta anticorup\u0163ie \u015fi de ap\u0103rarea statului de drept func\u0163ioneaz\u0103 bine \u00een Rom\u00e2nia, spune prim-vicepre\u015fedintele Comisiei Europene, Frans Timmermans. \u00centr-un interviu \u00een exclusivitate pentru Digi24, oficialul european \u00eei d\u0103, astfel, o replic\u0103 pre\u015fedintelui Senatului. C\u0103lin Popescu T\u0103riceanu s-a pl\u00e2ns, \u00een \u00eent\u00e2lnirea num\u0103rul doi \u00een Comisia European\u0103, c\u0103 \u00een Rom\u00e2nia au ap\u0103rut [&hellip;]<\/p>\n","protected":false},"author":1,"featured_media":142311,"comment_status":"open","ping_status":"","sticky":false,"template":"","format":"standard","meta":{"footnotes":""},"categories":[2],"tags":[11],"class_list":["post-142310","post","type-post","status-publish","format-standard","has-post-thumbnail","hentry","category-politics","tag-digi24"],"_links":{"self":[{"href":"https:\/\/analyse.optim.biz\/index.php?rest_route=\/wp\/v2\/posts\/142310","targetHints":{"allow":["GET"]}}],"collection":[{"href":"https:\/\/analyse.optim.biz\/index.php?rest_route=\/wp\/v2\/posts"}],"about":[{"href":"https:\/\/analyse.optim.biz\/index.php?rest_route=\/wp\/v2\/types\/post"}],"author":[{"embeddable":true,"href":"https:\/\/analyse.optim.biz\/index.php?rest_route=\/wp\/v2\/users\/1"}],"replies":[{"embeddable":true,"href":"https:\/\/analyse.optim.biz\/index.php?rest_route=%2Fwp%2Fv2%2Fcomments&post=142310"}],"version-history":[{"count":0,"href":"https:\/\/analyse.optim.biz\/index.php?rest_route=\/wp\/v2\/posts\/142310\/revisions"}],"wp:featuredmedia":[{"embeddable":true,"href":"https:\/\/analyse.optim.biz\/index.php?rest_route=\/wp\/v2\/media\/142311"}],"wp:attachment":[{"href":"https:\/\/analyse.optim.biz\/index.php?rest_route=%2Fwp%2Fv2%2Fmedia&parent=142310"}],"wp:term":[{"taxonomy":"category","embeddable":true,"href":"https:\/\/analyse.optim.biz\/index.php?rest_route=%2Fwp%2Fv2%2Fcategories&post=142310"},{"taxonomy":"post_tag","embeddable":true,"href":"https:\/\/analyse.optim.biz\/index.php?rest_route=%2Fwp%2Fv2%2Ftags&post=142310"}],"curies":[{"name":"wp","href":"https:\/\/api.w.org\/{rel}","templated":true}]}}