{"id":142207,"date":"2017-04-29T08:19:18","date_gmt":"2017-04-29T05:19:18","guid":{"rendered":"https:\/\/analyse.optim.biz\/?p=142207"},"modified":"2017-04-29T08:19:18","modified_gmt":"2017-04-29T05:19:18","slug":"klaus-iohannis-discutii-despre-soarta-romanilor-din-marea-britanie","status":"publish","type":"post","link":"https:\/\/analyse.optim.biz\/?p=142207","title":{"rendered":"Klaus Iohannis, discu\u021bii despre soarta rom\u00e2nilor din Marea Britanie"},"content":{"rendered":"<div class=\"entry data-app-meta data-app-meta-article\" data-embed-base-url-canonical=\"https:\/\/www.digi24.ro\/embed\/stiri\/actualitate\/politica\/klaus-iohannis-discutii-despre-soarta-romanilor-din-marea-britanie-714789\">\n<p data-index=\"1\"><strong>Drepturile \u015fi interesele rom\u00e2nilor care tr\u0103iesc \u015fi muncesc \u00een Marea Britanie sunt prioritare pentru Rom\u00e2nia. Acesta este mesajul pe care pre\u015fedintele Klaus Iohannis \u00eel va transmite la Consiliul European ce are loc s\u00e2mb\u0103t\u0103, la Bruxelles. <\/strong><\/p>\n<p data-index=\"2\"><img loading=\"lazy\" decoding=\"async\" class=\"alignnone size-full wp-image-694957\" src=\"https:\/\/analyse.optim.biz\/wp-content\/uploads\/2024\/09\/odawjmhhc2g9ntrmywu1otq3ymzkn2q2njayotfjy2fmn2flndaynju-thumb_.jpg\" alt=\"Klaus Iohannis, receptie - presidency.ro 2\" width=\"3777\" height=\"2513\" data-skip-htmlfix=\"1\" title=\"odawjmhhc2g9ntrmywu1otq3ymzkn2q2njayotfjy2fmn2flndaynju-thumb_\"><\/p>\n<p data-index=\"3\">Printre principalele elemente pe care le va sus\u0163ine pre\u015fedintele Klaus Iohannis la reuniunea de la Bruxelles dedicat\u0103 Brexit-ului, Administra\u021bia Preziden\u021bial\u0103 a enumerat men\u0163inerea unit\u0103\u0163ii celor 27 de state membre ale UE \u00een procesul de negociere, diminuarea pe c\u00e2t posibil a efectelor negative ale ie\u015firii Marii Britanii din Uniune, men\u0163inerea integrit\u0103\u0163ii pie\u0163ei unice \u015fi asigurarea unui acces egal \u015fi nediscriminatoriu la aceasta pentru companiile \u015fi cet\u0103\u0163enii din toate statele membre, relateaz\u0103 <a href=\"https:\/\/www.news.ro\/\" target=\"_blank\" data-skip-linkfix=\"1\" rel=\"noopener\">News.ro<\/a>.<\/p>\n<p data-index=\"4\">De asemenea, Klaus Iohannis va insista pentru o abordare gradual\u0103 a negocierilor, prima etap\u0103 fiind axat\u0103 pe ajungerea la un acord privind retragerea Marii Britanii din UE, urmat\u0103 apoi de negocieri privind viitorul rela\u0163iilor dintre aceast\u0103 \u0163ar\u0103 \u015fi Uniune.<\/p>\n<p data-index=\"5\">Pre\u0219edintele Rom\u00e2niei va aborda \u00een cursul discu\u0163iilor cu ceilal\u0163i lideri europeni necesitatea p\u0103str\u0103rii unei pie\u0163e unice, astfel \u00eenc\u00e2t firmele \u015fi cet\u0103\u0163enii s\u0103 aib\u0103 acces egal \u015fi nediscriminatoriu la statele europene.<\/p>\n<p data-index=\"6\">Conform programului, Klaus Iohannis va participa la ora 13.30 (ora Rom\u00e2niei) la reuniunea Consiliului European cu pre\u015fedintele Parlamentului European, la ora 14.15 urm\u00e2nd s\u0103 aib\u0103 loc dejunul de lucru al \u015fefilor de stat \u015fi de Guvern. \u00cen jurul orei 16.00 este a\u015fteptat\u0103 conferin\u0163a de pres\u0103 a pre\u015fedintelui Consiliului European Donald Tusk \u015fi a pre\u015fedintelui Comisiei Europene, Jean Claude Juncker.<\/p>\n<p data-index=\"7\">\u00cent\u00e2lnirea \u015fefilor de stat \u015fi de Guvern are drept scop adoptarea principiilor dup\u0103 care UE \u00ee\u015fi va desf\u0103\u015fura negocierile cu Marea Britanie pentru Brexit. Pe agend\u0103 s-ar putea afla \u015fi un subiect care a iritat deja puternic Londra: <a href=\"https:\/\/www.digi24.ro\/stiri\/externe\/ue\/ue-va-discuta-o-aderare-automata-post-brexit-a-unei-irlande-unite-714509\" target=\"_blank\" data-skip-linkfix=\"1\" rel=\"noopener\">eventuala reunificare a Irlandei sub steagul Uniunii Europene<\/a>, \u00een contextul Brexitului.<\/p>\n<\/div>\n<p> Source URL: https:\/\/www.digi24.ro\/stiri\/actualitate\/politica\/klaus-iohannis-discutii-despre-soarta-romanilor-din-marea-britanie-714789<\/p>\n","protected":false},"excerpt":{"rendered":"<p>Drepturile \u015fi interesele rom\u00e2nilor care tr\u0103iesc \u015fi muncesc \u00een Marea Britanie sunt prioritare pentru Rom\u00e2nia. Acesta este mesajul pe care pre\u015fedintele Klaus Iohannis \u00eel va transmite la Consiliul European ce are loc s\u00e2mb\u0103t\u0103, la Bruxelles. Printre principalele elemente pe care le va sus\u0163ine pre\u015fedintele Klaus Iohannis la reuniunea de la Bruxelles dedicat\u0103 Brexit-ului, Administra\u021bia Preziden\u021bial\u0103 [&hellip;]<\/p>\n","protected":false},"author":1,"featured_media":142208,"comment_status":"open","ping_status":"","sticky":false,"template":"","format":"standard","meta":{"footnotes":""},"categories":[2],"tags":[11],"class_list":["post-142207","post","type-post","status-publish","format-standard","has-post-thumbnail","hentry","category-politics","tag-digi24"],"_links":{"self":[{"href":"https:\/\/analyse.optim.biz\/index.php?rest_route=\/wp\/v2\/posts\/142207","targetHints":{"allow":["GET"]}}],"collection":[{"href":"https:\/\/analyse.optim.biz\/index.php?rest_route=\/wp\/v2\/posts"}],"about":[{"href":"https:\/\/analyse.optim.biz\/index.php?rest_route=\/wp\/v2\/types\/post"}],"author":[{"embeddable":true,"href":"https:\/\/analyse.optim.biz\/index.php?rest_route=\/wp\/v2\/users\/1"}],"replies":[{"embeddable":true,"href":"https:\/\/analyse.optim.biz\/index.php?rest_route=%2Fwp%2Fv2%2Fcomments&post=142207"}],"version-history":[{"count":0,"href":"https:\/\/analyse.optim.biz\/index.php?rest_route=\/wp\/v2\/posts\/142207\/revisions"}],"wp:featuredmedia":[{"embeddable":true,"href":"https:\/\/analyse.optim.biz\/index.php?rest_route=\/wp\/v2\/media\/142208"}],"wp:attachment":[{"href":"https:\/\/analyse.optim.biz\/index.php?rest_route=%2Fwp%2Fv2%2Fmedia&parent=142207"}],"wp:term":[{"taxonomy":"category","embeddable":true,"href":"https:\/\/analyse.optim.biz\/index.php?rest_route=%2Fwp%2Fv2%2Fcategories&post=142207"},{"taxonomy":"post_tag","embeddable":true,"href":"https:\/\/analyse.optim.biz\/index.php?rest_route=%2Fwp%2Fv2%2Ftags&post=142207"}],"curies":[{"name":"wp","href":"https:\/\/api.w.org\/{rel}","templated":true}]}}