{"id":142201,"date":"2017-04-29T14:49:34","date_gmt":"2017-04-29T11:49:34","guid":{"rendered":"https:\/\/analyse.optim.biz\/?p=142201"},"modified":"2017-04-29T14:49:34","modified_gmt":"2017-04-29T11:49:34","slug":"basescu-catre-grindeanu-si-lazar-mor-copii-s-a-dezincriminat-abuzul-in-serviciu","status":"publish","type":"post","link":"https:\/\/analyse.optim.biz\/?p=142201","title":{"rendered":"B\u0103sescu c\u0103tre Grindeanu \u0219i Laz\u0103r: Mor copii. S-a dezincriminat abuzul \u00een serviciu?"},"content":{"rendered":"<div class=\"entry data-app-meta data-app-meta-article\" data-embed-base-url-canonical=\"https:\/\/www.digi24.ro\/embed\/stiri\/actualitate\/politica\/basescu-despre-criza-vaccinurilor-mor-copii-nimeni-nu-e-acuzat-de-abuz-in-serviciu-714921\">\n<p data-index=\"1\"><strong>Fostul pre\u015fedinte Traian B\u0103sescu intervine \u00een criza vaccinurilor pentru copii \u015fi sus\u0163ine c\u0103 sunt doar \u201ddeclara\u0163ii idioate ale lui Liviu Dragnea \u015fi ale ministrului S\u0103n\u0103t\u0103\u0163ii\u201d \u00een timp ce ar trebui ca unele persoane s\u0103 fie acuzate de abuz \u00een serviciu pentru lipsa vaccinurilor.<\/strong><\/p>\n<p data-index=\"2\"><img loading=\"lazy\" decoding=\"async\" class=\"alignnone size-full wp-image-714922\" src=\"https:\/\/analyse.optim.biz\/wp-content\/uploads\/2024\/09\/dz04mdamagfzad0yotgzzjg0ytm2zwu4nwmzzwrkmmjhmwnkmzmwzwywna-thumb_.jpg\" alt=\"basescu la digi\" width=\"633\" height=\"372\" data-skip-htmlfix=\"1\" title=\"dz04mdamagfzad0yotgzzjg0ytm2zwu4nwmzzwrkmmjhmwnkmzmwzwywna-thumb_\"><\/p>\n<p data-index=\"3\">\u201dDomnule Sorin Grindeanu, domnule Augustin Laz\u0103r, mor copii, mor, \u00eenainte de vreme, oameni bolnavi de cancer. Oare s-a dezincriminat abuzul \u00een serviciu? (&#8230;) Nimeni nu este acuzat de abuz \u00een serviciu pentru lipsa vaccinurilor pentru copii \u015fi nici pentru lipsa din farmacii a citostaticelor de care depinde via\u0163a celor bolnavi de cancer. Totu\u015fi, domnule Grindeanu, mor copii, mor oameni. Avem, \u00een schimb, parte de declara\u0163ii idioate ale lui Liviu Dragnea \u015fi ale ministrului <span lang=\"en-US\">S<\/span>\u0103n\u0103t\u0103\u0163ii. Sau, poate, abuzul \u00een serviciu, ca sanc\u0163iune penal\u0103, este bun pentru v\u00e2n\u0103toarea selectiv\u0103 \u015fi nu prezint\u0103 niciun fel de interes a fi aplicat acolo unde chiar este cazul\u201d,\u00a0 sus\u0163ine B\u0103sescu, potrivit unei post\u0103ri pe pagina de socializare.<\/p>\n<p class=\"gdpr-placeholder gdpr-social-media gdpr-iframe-fix\" data-index=\"5\"> Setarile tale privind cookie-urile nu permit afisarea continutul din aceasta sectiune. Poti actualiza setarile modulelor coookie direct din browser sau de <a class=\"ot-sdk-show-settings\" data-skip-linkfix=\"1\">aici<\/a> \u2013 e nevoie sa accepti cookie-urile social media<\/p>\n<p data-index=\"6\">Fostul \u015fef al statului sus\u0163ine c\u0103 dreptul la ocrotirea s\u0103n\u0103t\u0103\u0163ii este un drept fundamental, iar omisiunea de a asigura vacinurile pentru copii \u015fi medicamente pentru cei bolnavi de cancer ar fi un abuz \u00een serviciu.<\/p>\n<p data-index=\"7\">\u201dCitez \u00abComisia de la Vene\u0163ia consider\u0103 (c\u0103) prevederile penale na\u0163ionale cu privire la abuzul \u00een serviciu,&#8230;.trebuie interpretate \u00een sens \u00eengust \u015fi aplicate cu un prag \u00eenalt, astfel \u00eenc\u00e2t s\u0103 poat\u0103 fi invocate numai \u00een cazuri \u00een care fapta este de natur\u0103 grav\u0103, cum ar fi spre exemplu: infrac\u0163iuni grave \u00eempotriva proceselor democratice na\u0163ionale, \u00eenc\u0103lcarea drepturilor fundamentale,&#8230;\u015famd.\u00bb\u201d, mai scrie Traian B\u0103sescu care a invocat \u015fi dreptul la ocrotirea s\u0103n\u0103t\u0103\u0163ii prev\u0103zut \u00een Constitu\u0163ie.<\/p>\n<p data-index=\"8\">La r\u00e2ndul s\u0103u, pre\u015fedintele PNL, Raluca Turcan, a afirmat, vineri, \u00eentr-o postare pe Facebook, c\u0103 pozi\u0163ia lui Liviu Dragnea \u00een leg\u0103tur\u0103 cu vaccinarea copiilor \u201deste vecin\u0103 cu crima\u201d, ea viz\u00e2nd declara\u0163ia pre\u015fedintelui PSD potrivit\u0103 c\u0103reia are \u201dfoarte mari rezerve\u201d \u00een leg\u0103tur\u0103 cu obligativitatea vaccin\u0103rii.<\/p>\n<p data-index=\"9\">\u201dAbordarea lui Liviu Dragnea \u00een chestiunea vaccin\u0103rii e vecin\u0103 cu crima. Ace\u015fti inconstien\u0163i conduc Rom\u00e2nia \u00een 2017? O \u0163ar\u0103 \u00eentreag\u0103 ar trebui s\u0103-i r\u0103spund\u0103 c\u0103 nu este vorba doar de asigurarea s\u0103n\u0103t\u0103\u0163ii persoanei, ci de a unor \u00eentregi comunit\u0103\u0163i, \u015fi avem cazul concret al epidemiei de rujeol\u0103. Dar Dragnea nu \u00een\u0163elege nimic din gravitatea situa\u0163iei, acest domn tr\u0103ie\u015fte \u00een Evul Mediu. Constitu\u0163ia Rom\u00e2niei precizeaz\u0103 c\u0103 \u00abstatul este obligat s\u0103 ia m\u0103suri pentru asigurarea igienei \u015fi a s\u0103n\u0103t\u0103\u0163ii publice\u00bb\u201d, \u00a0scris Raluca Turcan.<\/p>\n<p data-index=\"10\">Pre\u015fedintele PSD, Liviu Dragnea, a declarat joi, la Parlament, \u00eentrebat despre proiectul Legii vaccin\u0103rii care a fost pus \u00een dezbatere public\u0103 pe site-ul Ministerului S\u0103n\u0103t\u0103\u0163ii, c\u0103 are \u201efoarte mari\u201d rezerve \u00een ceea ce prive\u015fte obligativitatea vaccin\u0103rii copiilor.<\/p>\n<p data-index=\"11\">\u201eEu am foarte mari rezerve pentru a obliga, pentru a fi o m\u0103sur\u0103 obligatorie. V\u0103 spun sincer, am foarte mari rezerve aici\u201d, a spus Liviu Dragnea.<\/p>\n<\/div>\n<p> Source URL: https:\/\/www.digi24.ro\/stiri\/actualitate\/politica\/basescu-despre-criza-vaccinurilor-mor-copii-nimeni-nu-e-acuzat-de-abuz-in-serviciu-714921<\/p>\n","protected":false},"excerpt":{"rendered":"<p>Fostul pre\u015fedinte Traian B\u0103sescu intervine \u00een criza vaccinurilor pentru copii \u015fi sus\u0163ine c\u0103 sunt doar \u201ddeclara\u0163ii idioate ale lui Liviu Dragnea \u015fi ale ministrului S\u0103n\u0103t\u0103\u0163ii\u201d \u00een timp ce ar trebui ca unele persoane s\u0103 fie acuzate de abuz \u00een serviciu pentru lipsa vaccinurilor. \u201dDomnule Sorin Grindeanu, domnule Augustin Laz\u0103r, mor copii, mor, \u00eenainte de vreme, [&hellip;]<\/p>\n","protected":false},"author":1,"featured_media":142202,"comment_status":"open","ping_status":"","sticky":false,"template":"","format":"standard","meta":{"footnotes":""},"categories":[2],"tags":[11],"class_list":["post-142201","post","type-post","status-publish","format-standard","has-post-thumbnail","hentry","category-politics","tag-digi24"],"_links":{"self":[{"href":"https:\/\/analyse.optim.biz\/index.php?rest_route=\/wp\/v2\/posts\/142201","targetHints":{"allow":["GET"]}}],"collection":[{"href":"https:\/\/analyse.optim.biz\/index.php?rest_route=\/wp\/v2\/posts"}],"about":[{"href":"https:\/\/analyse.optim.biz\/index.php?rest_route=\/wp\/v2\/types\/post"}],"author":[{"embeddable":true,"href":"https:\/\/analyse.optim.biz\/index.php?rest_route=\/wp\/v2\/users\/1"}],"replies":[{"embeddable":true,"href":"https:\/\/analyse.optim.biz\/index.php?rest_route=%2Fwp%2Fv2%2Fcomments&post=142201"}],"version-history":[{"count":0,"href":"https:\/\/analyse.optim.biz\/index.php?rest_route=\/wp\/v2\/posts\/142201\/revisions"}],"wp:featuredmedia":[{"embeddable":true,"href":"https:\/\/analyse.optim.biz\/index.php?rest_route=\/wp\/v2\/media\/142202"}],"wp:attachment":[{"href":"https:\/\/analyse.optim.biz\/index.php?rest_route=%2Fwp%2Fv2%2Fmedia&parent=142201"}],"wp:term":[{"taxonomy":"category","embeddable":true,"href":"https:\/\/analyse.optim.biz\/index.php?rest_route=%2Fwp%2Fv2%2Fcategories&post=142201"},{"taxonomy":"post_tag","embeddable":true,"href":"https:\/\/analyse.optim.biz\/index.php?rest_route=%2Fwp%2Fv2%2Ftags&post=142201"}],"curies":[{"name":"wp","href":"https:\/\/api.w.org\/{rel}","templated":true}]}}