{"id":142198,"date":"2017-04-29T15:29:44","date_gmt":"2017-04-29T12:29:44","guid":{"rendered":"https:\/\/analyse.optim.biz\/?p=142198"},"modified":"2017-04-29T15:29:44","modified_gmt":"2017-04-29T12:29:44","slug":"cristian-preda-nu-merge-la-receptia-de-la-cotroceni-n-am-chef-sa-ciocnesc-sampanie-cu-pungasi","status":"publish","type":"post","link":"https:\/\/analyse.optim.biz\/?p=142198","title":{"rendered":"Cristian Preda nu merge la recep\u0163ia de la Cotroceni: N-am chef s\u0103 ciocnesc \u015fampanie cu punga\u015fi"},"content":{"rendered":"<div class=\"entry data-app-meta data-app-meta-article\" data-embed-base-url-canonical=\"https:\/\/www.digi24.ro\/embed\/stiri\/actualitate\/politica\/cristian-preda-nu-merge-la-receptia-de-la-cotroceni-n-am-chef-sa-ciocnesc-sampanie-cu-pungasi-714940\">\n<p data-index=\"1\"><strong>Europarlamentarul independent Cristian Preda a anun\u0163at c\u0103 nu va da curs invita\u0163iei de la Palatul Cotroceni pentru recep\u0163ia de 9 Mai, deoarece pre\u015fedintele Iohannis a renun\u0163at la criteriul integrit\u0103\u0163ii \u00een selec\u0163ia invita\u0163ilor, pe care \u00eel folosise la recep\u0163ia de 1 Decembrie neinvit\u00e2nd persoane condamnate penal, Preda ad\u0103ug\u00e2nd c\u0103 nu vrea s\u0103 ciocneasc\u0103 \u015fampanie cu \u201dpunga\u015fi\u201d.<\/strong><\/p>\n<p data-index=\"2\"><img loading=\"lazy\" decoding=\"async\" class=\"alignnone size-full wp-image-714941\" src=\"https:\/\/analyse.optim.biz\/wp-content\/uploads\/2024\/09\/mdamagfzad1immm5ntcxnjixnzflzgflzte0owiznwq4zjzmzji5zq-thumb_.jpg\" alt=\"cristian preda\" width=\"728\" height=\"432\" data-skip-htmlfix=\"1\" title=\"mdamagfzad1immm5ntcxnjixnzflzgflzte0owiznwq4zjzmzji5zq-thumb_\"><\/p>\n<p data-index=\"3\">Cristian Preda s-a ar\u0103tat nemul\u0163umit, \u00eentr-o postare pe Facebook, de faptul c\u0103 pre\u015fedintele Klaus Iohannis a renun\u0163at s\u0103 mai aplice principiul de a nu invita la recep\u0163iile de la Cotroceni persoane care au probleme cu justi\u0163ia.<\/p>\n<p data-index=\"4\">\u201dDragnea a anun\u0163at c\u0103 e invitat la Cotroceni de Ziua Europei. Purt\u0103toarea de cuv\u00e2nt a lui K. Iohannis a confirmat informa\u0163ia, explic\u00e2nd c\u0103 s-a optat pentru o \u00ablist\u0103 extins\u0103\u00bb, curtea Palatului fiind \u00absuficient de mare pentru a primi pe toat\u0103 lumea\u00bb. De Ziua <span lang=\"en-US\">N<\/span>a\u0163ional\u0103, pre\u015fedintele respecta criteriul integrit\u0103\u0163ii, iar de 9 mai \u00eel uit\u0103\u201d, a constatat Preda citat de News.ro.<\/p>\n<p data-index=\"5\">\u00cen aceste condi\u0163ii, europarlamentul \u00eei sugereaz\u0103 pre\u015fedintelui s\u0103 nu se limiteze doar la persoanele condamnate cu suspendare. \u201dVoi declina invita\u0163ia primit\u0103 de la Cotroceni. N-am chef s\u0103 ciocnesc \u015fampanie cu punga\u015fi. \u00centruc\u00e2t curtea e \u00absuficient de mare\u00bb, Iohannis poate s\u0103-l cheme \u015fi pe Voiculescu. \u00a0De ce s\u0103-i privilegieze pe condamna\u0163ii cu suspendare?\u201d, a conchis Cristian Preda.<\/p>\n<p data-index=\"6\">Pre\u015fedintele PSD, Liviu Dragnea, a declarat, joi, la Parlament, c\u0103 a primit o invita\u0163ie la Palatul Cotroceni, preciz\u00e2nd \u00eens\u0103 c\u0103 nu \u015ftie exact pentru ce eveniment &#8211; 9 Mai sau vizita \u00een Rom\u00e2nia a pre\u015fedintelui Comisiei Europene, Jean Claude Juncker.<\/p>\n<p data-index=\"7\">Anul trecut, Liviu Dragnea nu a fost invitat nici la recep\u0163ia de Ziua Europei de la Cotroceni, nici la evenimentele organizate de Ziua Na\u0163ional\u0103. Administra\u0163ia preziden\u0163ial\u0103 a decis s\u0103 nu invite atunci persoane cu probleme penale.<\/p>\n<p data-index=\"8\">Purt\u0103torul de cuv\u00e2nt al pre\u015fedintelui, M\u0103d\u0103lina Dobrovolschi, a justificat, vineri, invitarea lui Liviu Dragnea \u015fi a lui C\u0103lin Popescu T\u0103riceanu la recep\u0163ia de 9 Mai de la Palatul Cotroceni prin faptul c\u0103 la baza alc\u0103tuirii listei de invita\u0163i a stat un alt principiu dec\u00e2t cel de la 1 Decembrie, anume o reprezentare c\u00e2t mai larg\u0103 a \u00eentregului spectru politic, men\u0163ion\u00e2nd c\u0103 \u00een curtea Palatului Cotroceni este suficient loc pentru toat\u0103 lumea.<\/p>\n<p data-index=\"9\">\u201dNu voi face niciun fel de compara\u0163ie \u00eentre un eveniment \u015fi altul (\u2026) De aceast\u0103 dat\u0103 s-a optat pentru o list\u0103 extins\u0103 care s\u0103 satisfac\u0103 un principiu: o reprezentare c\u00e2t mai larg\u0103, at\u00e2t la nivelul institu\u0163iilor statului, c\u00e2t \u015fi din alte zone, ceea ce \u00eenseamn\u0103 societate rom\u00e2neasc\u0103, cultur\u0103, educa\u0163ie, s\u0103n\u0103tate, economie. O s\u0103 vede\u0163i c\u0103 va fi foarte mult\u0103 lume \u015fi v\u0103 asigur c\u0103 aceast\u0103 curte a Palatului Cotroceni este suficient de mare pentru a g\u0103zdui pe toat\u0103 lumea\u201d, a declarat M\u0103d\u0103lina Dobrovolschi \u00eentrebat\u0103 de ce la recep\u0163ia de 9 Mai au fost invitate persoane considerate indezirabile la recep\u0163ia de 1 Decembrie 2016 din cauza problemelor penale.<\/p>\n<p data-index=\"10\">\u00centrebat\u0103 \u00een continuare dac\u0103 pre\u015fedintele a renun\u0163at la criteriile de integritate impuse listei de invita\u0163i din iarna anului trecut, Dobrovolschi a precizat c\u0103 cele dou\u0103 evenimente, recep\u0163ia de 1 Decembrie \u015fi cea de 9 Mai, sunt diferite.<\/p>\n<p data-index=\"11\">\u201dNu voi compara lista de acum cu alt\u0103 list\u0103 pentru c\u0103 sunt evenimente diferite. V\u0103 asigur c\u0103 pre\u015fedintele Rom\u00e2niei nu face niciodat\u0103 rabat de la principii, pentru c\u0103 nu este o chestiune pe care doar domnul pre\u015fedinte o crede. Trebuie s\u0103 avem \u00een spa\u0163iul public \u015fi mai ales la nivelul func\u0163iilor importante \u00een stat ni\u015fte criterii de moralitate care s\u0103 fie respectate de toat\u0103 lumea (\u2026) Acum vorbim despre un alt principiu care a stat la baza acestei liste, a fost acela pe care l-am men\u0163ionat deja \u2013 o reprezentare c\u00e2t mai larg\u0103 a \u00eentregului spectru politic \u015fi a conducerii institu\u0163iilor statului\u201d, a subliniat Dobrovolschi.<\/p>\n<p data-index=\"12\">Ea a precizat c\u0103 pe lista de invita\u0163i se reg\u0103sesc fo\u015ftii pre\u015fedin\u0163i ai Rom\u00e2nii, fo\u015ftii prim-mini\u015ftri, inclusiv Victor Ponta, dar \u015fi \u015fefi actuali ai institu\u0163iilor statului.<\/p>\n<\/div>\n<p> Source URL: https:\/\/www.digi24.ro\/stiri\/actualitate\/politica\/cristian-preda-nu-merge-la-receptia-de-la-cotroceni-n-am-chef-sa-ciocnesc-sampanie-cu-pungasi-714940<\/p>\n","protected":false},"excerpt":{"rendered":"<p>Europarlamentarul independent Cristian Preda a anun\u0163at c\u0103 nu va da curs invita\u0163iei de la Palatul Cotroceni pentru recep\u0163ia de 9 Mai, deoarece pre\u015fedintele Iohannis a renun\u0163at la criteriul integrit\u0103\u0163ii \u00een selec\u0163ia invita\u0163ilor, pe care \u00eel folosise la recep\u0163ia de 1 Decembrie neinvit\u00e2nd persoane condamnate penal, Preda ad\u0103ug\u00e2nd c\u0103 nu vrea s\u0103 ciocneasc\u0103 \u015fampanie cu \u201dpunga\u015fi\u201d. [&hellip;]<\/p>\n","protected":false},"author":1,"featured_media":142199,"comment_status":"open","ping_status":"","sticky":false,"template":"","format":"standard","meta":{"footnotes":""},"categories":[2],"tags":[11],"class_list":["post-142198","post","type-post","status-publish","format-standard","has-post-thumbnail","hentry","category-politics","tag-digi24"],"_links":{"self":[{"href":"https:\/\/analyse.optim.biz\/index.php?rest_route=\/wp\/v2\/posts\/142198","targetHints":{"allow":["GET"]}}],"collection":[{"href":"https:\/\/analyse.optim.biz\/index.php?rest_route=\/wp\/v2\/posts"}],"about":[{"href":"https:\/\/analyse.optim.biz\/index.php?rest_route=\/wp\/v2\/types\/post"}],"author":[{"embeddable":true,"href":"https:\/\/analyse.optim.biz\/index.php?rest_route=\/wp\/v2\/users\/1"}],"replies":[{"embeddable":true,"href":"https:\/\/analyse.optim.biz\/index.php?rest_route=%2Fwp%2Fv2%2Fcomments&post=142198"}],"version-history":[{"count":0,"href":"https:\/\/analyse.optim.biz\/index.php?rest_route=\/wp\/v2\/posts\/142198\/revisions"}],"wp:featuredmedia":[{"embeddable":true,"href":"https:\/\/analyse.optim.biz\/index.php?rest_route=\/wp\/v2\/media\/142199"}],"wp:attachment":[{"href":"https:\/\/analyse.optim.biz\/index.php?rest_route=%2Fwp%2Fv2%2Fmedia&parent=142198"}],"wp:term":[{"taxonomy":"category","embeddable":true,"href":"https:\/\/analyse.optim.biz\/index.php?rest_route=%2Fwp%2Fv2%2Fcategories&post=142198"},{"taxonomy":"post_tag","embeddable":true,"href":"https:\/\/analyse.optim.biz\/index.php?rest_route=%2Fwp%2Fv2%2Ftags&post=142198"}],"curies":[{"name":"wp","href":"https:\/\/api.w.org\/{rel}","templated":true}]}}