{"id":142127,"date":"2017-05-01T16:03:10","date_gmt":"2017-05-01T13:03:10","guid":{"rendered":"https:\/\/analyse.optim.biz\/?p=142127"},"modified":"2017-05-01T16:03:10","modified_gmt":"2017-05-01T13:03:10","slug":"liberalul-devenit-involuntar-vedeta-de-stand-up-comedy-adevarul-doare-dar-mai-si-trezeste","status":"publish","type":"post","link":"https:\/\/analyse.optim.biz\/?p=142127","title":{"rendered":"Liberalul devenit involuntar vedet\u0103 de stand-up comedy: \u201eAdev\u0103rul doare, dar mai \u0219i treze\u0219te\u201d"},"content":{"rendered":"<div class=\"entry data-app-meta data-app-meta-article\" data-embed-base-url-canonical=\"https:\/\/www.digi24.ro\/embed\/stiri\/actualitate\/politica\/liberalul-devenit-involuntar-vedeta-de-stand-up-comedy-adevarul-doare-dar-mai-si-trezeste-715873\">\n<p data-index=\"1\"><strong>Stand-up comedy la o \u015fedin\u0163\u0103 a PNL Suceava. Discursul unui fost primar din F\u0103lticeni a devenit viral pe Facebook, dar a primit multe aplauze \u015fi \u00een sal\u0103. El a povestit \u00eentr-un mod inedit rela\u0163ia PNL &#8211; PDL, dar \u015fi cum au fost numi\u0163i ultimii pre\u015fedin\u0163i ai partidului.<\/strong><\/p>\n<p class=\"gdpr-placeholder gdpr-social-media gdpr-iframe-fix\" data-index=\"3\"> Setarile tale privind cookie-urile nu permit afisarea continutul din aceasta sectiune. Poti actualiza setarile modulelor coookie direct din browser sau de <a class=\"ot-sdk-show-settings\" data-skip-linkfix=\"1\">aici<\/a> \u2013 e nevoie sa accepti cookie-urile social media<\/p>\n<p data-index=\"4\">\u00a0<\/p>\n<p data-index=\"5\">\u00centr-un interviu pentru Digi24 acordat reporterului Cristian Andrei, Vasile Tofan a explicat ce l-a \u00eempins c\u0103tre acest gen de discurs &#8211; sentimentul c\u0103 lucrurile \u00een partid sunt grave \u0219i exist\u0103 riscul ca liberalii s\u0103 \u00eemp\u0103rt\u0103\u0219easc\u0103 soarta PN\u021aCD.<\/p>\n<p data-index=\"6\"><strong>Reporter<\/strong>: <em>A\u0163i devenit vedet\u0103 la nivel na\u0163ional dup\u0103 ce un discurs al dumneavoastr\u0103 a devenit viral pe Facebook. Cum vi se pare aceast\u0103 mediatizare a discursului dumneavoastr\u0103?<\/em><\/p>\n<p data-index=\"7\"><strong>Vasile Tofan:<\/strong> Nu asta era inten\u0163ia sau scopul meu, s\u0103 devin vedet\u0103. Dincolo de ineditul situa\u0163iei ca atare pentru mine, fac parte din categoria celor care m\u0103 doare ce se \u00eent\u00e2mpl\u0103 ast\u0103zi cu PNL-ul, eu fiind unul dintre cei care am p\u0103\u015fit \u00een politica liberal\u0103 rom\u00e2neasc\u0103 \u00een 1990.<\/p>\n<p data-index=\"8\"><strong>Reporter<\/strong>: <em>Era un semnal de alarm\u0103?<\/em><\/p>\n<p data-index=\"9\"><strong>V. Tofan<\/strong>: Mai mult dec\u00e2t un semnal de alarm\u0103.<\/p>\n<p data-index=\"10\"><strong>Reporter<\/strong>: <em>Ce?<\/em><\/p>\n<p data-index=\"11\"><strong>V. Tofan<\/strong>: Nu putem face figura\u0163ie mai departe. Uita\u0163i-v\u0103 ce se \u00eent\u00e2mpl\u0103 ast\u0103zi pe scena politic\u0103 rom\u00e2neasc\u0103. Tocmai asta, evolu\u0163ia neconving\u0103toare a PNL a permis evolu\u0163ia pe partea dreapt\u0103 a \u00eenc\u0103 dou\u0103 trei partide. Asta datorit\u0103 impoten\u0163ei politice pe care am avut-o noi \u00een ultima vreme.<\/p>\n<p data-index=\"12\"><strong>Reporter<\/strong>: <em>La eveniment au participat printre al\u0163ii Gheorghe Flutur \u015fi C\u0103t\u0103lin Predoiu. Cum au reac\u0163ionat, v-au spus ceva dup\u0103 \u015fedin\u0163\u0103?<\/em><\/p>\n<p data-index=\"13\"><strong>Vasile Tofan<\/strong>: Nu, n-au spus nimic \u00een mod special. Adev\u0103rul doare, dar c\u00e2teodat\u0103 mai \u015fi treze\u015fte.<\/p>\n<p data-index=\"14\"><strong>Reporter<\/strong>: <em>Ceilal\u0163i colegi care au fost la eveniment v-au spus ceva? Au existat reac\u0163ii \u00een sal\u0103?<\/em><\/p>\n<p data-index=\"15\"><strong>Vasile Tofan<\/strong>: Nu numai \u00een sal\u0103. N-am primit adunat de s\u0103rb\u0103torile de Cr\u0103ciun, Anul Nou, Pa\u015ftele \u015fi de ziua mea la un loc c\u00e2te semnale, telefoane \u015fi sms-uri am primit dup\u0103 \u015fedin\u0163a cu pricina. Nu numai c\u0103 l-au priceput (n.r. &#8211; mesajul), dar eu cred c\u0103 exist\u0103 o foarte mare parte care g\u00e2ndesc la fel. A ajuns s\u0103 fie recep\u0163ionat poate datorit\u0103 modului \u00een care a fost exprimat \u015fi le-a mers la suflet a\u015fa direct. A fost f\u0103r\u0103 ocoli\u015furi, \u00een limitele respectului. De aceea, cred c\u0103 a g\u0103sit at\u00e2tea recep\u0163ie la colegi \u015fi simpatizan\u0163i, oameni pe care \u00eei mai intereseaz\u0103 ce se \u00eent\u00e2mpl\u0103 \u00een politichia d\u00e2mbovi\u0163ean\u0103.<\/p>\n<p data-index=\"16\"><strong>Reporter:<\/strong><em>V-a ajutat \u015fi Facebook-ul, pentru c\u0103 acest discurs s-a viralizat?<\/em><\/p>\n<p data-index=\"17\"><strong>Vasile Tofan:<\/strong> Da, f\u0103r\u0103 doar \u015fi poate. De acolo au preluat televiziunile. Niciodat\u0103 nu mi-am \u00eenchipuit c\u0103 o s\u0103 aib\u0103 asemenea rezonan\u0163\u0103. Nu asta mi-a fost inten\u0163ia, dar niciodat\u0103 nu mi-am \u00eenchipuit c\u0103 se poate \u00eent\u00e2mpla.<\/p>\n<p data-index=\"18\"><strong>Reporter:<\/strong><em>Cei viza\u0163i de mesajul dumneavoastr\u0103, m\u0103 refer \u015fi la doamna Turcan \u015fi Gorghiu, au avut vreo reac\u0163ie, au \u00eencercat s\u0103 v\u0103 contacteze?<\/em><\/p>\n<p data-index=\"19\"><strong>Vasile Tofan:<\/strong> Nu, nu, nu. Nu m-au contactat, nu mi-au spus. Speran\u0163a mea este c\u0103 au \u00een\u0163eles exact ce am vrut eu s\u0103 spun. \u00cen via\u0163\u0103 este foarte important s\u0103 \u00ee\u0163i cuno\u015fti lungul nasului \u015fi m\u0103rimea p\u0103l\u0103riei.<\/p>\n<p data-index=\"20\"><strong>Reporter:<\/strong><em>A fost un semnal de alarm\u0103 c\u0103 PNL nu are identitate?<\/em><\/p>\n<p data-index=\"21\"><strong>Vasile Tofan<\/strong>: Nu c\u0103 nu are identitate. Identitate o are prin na\u015ftere, este cel mai vechi partid politic din Rom\u00e2nia. La modul \u00een care merg lucrurile \u00een ziua de ast\u0103zi, c\u0103lc\u0103m pe urmele PN\u0162CD-ului.<\/p>\n<p data-index=\"22\"><strong>Reporter<\/strong>: <em>Este un mesaj destul de sumbru pentru PNL.<\/em><\/p>\n<p data-index=\"23\"><strong>Vasile Tofan:<\/strong> Nu e sumbru, este un mesaj realist. Urmeaz\u0103 Congresul din iunie, unde e obligatoriu ca lucrurile s\u0103 o ia pe alt\u0103 direc\u0163ie.<\/p>\n<p data-index=\"24\"><strong>Reporter<\/strong>: <em>P\u00e2n\u0103 acum nu sunt foarte mul\u0163i \u00een cursa pentru func\u0163ia de pre\u015fedinte. Sunt doar domnii Orban \u015fi Predoiu, probabil va ap\u0103rea \u015fi domnul Bu\u015foi.<\/em><\/p>\n<p data-index=\"25\"><strong>Vasile Tofan:<\/strong> Ast\u0103zi, na\u0163ional-liberalii nici nu au \u015fi nici nu cred c\u0103 mai e vremea liderului preziden\u0163ial. Este cel mai important lucru \u015fi singura solu\u0163ie la momentul de fa\u0163\u0103 \u00een iunie s\u0103 reu\u015feasc\u0103 s\u0103 se aleag\u0103 o echip\u0103 care s\u0103 se apuce serios de treab\u0103.<\/p>\n<p data-index=\"26\"><strong>Reporter:<\/strong><em>A\u0163i vorbit \u00een discurs de b\u0103ie\u0163ii din cooperativ\u0103. Cine sunt ace\u015fti oameni din cooperativ\u0103?<\/em><\/p>\n<p data-index=\"27\"><strong>Vasile Tofan:<\/strong> Cei care de o bun\u0103 bucat\u0103 de vreme conduc partidul la nivel centru. Sunt de num\u0103rul zecilor, nu unu-doi. M\u0103 doare, m\u0103 doare ce se \u00eent\u00e2mpl\u0103 ast\u0103zi. Partidul Na\u0163ional Liberal nu poate ie\u015fi din situa\u0163ia \u00een care este ast\u0103zi scos, tras de o persoan\u0103. Nici nu este, nici nu \u00eel avem. Este necesar ca to\u0163i cei care mai vor ast\u0103zi ceva de la via\u0163\u0103 \u015fi de la PNL s\u0103 o lu\u0103m de la cap\u0103t \u015fi s\u0103 o lu\u0103m serios de la treab\u0103.<\/p>\n<p data-index=\"28\">PNL trebuie s\u0103 mearg\u0103 pe propriile picioare. E obligatoriu, dac\u0103 \u00een viitorul apropiat vrea s\u0103 fac\u0103 politic\u0103 mare. Dac\u0103 vrem s\u0103 fim \u00eenapoi partid mic, mergem \u00een continuare pe drumul pe care suntem. Dar \u015fi aici nu o mai putem duce mult. Soarta PN\u0162CD-ului ne pa\u015fte dac\u0103 nu ne trezim m\u0103car \u00een iunie.<\/p>\n<p data-index=\"29\">Ast\u0103zi, c\u00e2nd st\u0103m de vorb\u0103, partidul acesta e format din dou\u0103 jum\u0103t\u0103\u0163i. Dac\u0103 aveam determinarea \u015fi curajul pe care trebuia s\u0103 \u00eel avem la momentul respectiv, acum doi ani de zile, atunci trebuiau f\u0103cute toate diligen\u0163ele acestea. A\u015fa am tr\u0103it \u00eentr-un concubinaj, am l\u0103l\u0103it-o vreo doi ani de zile \u015fi uita\u0163i, am ajuns \u00een situa\u0163ia \u00een care suntem azi.<\/p>\n<p data-index=\"30\"><strong>Reporter<\/strong>: <em>Ce ar trebui f\u0103cut?<\/em><\/p>\n<p data-index=\"31\"><strong>Vasile Tofan:<\/strong> S\u0103 apar\u0103 \u00eentr-o lun\u0103 jum\u0103tate, c\u00e2t mai este p\u00e2n\u0103 la Congres, o echip\u0103 s\u0103n\u0103toas\u0103 care s\u0103 ia lucrurile de la cap\u0103t.<\/p>\n<p data-index=\"32\"><strong>Reporter<\/strong>: <em>Care este primul lucru care ar trebui f\u0103cut, spus de viitoarea conducere?<\/em><\/p>\n<p data-index=\"33\"><strong>Vasile Tofan:<\/strong> PNL, ca s\u0103-\u015fi reg\u0103seasc\u0103 \u00eentr-adev\u0103r calea pe care ar trebui s\u0103 mearg\u0103, trebuie s\u0103 ajung\u0103 a \u00eenrola \u015fi acolo la centru c\u00e2\u0163i mai mul\u0163i oameni care au de-a face cu via\u0163a real\u0103. Numai cu lefegii la stat, care acum a\u015fteapt\u0103 s\u0103 le m\u0103reasc\u0103 leafa doamna Olgu\u0163a, nu o s\u0103 ias\u0103. Este nevoie de oameni care \u00eentr-adev\u0103r s\u0103 aib\u0103 structur\u0103 liberal\u0103. Atunci, de la sine lucrurile vor c\u0103p\u0103ta o alt\u0103 turnur\u0103.<\/p>\n<p data-index=\"34\"><strong>Reporter<\/strong>: <em>Crede\u0163i c\u0103 mesajul dumneavoastr\u0103 va fi privit la centru ca un stand-up comedy, a\u015fa cum a fost prezentat \u00een media, sau ca un semnal de alarm\u0103?<\/em><\/p>\n<p data-index=\"35\"><strong>Vasile Tofan:<\/strong> Este o tragicomedie. Este mai mult tragic. Dac\u0103 eu a\u015f fi spus lucrurile acestea \u00eentr-un mod a\u015fa lapidar, cenu\u015fiu, obi\u015fnuit, crede\u0163i c\u0103 avea vreo recep\u0163ie? Sunt destui colegi de-ai mei care au spus lucrul acesta, dar puse pe alt\u0103 linie.<\/p>\n<p data-index=\"36\"><strong>Reporter:<\/strong><em>Cei care v-au sunat sunt cei care care conduc partidul, sunt sus, sau doar membri simpli?<\/em><\/p>\n<p data-index=\"37\"><strong>Vasile Tofan:<\/strong> \u015ei de sus, \u015fi de jos, \u015fi din \u0163ar\u0103, \u015fi de afar\u0103. Nu m\u0103 a\u015fteptam. Oameni care nu sunt \u00eenrola\u0163i \u00een partid, deci tot felul de oameni. \u015ei din celelalte partide. Nu unul, mai mul\u0163i m-au sunat.<\/p>\n<p data-index=\"38\"><strong>Reporter:<\/strong><em>Ce mesaj v-au transmis?<\/em><\/p>\n<p data-index=\"39\"><strong>Vasile Tofan:<\/strong> Bravo \u0163ie, omule!<\/p>\n<p data-index=\"40\"><strong>Reporter:<\/strong><em>Domnul Orban v-a sunat?<\/em><\/p>\n<p data-index=\"41\"><strong>Vasile Tofan:<\/strong> Cu domnul Orban nu numai acum. E liberal vechi. Da, am vorbit \u015fi cu domnul Orban.<\/p>\n<\/div>\n<p> Source URL: https:\/\/www.digi24.ro\/stiri\/actualitate\/politica\/liberalul-devenit-involuntar-vedeta-de-stand-up-comedy-adevarul-doare-dar-mai-si-trezeste-715873<\/p>\n","protected":false},"excerpt":{"rendered":"<p>Stand-up comedy la o \u015fedin\u0163\u0103 a PNL Suceava. Discursul unui fost primar din F\u0103lticeni a devenit viral pe Facebook, dar a primit multe aplauze \u015fi \u00een sal\u0103. El a povestit \u00eentr-un mod inedit rela\u0163ia PNL &#8211; PDL, dar \u015fi cum au fost numi\u0163i ultimii pre\u015fedin\u0163i ai partidului. Setarile tale privind cookie-urile nu permit afisarea continutul [&hellip;]<\/p>\n","protected":false},"author":1,"featured_media":142128,"comment_status":"open","ping_status":"","sticky":false,"template":"","format":"standard","meta":{"footnotes":""},"categories":[2],"tags":[11],"class_list":["post-142127","post","type-post","status-publish","format-standard","has-post-thumbnail","hentry","category-politics","tag-digi24"],"_links":{"self":[{"href":"https:\/\/analyse.optim.biz\/index.php?rest_route=\/wp\/v2\/posts\/142127","targetHints":{"allow":["GET"]}}],"collection":[{"href":"https:\/\/analyse.optim.biz\/index.php?rest_route=\/wp\/v2\/posts"}],"about":[{"href":"https:\/\/analyse.optim.biz\/index.php?rest_route=\/wp\/v2\/types\/post"}],"author":[{"embeddable":true,"href":"https:\/\/analyse.optim.biz\/index.php?rest_route=\/wp\/v2\/users\/1"}],"replies":[{"embeddable":true,"href":"https:\/\/analyse.optim.biz\/index.php?rest_route=%2Fwp%2Fv2%2Fcomments&post=142127"}],"version-history":[{"count":0,"href":"https:\/\/analyse.optim.biz\/index.php?rest_route=\/wp\/v2\/posts\/142127\/revisions"}],"wp:featuredmedia":[{"embeddable":true,"href":"https:\/\/analyse.optim.biz\/index.php?rest_route=\/wp\/v2\/media\/142128"}],"wp:attachment":[{"href":"https:\/\/analyse.optim.biz\/index.php?rest_route=%2Fwp%2Fv2%2Fmedia&parent=142127"}],"wp:term":[{"taxonomy":"category","embeddable":true,"href":"https:\/\/analyse.optim.biz\/index.php?rest_route=%2Fwp%2Fv2%2Fcategories&post=142127"},{"taxonomy":"post_tag","embeddable":true,"href":"https:\/\/analyse.optim.biz\/index.php?rest_route=%2Fwp%2Fv2%2Ftags&post=142127"}],"curies":[{"name":"wp","href":"https:\/\/api.w.org\/{rel}","templated":true}]}}