{"id":142116,"date":"2017-05-01T21:47:55","date_gmt":"2017-05-01T18:47:55","guid":{"rendered":"https:\/\/analyse.optim.biz\/?p=142116"},"modified":"2017-05-01T21:47:55","modified_gmt":"2017-05-01T18:47:55","slug":"reactii-in-partid-dupa-discursul-viral-al-unui-liberal","status":"publish","type":"post","link":"https:\/\/analyse.optim.biz\/?p=142116","title":{"rendered":"Reac\u021bii \u00een partid, dup\u0103 discursul \u201eviral\u201d al unui liberal"},"content":{"rendered":"<div class=\"entry data-app-meta data-app-meta-article\" data-embed-base-url-canonical=\"https:\/\/www.digi24.ro\/embed\/stiri\/actualitate\/politica\/reactii-in-partid-dupa-discursul-viral-al-unui-liberal-716008\">\n<p data-index=\"1\"><strong>Succesul \u00een politic\u0103 poate veni c\u00e2nd te a\u015ftep\u0163i mai pu\u0163in. I s-a \u00eent\u00e2mplat unui lider al PNL din Suceava, al c\u0103rui discurs de la o \u015fedin\u0163\u0103 de partid a devenit viral pe internet. A r\u0103mas \u015fi el uimit de viteza cu care s-a distribuit mesajul. Numai c\u0103 mesajul, menit s\u0103 fie un semnal de alarm\u0103, a fost perceput ca o reprezenta\u0163ie de stand-up comedy.<\/strong><\/p>\n<p data-index=\"2\">Vasile Tofan, fost primar la F\u0103lticeni, a urcat pe scen\u0103, la ultima \u015fedin\u0163\u0103 de partid pentrru a vorbi despre trecutul \u015fi viitorul PNL. A f\u0103cut-o \u00eens\u0103 \u00eentr-un mod special.<\/p>\n<p data-index=\"3\">\u201e<span lang=\"ro-RO\">Dup\u0103 ce am c\u00e2\u015ftigat pre\u015fedin\u0163ia, a r\u0103mas partidul f\u0103r\u0103 conduc\u0103tor. Atunci, mai marii no\u015ftri de la Bucure\u015fti s-au adunat \u00een fa\u0163a \u015fefului \u015fi au spus: Jawohl, Herr president! Am \u00een\u0163eles, domni\u015foara Alina, fat\u0103 cuminte, inteligent\u0103, t\u00e2n\u0103r\u0103. Noi, vajnici b\u0103rba\u0163i o s\u0103 o ap\u0103r\u0103m, nu cumva s\u0103-i fure Liviu sandvi\u015ful sau Victora\u015f s\u0103-i copie temele\u201d, a spus Vasile Tofan, vicepre\u0219edinte PNL Suceava. <\/span><\/p>\n<p data-index=\"4\">A continuat cu propria interpretare privind evolu\u0163ia partidului dup\u0103 ultimele alegeri parlamentare.<\/p>\n<p data-index=\"5\">\u201e<span lang=\"ro-RO\">S-au adunat \u015fi a zis unul dintre d\u00e2n\u015fii, nici nu conteaz\u0103 cine: \u015fti\u0163i voi care e filiala cu cele mai bune rezultate la generale? P\u00e2n\u0103 s\u0103 r\u0103spund\u0103, tot el d\u0103 r\u0103spunsul: Sibiu! Aaaa! M\u0103nu\u015f\u0103! Dar cine e pre\u015fedinte la Sibiu? Cum, nu \u015ftii? Doamna Raluca. Fat\u0103 finu\u0163\u0103, dam\u0103 de salon. M\u0103nu\u015f\u0103 ne vine\u201d, a spus Vasile Tofan.<\/span><\/p>\n<p data-index=\"6\"><span lang=\"ro-RO\">La o s\u0103pt\u0103m\u00e2n\u0103 dup\u0103 discurs, liberalul poveste\u015fte surpriza pe care a avut-o dup\u0103 \u015fedin\u0163\u0103. Nu a venit nici din partea Alinei Gorghiu, nici din partea Raluc\u0103i Turcan. <\/span><\/p>\n<p data-index=\"7\">\u201eN-am primit, adunat, de s\u0103rb\u0103torile de Cr\u0103ciun, Anul Nou, Pa\u015ftele \u015fi de ziua mea la un loc c\u00e2te semnale, telefoane \u015fi sms-uri am primit dup\u0103 \u015fedin\u0163a cu pricina\u201d, a declarat Vasile Tofan \u00eentr-un interviu telefonic acordat Digi24. Citi\u021bi <a href=\"https:\/\/www.digi24.ro\/stiri\/actualitate\/politica\/liberalul-devenit-involuntar-vedeta-de-stand-up-comedy-adevarul-doare-dar-mai-si-trezeste-715873\" target=\"_blank\" data-skip-linkfix=\"1\" rel=\"noopener\"><strong>aici<\/strong><\/a>interviul integral.<\/p>\n<p data-index=\"8\"><span lang=\"ro-RO\">Alina Gorghiu spune c\u0103 nu s-a sup\u0103rat pe colegul ei de partid. <\/span><\/p>\n<p data-index=\"9\">\u201eFoarte s\u0103n\u0103tos. Umorul la liberali a fost \u00eentotdeauna o cheie a succesului. Orice critic\u0103 la adresa conducerii din interiorul partidului e binevenit\u0103 \u015fi e \u015fi viralizat\u0103. Asta cu <em>dr\u0103gu\u0163\u0103<\/em>, poate, cu <em>dr\u0103gu\u0163\u0103 \u015fi \u00een\u0103ltu\u0163\u0103<\/em> duce a\u015fa un pic \u00eenspre misoginism, dar e iertat\u201d, spune Alina Gorghiu.<\/p>\n<p data-index=\"10\">Liderul PNL Suceava spune c\u0103 nu \u015fi-a dorit s\u0103 fie amuzant, ci s\u0103 trag\u0103 un semnal de alarm\u0103.<\/p>\n<p data-index=\"11\">\u201eEvolu\u0163ia neconving\u0103toare a PNL a permis evolu\u0163ia pe partea dreapt\u0103 a \u00eenc\u0103 dou\u0103-trei partide. Asta datorit\u0103 impoten\u0163ei politice pe care am avut-o noi \u00een ultima vreme. M\u0103 doare, m\u0103 doare ce se \u00eent\u00e2mpl\u0103 ast\u0103zi. Soarta PN\u0162CD-ului ne pa\u015fte, dac\u0103 nu ne trezim m\u0103car \u00een iunie\u201d, avertizeaz\u0103 liberalul din Suceava.<\/p>\n<p data-index=\"12\">Candida\u0163ii la \u015fefia PNL, C\u0103t\u0103lin Predoiu \u015fi Ludovic Orban, nu au dorit s\u0103 comenteze afirma\u0163iile colegului lor. La fel a procedat \u015fi liderul interimar, Raluca Turcan. O replic\u0103 a venit doar de la prim-vicepre\u015fedintele Teodor Atanasiu.<\/p>\n<p data-index=\"13\">\u201e<span lang=\"ro-RO\">Pot s\u0103 v\u0103 spun sigur c\u0103 niciodat\u0103 nu s-au ales pre\u015fedin\u0163i \u00een fruntea Partidului Na\u0163ional Liberal pu\u015fi de extratere\u015ftri sau de oameni din afara partidului\u201d, a spus Teodor Atanasiu.<\/span><\/p>\n<p data-index=\"14\">Din Moldova, Vasile Tofan mai are o singur\u0103 dorin\u0163\u0103 pentru Congresul PNL din aceast\u0103 var\u0103: \u201ePNL, ca s\u0103-\u015fi reg\u0103seasc\u0103 \u00eentr-adev\u0103r calea pe care ar trebui s\u0103 mearg\u0103, trebuie s\u0103 ajung\u0103 a \u00eenrola \u015fi acolo la centru c\u00e2\u0163i mai mul\u0163i oameni care au de-a face cu via\u0163a real\u0103. Numai cu lefegii la stat, care acum a\u015fteapt\u0103 s\u0103 le m\u0103reasc\u0103 leafa doamna Olgu\u0163a, nu o s\u0103 ias\u0103\u201d.<\/p>\n<\/div>\n<p> Source URL: https:\/\/www.digi24.ro\/stiri\/actualitate\/politica\/reactii-in-partid-dupa-discursul-viral-al-unui-liberal-716008<\/p>\n","protected":false},"excerpt":{"rendered":"<p>Succesul \u00een politic\u0103 poate veni c\u00e2nd te a\u015ftep\u0163i mai pu\u0163in. I s-a \u00eent\u00e2mplat unui lider al PNL din Suceava, al c\u0103rui discurs de la o \u015fedin\u0163\u0103 de partid a devenit viral pe internet. A r\u0103mas \u015fi el uimit de viteza cu care s-a distribuit mesajul. Numai c\u0103 mesajul, menit s\u0103 fie un semnal de alarm\u0103, [&hellip;]<\/p>\n","protected":false},"author":1,"featured_media":142117,"comment_status":"open","ping_status":"","sticky":false,"template":"","format":"standard","meta":{"footnotes":""},"categories":[2],"tags":[11],"class_list":["post-142116","post","type-post","status-publish","format-standard","has-post-thumbnail","hentry","category-politics","tag-digi24"],"_links":{"self":[{"href":"https:\/\/analyse.optim.biz\/index.php?rest_route=\/wp\/v2\/posts\/142116","targetHints":{"allow":["GET"]}}],"collection":[{"href":"https:\/\/analyse.optim.biz\/index.php?rest_route=\/wp\/v2\/posts"}],"about":[{"href":"https:\/\/analyse.optim.biz\/index.php?rest_route=\/wp\/v2\/types\/post"}],"author":[{"embeddable":true,"href":"https:\/\/analyse.optim.biz\/index.php?rest_route=\/wp\/v2\/users\/1"}],"replies":[{"embeddable":true,"href":"https:\/\/analyse.optim.biz\/index.php?rest_route=%2Fwp%2Fv2%2Fcomments&post=142116"}],"version-history":[{"count":0,"href":"https:\/\/analyse.optim.biz\/index.php?rest_route=\/wp\/v2\/posts\/142116\/revisions"}],"wp:featuredmedia":[{"embeddable":true,"href":"https:\/\/analyse.optim.biz\/index.php?rest_route=\/wp\/v2\/media\/142117"}],"wp:attachment":[{"href":"https:\/\/analyse.optim.biz\/index.php?rest_route=%2Fwp%2Fv2%2Fmedia&parent=142116"}],"wp:term":[{"taxonomy":"category","embeddable":true,"href":"https:\/\/analyse.optim.biz\/index.php?rest_route=%2Fwp%2Fv2%2Fcategories&post=142116"},{"taxonomy":"post_tag","embeddable":true,"href":"https:\/\/analyse.optim.biz\/index.php?rest_route=%2Fwp%2Fv2%2Ftags&post=142116"}],"curies":[{"name":"wp","href":"https:\/\/api.w.org\/{rel}","templated":true}]}}