{"id":142102,"date":"2017-05-02T16:46:50","date_gmt":"2017-05-02T13:46:50","guid":{"rendered":"https:\/\/analyse.optim.biz\/?p=142102"},"modified":"2017-05-02T16:46:50","modified_gmt":"2017-05-02T13:46:50","slug":"video-alegeri-platite-de-primarii-condamnati-disputa-lui-serban-nicolae-cu-un-coleg-senator","status":"publish","type":"post","link":"https:\/\/analyse.optim.biz\/?p=142102","title":{"rendered":"VIDEO |Alegeri pl\u0103tite de primarii condamna\u0163i. Disputa lui \u0218erban Nicolae cu un coleg senator"},"content":{"rendered":"<div class=\"entry data-app-meta data-app-meta-article\" data-embed-base-url-canonical=\"https:\/\/www.digi24.ro\/embed\/stiri\/actualitate\/politica\/video-alegeri-platite-de-primarii-condamnati-disputa-lui-serban-nicolae-cu-un-coleg-senator-716434\">\n<p data-index=\"1\"><strong>Au fost dezbateri aprinse, mar\u0163i, la Comisia juridic\u0103 din Senat. Discu\u0163iile au pornit de la un proiect de lege care le impune primarilor r\u0103ma\u015fi f\u0103r\u0103 mandat, din cauza unor condamn\u0103ri, s\u0103 dea banii pentru organizarea de noi alegeri. Proiectul ini\u0163iat de liberalul Daniel Fenechiu a fost respins \u00een cele din urm\u0103.<\/strong><\/p>\n<p data-index=\"2\">\u015eerban Nicolae, pre\u015fedintele comisiei, s-a ceartat cu Daniel Fenechiu:<\/p>\n<p data-index=\"3\"><em><strong>Fenechiu: Exist\u0103 o tendin\u0163\u0103 a partidelor care pentru a c\u00e2\u015ftiga sunt \u00een stare s\u0103 fac\u0103 orice. Ceea ce nu e \u00een regul\u0103.<\/strong><\/em><\/p>\n<p data-index=\"4\"><em><strong>\u015eerban: Care e tendin\u0163a asta? Care sunt partidele?<\/strong><\/em><\/p>\n<p data-index=\"5\"><em><strong>Nu facem afirma\u0163ii f\u0103r\u0103 acoperire.<\/strong><\/em><\/p>\n<p data-index=\"6\"><em><strong>Fenechiu: Dac\u0103 ne uit\u0103m c\u00e2\u0163i din primarii&#8230;<\/strong><\/em><\/p>\n<p data-index=\"7\"><em><strong>\u015eerban: Nu dac\u0103, da\u0163i-mi datele.<\/strong><\/em><\/p>\n<p data-index=\"8\"><em><strong>Fenechiu: Vre\u0163i s\u0103 v\u0103 dau c\u00e2te un candidat la fiecare municipiu re\u015fedin\u0163\u0103 de jude\u0163, care a candidat \u00een situa\u0163ie de suspect sau inculpat.<\/strong><\/em><\/p>\n<p data-index=\"9\"><em><strong>\u015eerban: \u015ei care e relevan\u0163a?<\/strong><\/em><\/p>\n<p data-index=\"10\"><em><strong>Fenechiu: Cum, care e relevan\u0163a? Poate s\u0103 \u00ee\u015fi piard\u0103 mandatul \u015fi cet\u0103\u0163eanul de r\u00e2nd suport\u0103 noi alegeri.<\/strong><\/em><\/p>\n<p data-index=\"11\">Proiectul discutat \u00een Comisia juridic\u0103 le cere candida\u0163ilor la prim\u0103rii s\u0103 completeze declara\u0163ii pe proprie r\u0103spundere \u00een care s\u0103 spun\u0103 dac\u0103 au dosare sau condamn\u0103ri. Ale\u015fii puterii spun c\u0103 o astfel e lege este nedemocratic\u0103 \u015fi neconstitu\u0163ional\u0103 &#8211; dreptul de a alege \u015fi de a fi ales este garantat de Constitu\u0163ie pentru cei care nu \u015fi-au pierdut drepturile electorale.<\/p>\n<p data-index=\"12\"><em><strong>\u0218erban Nicolae: De ce ar trebui cineva s\u0103 spun\u0103: \u201eVede\u0163i c\u0103 \u00een mintea unora sunt un pic dubios\u201d?<\/strong><\/em><\/p>\n<p data-index=\"13\"><em><strong>George D\u00eerc\u0103: E foarte bine pentru informarea aleg\u0103torilor.<\/strong><\/em><\/p>\n<p data-index=\"14\"><em><strong>\u015eerban Nicolae: \u00cen general, de asta se ocup\u0103 contracandida\u0163ii.<\/strong><\/em><\/p>\n<p data-index=\"15\">Legea ini\u0163iat\u0103 de senatorul Daniel Fenechiu a trecut de Camera deputa\u0163ilor prin adoptare tacit\u0103. Liberalul nu \u015fi-a convins \u00eens\u0103 colegii din Comisia juridic\u0103.<\/p>\n<p data-index=\"16\">\u201eEu cred c\u0103 este o dovad\u0103 de respect fa\u0163\u0103 de banii cet\u0103\u0163enilor. Dac\u0103 tu te crezi nevinovat urmeaz\u0103 s\u0103 fii achitat. Fiind achitat nu se \u00eent\u00e2mpl\u0103 nimic. Dac\u0103 nu ai fost achitat \u00eenseamn\u0103 c\u0103 ai fost vinovat \u015fi, din punctul acesta de vedere, ai indus electoratul \u00een eroare. Este \u015fi o form\u0103 de responsabilizare a partidelor\u201d, a precizat Daniel Fenechiu, senator PNL.<\/p>\n<p data-index=\"17\">\u0218apte senatori au votat pentru respingerea proiectului fa\u0163\u0103 de doar trei care au sus\u0163inut adoptarea lui. Totu\u015fi, proiectul va merge la dezbateri \u00een plenul Senatului.<\/p>\n<\/div>\n<p> Source URL: https:\/\/www.digi24.ro\/stiri\/actualitate\/politica\/video-alegeri-platite-de-primarii-condamnati-disputa-lui-serban-nicolae-cu-un-coleg-senator-716434<\/p>\n","protected":false},"excerpt":{"rendered":"<p>Au fost dezbateri aprinse, mar\u0163i, la Comisia juridic\u0103 din Senat. Discu\u0163iile au pornit de la un proiect de lege care le impune primarilor r\u0103ma\u015fi f\u0103r\u0103 mandat, din cauza unor condamn\u0103ri, s\u0103 dea banii pentru organizarea de noi alegeri. Proiectul ini\u0163iat de liberalul Daniel Fenechiu a fost respins \u00een cele din urm\u0103. \u015eerban Nicolae, pre\u015fedintele comisiei, [&hellip;]<\/p>\n","protected":false},"author":1,"featured_media":142103,"comment_status":"open","ping_status":"","sticky":false,"template":"","format":"standard","meta":{"footnotes":""},"categories":[2],"tags":[11],"class_list":["post-142102","post","type-post","status-publish","format-standard","has-post-thumbnail","hentry","category-politics","tag-digi24"],"_links":{"self":[{"href":"https:\/\/analyse.optim.biz\/index.php?rest_route=\/wp\/v2\/posts\/142102","targetHints":{"allow":["GET"]}}],"collection":[{"href":"https:\/\/analyse.optim.biz\/index.php?rest_route=\/wp\/v2\/posts"}],"about":[{"href":"https:\/\/analyse.optim.biz\/index.php?rest_route=\/wp\/v2\/types\/post"}],"author":[{"embeddable":true,"href":"https:\/\/analyse.optim.biz\/index.php?rest_route=\/wp\/v2\/users\/1"}],"replies":[{"embeddable":true,"href":"https:\/\/analyse.optim.biz\/index.php?rest_route=%2Fwp%2Fv2%2Fcomments&post=142102"}],"version-history":[{"count":0,"href":"https:\/\/analyse.optim.biz\/index.php?rest_route=\/wp\/v2\/posts\/142102\/revisions"}],"wp:featuredmedia":[{"embeddable":true,"href":"https:\/\/analyse.optim.biz\/index.php?rest_route=\/wp\/v2\/media\/142103"}],"wp:attachment":[{"href":"https:\/\/analyse.optim.biz\/index.php?rest_route=%2Fwp%2Fv2%2Fmedia&parent=142102"}],"wp:term":[{"taxonomy":"category","embeddable":true,"href":"https:\/\/analyse.optim.biz\/index.php?rest_route=%2Fwp%2Fv2%2Fcategories&post=142102"},{"taxonomy":"post_tag","embeddable":true,"href":"https:\/\/analyse.optim.biz\/index.php?rest_route=%2Fwp%2Fv2%2Ftags&post=142102"}],"curies":[{"name":"wp","href":"https:\/\/api.w.org\/{rel}","templated":true}]}}