{"id":142099,"date":"2017-05-02T17:39:53","date_gmt":"2017-05-02T14:39:53","guid":{"rendered":"https:\/\/analyse.optim.biz\/?p=142099"},"modified":"2017-05-02T17:39:53","modified_gmt":"2017-05-02T14:39:53","slug":"proiect-iordache-nicolicea-reguli-noi-pentru-anchetele-parlamentare","status":"publish","type":"post","link":"https:\/\/analyse.optim.biz\/?p=142099","title":{"rendered":"Proiect Iordache-Nicolicea: reguli noi pentru anchetele parlamentare"},"content":{"rendered":"<div class=\"entry data-app-meta data-app-meta-article\" data-embed-base-url-canonical=\"https:\/\/www.digi24.ro\/embed\/stiri\/actualitate\/politica\/proiect-iordache-nicolicea-reguli-noi-pentru-anchetele-parlamentare-716483\">\n<p data-index=\"1\"><strong>\u00cen contextul \u00een care liderii PSD \u0219i ALDE doresc \u00eenfiin\u021barea unei comisii de anchet\u0103 parlamentar\u0103 pe tema alegerilor din 2009, deputa\u021bii social-democra\u021bi Florin Iordache \u0219i Eugen Nicolicea au depus proiecte de modificare a statutului \u0219i regulamentului proprii, \u00een sensul ca ancheta Parlamentului s\u0103 se desf\u0103\u0219oare \u00een paralel cu cea a procurorilor \u0219i toate persoanele chemate la audieri s\u0103 fie obligate s\u0103 se prezinte.<\/strong><\/p>\n<figure class=\"article-thumb\"><img decoding=\"async\" src=\"https:\/\/analyse.optim.biz\/wp-content\/uploads\/2024\/09\/ptemagfzad1lyjdlyjmym2qwndu5y2uwmjizmgnioguxotk4ytcwoq-thumb_.jpg\" alt=\"iordache2\" data-skip-htmlfix=\"1\" title=\"ptemagfzad1lyjdlyjmym2qwndu5y2uwmjizmgnioguxotk4ytcwoq-thumb_\"><figcaption> Foto: Inquam Photos \/ Octav Ganea <\/figcaption><\/figure>\n<p data-index=\"2\">O prim\u0103 propunere legislativ\u0103 semnat\u0103 de fo\u0219tii mini\u0219trii vizeaz\u0103 completarea art. 9 din Legea nr. 96\/2006 privind Statutul deputa\u021bilor \u0219i senatorilor \u00een sensul \u201einstituirii unor reguli clare pentru organizarea \u015fi func\u0163ionarea comisiilor de anchet\u0103\u201d. Concret, <strong>modificarea ar permite ca o comisie parlamentar\u0103 s\u0103-\u0219i deruleze propria anchet\u0103 \u00een paralel cu cea a procurorilor<\/strong>.<\/p>\n<p data-index=\"3\">O a doua propunere vizeaz\u0103 modificarea \u015fi completarea art. 9 din Regulamentul activit\u0103\u0163ilor comune ale Camerei Deputa\u0163ilor \u015fi Senatului, \u00een sensul \u201einstituirii unor reguli clare de procedur\u0103 referitoare la citarea \u015fi invitarea persoanelor \u00een fa\u0163a comisiei de anchet\u0103, care s\u0103 cuprind\u0103 \u015fi <strong>m\u0103surile ce pot fi propuse \u00een situa\u0163ia \u00een care aceste persoane refuz\u0103 nemotivat s\u0103 se prezinte \u00een fa\u0163a comisiei<\/strong>\u201d.<\/p>\n<p data-index=\"4\">Potrivit secretarului Camerei Ioana Bran (PSD), propunerile ar urma s\u0103 fie dezb\u0103tute \u0219i votate \u00eentr-un ritm alert: amendamentele pot fi formulate p\u00e2n\u0103 vineri, Comisia pentru statut redacteaz\u0103 raportul, votul se d\u0103 \u00een plenul comun.<\/p>\n<p data-index=\"5\">Fostul ministru al Justi\u021biei Florin Iordache a declarat c\u0103 Parlamentul nu va face anchet\u0103 penal\u0103, dar c\u0103 este \u201enormal\u201d ca persoanele chemate la audieri s\u0103 fie obligate s\u0103 vin\u0103. \u201eAncheta parlamentar\u0103 e anchet\u0103 parlamentar\u0103, prin care vrem s\u0103 afl\u0103m chestiuni care vizeaz\u0103 activitatea parlamentar\u0103, activitatea legislativ\u0103. Activitatea penal\u0103 sau activitatea pe care o desf\u0103\u015foar\u0103 Parchetul este alt\u0103 anchet\u0103. Tocmai de aceea sunt dou\u0103 ac\u0163iuni total diferite. Dac\u0103 sunt fapte de natur\u0103 penal\u0103, f\u0103r\u0103 \u00eendoial\u0103 \u015fi \u00een aceast\u0103 comisie de anchet\u0103 parlamentar\u0103, faptele respective sunt \u00eenaintate Parchetului\u201d, a declarat Iordache.<\/p>\n<p data-index=\"6\">Propunerile semnate de Florin Iordache \u0219i Eugen Nicolicea, ex-ministrul delegat pentru rela\u021bia cu Parlamentul, sunt depuse dup\u0103 ce, s\u0103pt\u0103m\u00e2na trecut\u0103, a fost retrimis Comisiilor juridice proiectul de hot\u0103r\u00e2re pentru \u00eenfiin\u021barea Comisiei de anchet\u0103 cu privire la alegerile preziden\u0163iale din 2009.<\/p>\n<p data-index=\"7\"><a href=\"https:\/\/www.digi24.ro\/stiri\/actualitate\/politica\/tariceanu-si-dragnea-vor-ancheta-parlamentara-pe-alegerile-din-2009-705610\" target=\"_blank\" data-skip-linkfix=\"1\" rel=\"noopener\">Constituirea comisiei de anchet\u0103 a fost cerut\u0103 de pre\u0219edin\u021bii PSD \u0219i ALDE<\/a>, Liviu Dragnea \u0219i C\u0103lin Popescu T\u0103riceanu. Ulterior, \u0219eful PSD a ar\u0103tat c\u0103 vrea s\u0103 conduc\u0103 comisia. S\u0103pt\u0103m\u00e2na trecut\u0103, <a href=\"https:\/\/www.digi24.ro\/stiri\/actualitate\/politica\/ancheta-alegeri-2009-pregateste-dragnea-chemarea-lui-iohannis-in-fata-comisiei-713706\" target=\"_blank\" data-skip-linkfix=\"1\" rel=\"noopener\">Dragnea a l\u0103sat a se \u00een\u021belege c\u0103 inten\u021bioneaz\u0103 s\u0103-l cheme la audieri pe pre\u0219edintele Klaus Iohannis<\/a> \u0219i a vorbit despre modificarea regulamentelor astfel \u00eenc\u00e2t persoanele chemate s\u0103 nu poat\u0103 refuza invita\u021bia.<\/p>\n<\/div>\n<p> Source URL: https:\/\/www.digi24.ro\/stiri\/actualitate\/politica\/proiect-iordache-nicolicea-reguli-noi-pentru-anchetele-parlamentare-716483<\/p>\n","protected":false},"excerpt":{"rendered":"<p>\u00cen contextul \u00een care liderii PSD \u0219i ALDE doresc \u00eenfiin\u021barea unei comisii de anchet\u0103 parlamentar\u0103 pe tema alegerilor din 2009, deputa\u021bii social-democra\u021bi Florin Iordache \u0219i Eugen Nicolicea au depus proiecte de modificare a statutului \u0219i regulamentului proprii, \u00een sensul ca ancheta Parlamentului s\u0103 se desf\u0103\u0219oare \u00een paralel cu cea a procurorilor \u0219i toate persoanele chemate [&hellip;]<\/p>\n","protected":false},"author":1,"featured_media":142100,"comment_status":"open","ping_status":"","sticky":false,"template":"","format":"standard","meta":{"footnotes":""},"categories":[2],"tags":[11],"class_list":["post-142099","post","type-post","status-publish","format-standard","has-post-thumbnail","hentry","category-politics","tag-digi24"],"_links":{"self":[{"href":"https:\/\/analyse.optim.biz\/index.php?rest_route=\/wp\/v2\/posts\/142099","targetHints":{"allow":["GET"]}}],"collection":[{"href":"https:\/\/analyse.optim.biz\/index.php?rest_route=\/wp\/v2\/posts"}],"about":[{"href":"https:\/\/analyse.optim.biz\/index.php?rest_route=\/wp\/v2\/types\/post"}],"author":[{"embeddable":true,"href":"https:\/\/analyse.optim.biz\/index.php?rest_route=\/wp\/v2\/users\/1"}],"replies":[{"embeddable":true,"href":"https:\/\/analyse.optim.biz\/index.php?rest_route=%2Fwp%2Fv2%2Fcomments&post=142099"}],"version-history":[{"count":0,"href":"https:\/\/analyse.optim.biz\/index.php?rest_route=\/wp\/v2\/posts\/142099\/revisions"}],"wp:featuredmedia":[{"embeddable":true,"href":"https:\/\/analyse.optim.biz\/index.php?rest_route=\/wp\/v2\/media\/142100"}],"wp:attachment":[{"href":"https:\/\/analyse.optim.biz\/index.php?rest_route=%2Fwp%2Fv2%2Fmedia&parent=142099"}],"wp:term":[{"taxonomy":"category","embeddable":true,"href":"https:\/\/analyse.optim.biz\/index.php?rest_route=%2Fwp%2Fv2%2Fcategories&post=142099"},{"taxonomy":"post_tag","embeddable":true,"href":"https:\/\/analyse.optim.biz\/index.php?rest_route=%2Fwp%2Fv2%2Ftags&post=142099"}],"curies":[{"name":"wp","href":"https:\/\/api.w.org\/{rel}","templated":true}]}}