{"id":142096,"date":"2017-05-02T20:06:14","date_gmt":"2017-05-02T17:06:14","guid":{"rendered":"https:\/\/analyse.optim.biz\/?p=142096"},"modified":"2017-05-02T20:06:14","modified_gmt":"2017-05-02T17:06:14","slug":"raspunsul-lui-basescu-dupa-dezvaluirile-lui-oprean-ginerele-lui-ceausescu","status":"publish","type":"post","link":"https:\/\/analyse.optim.biz\/?p=142096","title":{"rendered":"R\u0103spunsul lui B\u0103sescu dup\u0103 \u201edezv\u0103luirile\u201d lui Oprean, ginerele lui Ceau\u0219escu"},"content":{"rendered":"<div class=\"entry data-app-meta data-app-meta-article\" data-embed-base-url-canonical=\"https:\/\/www.digi24.ro\/embed\/stiri\/actualitate\/politica\/raspunsul-lui-basescu-dupa-dezvaluirile-lui-opran-ginerele-lui-ceausescu-716540\">\n<p data-index=\"1\"><strong>Traian B\u0103sescu a r\u0103spuns, mar\u0163i, <a href=\"https:\/\/www.digi24.ro\/stiri\/actualitate\/politica\/ginerele-lui-ceausescu-basescu-a-inchiriat-un-vapor-cu-banii-statului-sa-faca-bisnita-715875\" target=\"_blank\" data-skip-linkfix=\"1\" rel=\"noopener\">acuza\u0163iilor ginerelui lui Nicolae Ceu\u015fescu, Mircea Oprean<\/a>, pe care l-a numit \u201epropagandist voluntar, un om ur\u00e2t care tr\u0103ie\u015fte din minciun\u0103\u201d afirm\u00e2nd c\u0103 declara\u0163iile acestuia referitoare la o tranzac\u0163ie comercial\u0103 rom\u00e2no-american\u0103 care ar fi fost \u00eempiedicat\u0103 de c\u0103tre el, \u00een perioada \u00een care era reprezentant al companiei Navrom la Anvers sunt minciuni pentru c\u0103 el era reprezentantul companiei de naviga\u0163ie Navrom \u015fi nu avea cum s\u0103 \u00eenchirieze vapoare pentru al\u0163ii, iar navele nu se angajau niciodat\u0103 din str\u0103in\u0103tate.<\/strong><\/p>\n<p data-index=\"2\"><img loading=\"lazy\" decoding=\"async\" class=\"alignnone size-full wp-image-716544\" src=\"https:\/\/analyse.optim.biz\/wp-content\/uploads\/2024\/09\/ptk3zjvhotdmnmjkztqwy2zmyjywzwizzmq4oguwywvj-thumb_.jpg\" alt=\"basescu\" width=\"1109\" height=\"811\" data-skip-htmlfix=\"1\" title=\"ptk3zjvhotdmnmjkztqwy2zmyjywzwizzmq4oguwywvj-thumb_\"><\/p>\n<p data-index=\"3\"><strong>\u201eDomnul Marius Oprean spune alt\u0103 tr\u0103snaie, cum am primit eu bani din \u0163ar\u0103 la Anvers fiind s\u0103 angajez un vapor care trebuia s\u0103 care piei de vac\u0103 venite din America \u015fi eu trebuia s\u0103 descarc pieile de vac\u0103 \u015fi s\u0103 le \u00eencarc pe un vapor pentru care primisem bani de acas\u0103 s\u0103-l angajez. Acest domn Oprean este de pe alt\u0103 planet\u0103. Eu am servit o companie care ea punea la dispozi\u0163ie vapoare \u015fi nu \u00eenchiria vapoare. Eram reprezentantul companiei de naviga\u0163ie Navrom, deci n-aveam cum s\u0103 \u00eenchiriez vapoare pentru al\u0163ii pentru c\u0103 noi d\u0103deam vapoare. Mai mult, navele nu se angajau niciodat\u0103 din str\u0103in\u0103tate. Angajarea navelor pentru transport se f\u0103cea numai de serviciul companiei. Ei negociau contractele, ei asigurau capacit\u0103\u0163ile de care aveau nevoie agen\u0163ii economici rom\u00e2ni cu nave proprii, nu cu nave \u00eenchiriate\u201d<\/strong>, a declarat Traian B\u0103sescu, afirm\u00e2nd c\u0103 Oprean a r\u0103mas cu <strong>\u201en\u0103ravurile lui socru-s\u0103u \u015fi ale soacr\u0103-sii\u201d<\/strong>.<\/p>\n<p data-index=\"4\">Fostul pre\u015fedinte a \u0163inut s\u0103 sublinieze c\u0103 nu a primit niciodat\u0103 bani s\u0103 angajeze vreo nav\u0103.<\/p>\n<p data-index=\"5\"><strong>\u201eFabulatorul (Mircea Oprean &#8211; n.r.) nu spune nici mai mult, nici mai pu\u0163in dec\u00eet c\u0103 am angajat eu nava, dar i-au r\u0103mas lui ta-su mare pieile de vac\u0103 pe cheu pentru c\u0103 eu am pus nava s\u0103 fac\u0103 contraband\u0103, adic\u0103 am \u00eenc\u0103rcat-o cu blugi, \u0163ig\u0103ri \u015fi\u00a0whiskey \u015fi am trimis-o s\u0103 fac\u0103 contraband\u0103 \u00een loc s\u0103-i aduc lui socru-su pieile de vac\u0103 ca s\u0103 fac\u0103 bocanci. Asta e explica\u0163ia pe care a dat-o. S-a pierdut produc\u0163ia de bocanci din cauza mea, dup\u0103 mintea lui Oprean\u201d<\/strong>, a sus\u0163inut B\u0103sescu.<\/p>\n<p data-index=\"6\">Liderul PMP a subliniat c\u0103 Mircea Oprean minte \u015fi c\u0103 este o persoan\u0103 c\u0103reia <strong>\u201enu i-a pl\u0103cut\u00a0condamnarea comunismului\u201d<\/strong>, afirm\u00e2nd c\u0103 rudele lui Ceau\u015fescu \u201etrebuie s\u0103 suporte consecin\u0163ele\u201d.<\/p>\n<p data-index=\"7\"><strong>\u201eAcest individ minte \u015fi asta \u00eemi arat\u0103 o dat\u0103 \u00een plus ce bine am f\u0103cut c\u0103 am condamnat comunismul. Un individ care a tr\u0103it \u00een atmosfera securistoid\u0103 a lui socru-s\u0103u \u015fi al soacr\u0103-sii vine s\u0103 vorbeasc\u0103 public despre un om pe care nu l-a v\u0103zut \u00een via\u0163a lui \u015fi cred c\u0103 nici n-a auzit p\u00e2n\u0103 am ie\u015fit pre\u015fedinte de mine, dar \u00ee\u015fi arunc\u0103 spurcata propagand\u0103 de tip comunist la pachet cu Ro\u015fca St\u0103nescu asupra unui om pe care probabil \u00eel ur\u0103\u015fte. \u015etiu c\u0103 nu i-a pl\u0103cut condamnarea comunismului. \u015etiu c\u0103 nu i-a pl\u0103cut c\u0103 am declarat comunismul regim ilegitim \u015fi criminal, dar trebuie s\u0103 suporte \u015fi rubedeniile lui Ceau\u015fescu consecin\u0163ele\u201d<\/strong>, a mai spus fostul \u015fef al statului.<\/p>\n<p data-index=\"8\">B\u0103sescu l-a caracterizat pe Oprean ca fiind un \u201epropagandist voluntar, un om ur\u00e2t care tr\u0103ie\u015fte din minciun\u0103\u201d.<\/p>\n<p data-index=\"9\"><strong>\u201eNu-i este clar propagandistului din familia Ceau\u015fescu dac\u0103 eu am fost sau nu ofi\u0163er, dar sigur am fost omul lor. \u00cen primul r\u00e2nd eu nu am fost trimis de o intreprindere de comer\u0163 exterior, n-am fost trimis de Ministerul de Externe, n-am fost trimis de Ministerul de Interne. Eu am fost trimis prin ordin al ministrului Transporturilor. N-avea nimic Ministerul Transporturilor cu partea de securitate \u015fi adunat informa\u0163ii. Deci nicio leg\u0103tur\u0103. Bol\u015fevicul comunist a \u0163inut s\u0103 mai lanseze o perdea de fum. Cred am fost cel mai c\u0103utat politician legat de acest lucru \u015fi slav\u0103 Domnului c\u0103 am avut inspira\u0163ia s\u0103 predau cele peste dou\u0103 milioane de dosare ale fostei securit\u0103\u0163ii ca s\u0103 nu existe dubii c\u0103 a\u015f fi re\u0163inut ceva\u201d<\/strong>, a conchis B\u0103sescu.<\/p>\n<p data-index=\"10\">Mircea Oprean, ginerele lui Nicolae Ceau\u015fescu, a afirmat, la Antena 3, c\u0103 o tranzac\u0163ie comercial\u0103 rom\u00e2no-american\u0103 ar fi fost \u00eempiedicat\u0103 de c\u0103tre Traian B\u0103sescu, \u00een perioada \u00een care era reprezentant al companiei Navrom la Anvers, deoarece ar fi trimis vaporul \u00eenchiriat pentru transbordarea m\u0103rfurilor s\u0103 fac\u0103 \u201ebi\u015fni\u0163\u0103\u201d, incidentul fiind mu\u015famalizat cu ajutorul Securit\u0103\u0163ii.<\/p>\n<p data-index=\"11\"><em>Sursa: News.ro<\/em><\/p>\n<\/div>\n<p> Source URL: https:\/\/www.digi24.ro\/stiri\/actualitate\/politica\/raspunsul-lui-basescu-dupa-dezvaluirile-lui-opran-ginerele-lui-ceausescu-716540<\/p>\n","protected":false},"excerpt":{"rendered":"<p>Traian B\u0103sescu a r\u0103spuns, mar\u0163i, acuza\u0163iilor ginerelui lui Nicolae Ceu\u015fescu, Mircea Oprean, pe care l-a numit \u201epropagandist voluntar, un om ur\u00e2t care tr\u0103ie\u015fte din minciun\u0103\u201d afirm\u00e2nd c\u0103 declara\u0163iile acestuia referitoare la o tranzac\u0163ie comercial\u0103 rom\u00e2no-american\u0103 care ar fi fost \u00eempiedicat\u0103 de c\u0103tre el, \u00een perioada \u00een care era reprezentant al companiei Navrom la Anvers sunt [&hellip;]<\/p>\n","protected":false},"author":1,"featured_media":142097,"comment_status":"open","ping_status":"","sticky":false,"template":"","format":"standard","meta":{"footnotes":""},"categories":[2],"tags":[11],"class_list":["post-142096","post","type-post","status-publish","format-standard","has-post-thumbnail","hentry","category-politics","tag-digi24"],"_links":{"self":[{"href":"https:\/\/analyse.optim.biz\/index.php?rest_route=\/wp\/v2\/posts\/142096","targetHints":{"allow":["GET"]}}],"collection":[{"href":"https:\/\/analyse.optim.biz\/index.php?rest_route=\/wp\/v2\/posts"}],"about":[{"href":"https:\/\/analyse.optim.biz\/index.php?rest_route=\/wp\/v2\/types\/post"}],"author":[{"embeddable":true,"href":"https:\/\/analyse.optim.biz\/index.php?rest_route=\/wp\/v2\/users\/1"}],"replies":[{"embeddable":true,"href":"https:\/\/analyse.optim.biz\/index.php?rest_route=%2Fwp%2Fv2%2Fcomments&post=142096"}],"version-history":[{"count":0,"href":"https:\/\/analyse.optim.biz\/index.php?rest_route=\/wp\/v2\/posts\/142096\/revisions"}],"wp:featuredmedia":[{"embeddable":true,"href":"https:\/\/analyse.optim.biz\/index.php?rest_route=\/wp\/v2\/media\/142097"}],"wp:attachment":[{"href":"https:\/\/analyse.optim.biz\/index.php?rest_route=%2Fwp%2Fv2%2Fmedia&parent=142096"}],"wp:term":[{"taxonomy":"category","embeddable":true,"href":"https:\/\/analyse.optim.biz\/index.php?rest_route=%2Fwp%2Fv2%2Fcategories&post=142096"},{"taxonomy":"post_tag","embeddable":true,"href":"https:\/\/analyse.optim.biz\/index.php?rest_route=%2Fwp%2Fv2%2Ftags&post=142096"}],"curies":[{"name":"wp","href":"https:\/\/api.w.org\/{rel}","templated":true}]}}