{"id":1419850,"date":"2014-06-11T20:20:21","date_gmt":"2014-06-11T17:20:21","guid":{"rendered":"https:\/\/analyse.optim.biz\/?p=1419850"},"modified":"2014-06-11T20:20:21","modified_gmt":"2014-06-11T17:20:21","slug":"berd-banca-pentru-proiecte-europene-a-primariilor-si-consiliilor-judetene","status":"publish","type":"post","link":"https:\/\/analyse.optim.biz\/?p=1419850","title":{"rendered":"BERD, banca pentru proiecte europene a Prim\u0103riilor \u015fi Consiliilor Jude\u0163ene"},"content":{"rendered":"<div class=\"pf-content\">\n<p><a href=\"http:\/\/timpolis.ro\/wp-content\/uploads\/2014\/06\/Intalnirea-BERD.jpg\"><img decoding=\"async\" loading=\"lazy\" alt=\"Intalnirea BERD\" height=\"164\" title=\"Intalnirea BERD\" width=\"246\" class=\"alignright size-medium wp-image-8561 lazyload\" src=\"https:\/\/analyse.optim.biz\/wp-content\/uploads\/2026\/01\/intalnirea-berd-270x180-1.jpg\"><\/a><\/p>\n<p><img decoding=\"async\" loading=\"lazy\" alt=\"Intalnirea BERD\" class=\"alignright size-medium wp-image-8561\" height=\"164\" src=\"https:\/\/analyse.optim.biz\/wp-content\/uploads\/2026\/01\/intalnirea-berd-270x180-1.jpg\" title=\"Intalnirea BERD\" width=\"246\"><strong>Banca European\u0103 de Reconstruc\u0163ie \u015fi Dezvoltare ar putea asigura autorit\u0103\u0163ilor locale, cu proiecte finan\u0163ate din fonduri UE, \u00eemprumuturi pentru cofinan\u0163are, f\u0103r\u0103 s\u0103 mai fie nevoie ca acestea s\u0103 apeleze la b\u0103nci comerciale. Este o veste care vine cam t\u00e2rziu pentru Consiliul Jude\u0163ean Timi\u015f \u015fi Prim\u0103ria Timi\u015foara, care au apelat deja la credite bancare pentru cofinan\u0163\u0103ri de proiecte europene.<\/strong><\/p>\n<p>\n\t\u00a0\n<\/p>\n<h4><strong>O variant\u0103 tardiv\u0103<\/strong><br \/><\/h4>\n<p>\n\t\u00cen urma unei discu\u0163ii cu BERD \u015fi Ministerul de Finan\u0163e, exist\u0103 posibilitatea de a \u00eencheia un acord prin care autorit\u0103\u0163ile locale s\u0103 poat\u0103 s\u0103 primeasc\u0103 \u00eemprumutul pentru partea de confinan\u0163are a proiectelor europene. Potrivit Executivului, b\u0103ncile comerciale acord\u0103 foarte greu asemenea credite, solicit\u00e2nd autorit\u0103\u0163ilor locale garan\u0163ii de care acestea nu dispun.\n<\/p>\n<p>\n\tVestea este \u00eent\u00e2rziat\u0103 pentru Prim\u0103ria Timi\u015foara, c\u0103reia IFC, parte a B\u0103ncii Mondiale, \u00eei acord\u0103 un \u00eemprumut \u00een valoare de 112 milioane lei, adic\u0103, aproximativ 25 milioane euro, pentru a sus\u0163ine dezvoltarea infrastructurii municipale \u015fi sociale. \u00cemprumutul va ajuta Timi\u015foara s\u0103 cofinan\u0163eze proiectele care sunt deja sus\u0163inute de U.E., printre care se num\u0103r\u0103 \u00eembun\u0103t\u0103\u0163iri \u00een sectoare precum transport, termoficare, re\u00eennoire urban\u0103 \u015fi infrastructur\u0103 social\u0103. Totodat\u0103, sprijinul acordat \u00eentreprinderilor mici \u015fi mijlocii este destinat moderniz\u0103rii sistemelor \u015fi serviciilor informatice municipale.\n<\/p>\n<h4><strong>O variant\u0103 mult mai bun\u0103 pentru Consiliul Jude\u0163ean<\/strong><br \/><\/h4>\n<p>\n\tUn \u00eemprumut de la BERD ar fi fost o variant\u0103 mult mai bun\u0103 \u015fi pentru Consiliul Jude\u0163ean Timi\u015f. \u00cen acest caz, str\u0103daniile conducerii administra\u0163iei jude\u0163ene, care se chinuie de c\u00e2teva luni bune s\u0103 conving\u0103 consilierii jude\u0163eni de oportunitatea contract\u0103rii unui credit cu o valoare destul de mare, pentru finan\u0163area obiectivelor de investi\u0163ii, au dat roade \u00een cele din urm\u0103, \u00eemprumutul fiind aprobat la penultima \u015fedin\u0163\u0103 de plen. Consilierii jude\u0163eni care s-au opus acestei metode de finan\u0163are spun c\u0103 nici acum nu este foarte clar\u0103 lista de investi\u0163ii \u015fi nici oportunitatea obiectivelor care se doresc a fi finan\u0163ate din acest \u00eemprumut.\n<\/p>\n<p>\n\tConducerea administra\u0163iei jude\u0163ene a publicat la \u00eenceputul anului o list\u0103 cu proiectele pentru care vor fi folosi\u0163i banii ob\u0163inu\u0163i prin credit. \u00cens\u0103 alocarea era estimativ\u0103. Printre proiectele enumerate cu finan\u0163\u0103ri estimative se num\u0103r\u0103 restaurarea \u015fi refunc\u0163ionalitatea Castelului Huniade al Muzeului Banatului Timi\u015foara, cu 28 de milioane de lei, Parcul Tehnologic pentru Energie Alternativ\u0103, cu 30 de milioane de lei, sau finan\u0163area cu 30 de milioane de lei a proiectului \u201eSistem integrat de management al de\u015feurilor \u00een jude\u0163ul Timi\u015f\u201d, centrat pe Deponeul de la Ghizela.\n<\/p>\n<p>\n\tConsilierii jude\u0163eni PDL, care se opun contract\u0103rii \u00eemprumutului, sus\u0163in c\u0103 valoarea acestui credit este foarte mare, iar gradul de \u00eendatorare al jude\u0163ului, dup\u0103 contractarea acestui credit, blocheaz\u0103 ob\u0163inerea altuia, \u00een cazul \u00een care pe viitor se impune s\u0103 se apeleze\u00a0 la aceast\u0103 form\u0103 de finan\u0163are a investi\u0163iilor jude\u0163ene. Ace\u015ftia mai spun c\u0103, din calculele f\u0103cute, dup\u0103 contractarea creditului, gradul de \u00eendatorare va fi de peste 26% \u015fi se \u00eentreab\u0103 ce va face CL Timi\u015f dac\u0103, p\u00e2n\u0103 c\u00e2nd va termina de rambursat acest credit, va interveni o nevoie urgent\u0103 de finan\u0163are.\n<\/p>\n<p>\n\tChiar \u015fi cu aceste obiec\u0163ii, creditul a fost aprobat.\u00a0<em>\u201cCreditul a ap\u0103rut ca o necesitate disperat\u0103, dup\u0103 ce actuala conducere a CJT \u00a0a constatat c\u0103 aproape tot ce a promis \u00een campanie nu are acoperire \u00een aloc\u0103rile bugetare venite de pe plan central. Ca atare, s-a apelat la aceast\u0103 ultim\u0103 solu\u0163ie. Diferen\u0163a care i-a mai r\u0103mas Consiliului Jude\u0163ean p\u00e2n\u0103 la pragul maxim de \u00eendatorare nu mai poate fi \u00eens\u0103 valorificat\u0103 \u00een niciun fel\u201d,<\/em>\u00a0ne-a declarat consilierul jude\u0163ean PDL <strong>Marius Martinescu<\/strong>.<\/p>\n<div id=\"metaslider-id-56545\" class=\"ml-slider-3-18-9 metaslider metaslider-responsive metaslider-56545 ml-slider nav-hidden nav-hidden nav-hidden\">\n<div id=\"metaslider_container_56545\">\n<ul id=\"metaslider_56545\" class=\"rslides\">\n<li><a href=\"https:\/\/www.iuliustown.ro\/ro\/winter-sale\" target=\"_blank\"><img decoding=\"async\" width=\"610\" height=\"260\" loading=\"lazy\" title=\"Banner Iulius Town - Winter Sales - ianuarie 2025 - 610x260\" class=\"slider-56545 slide-61078 lazyload\" src=\"https:\/\/analyse.optim.biz\/wp-content\/uploads\/2026\/01\/banner-iulius-town-winter-sales-ianuarie-2025-610x260-1-67.png\"><img decoding=\"async\" width=\"610\" height=\"260\" src=\"https:\/\/analyse.optim.biz\/wp-content\/uploads\/2026\/01\/banner-iulius-town-winter-sales-ianuarie-2025-610x260-1-67.png\" class=\"slider-56545 slide-61078\" loading=\"lazy\" title=\"Banner Iulius Town - Winter Sales - ianuarie 2025 - 610x260\"><\/a><\/li>\n<\/ul>\n<\/div>\n<\/div>\n<div class=\"printfriendly pf-alignright\"><a href=\"https:\/\/timpolis.ro\/berd-banca-pentru-proiecte-europene-a-primariilor-si-consiliilor-judetene-2\/\" rel=\"nofollow\" title=\"Printer Friendly, PDF &amp; Email\"><img decoding=\"async\" alt=\"Print Friendly, PDF &amp; Email\" class=\"lazyload\" src=\"https:\/\/analyse.optim.biz\/wp-content\/uploads\/2026\/01\/print-button-67.png\" title=\"print-button-67\"><img decoding=\"async\" src=\"https:\/\/analyse.optim.biz\/wp-content\/uploads\/2026\/01\/print-button-67.png\" alt=\"Print Friendly, PDF &amp; Email\" title=\"print-button-67\"><\/a><\/div>\n<\/div>\n<p> Source URL: https:\/\/timpolis.ro\/berd-banca-pentru-proiecte-europene-a-primariilor-si-consiliilor-judetene-2\/<\/p>\n","protected":false},"excerpt":{"rendered":"<p>Banca European\u0103 de Reconstruc\u0163ie \u015fi Dezvoltare ar putea asigura autorit\u0103\u0163ilor locale, cu proiecte finan\u0163ate din fonduri UE, \u00eemprumuturi pentru cofinan\u0163are, f\u0103r\u0103 s\u0103 mai fie nevoie ca acestea s\u0103 apeleze la b\u0103nci comerciale. Este o veste care vine cam t\u00e2rziu pentru Consiliul Jude\u0163ean Timi\u015f \u015fi Prim\u0103ria Timi\u015foara, care au apelat deja la credite bancare pentru cofinan\u0163\u0103ri [&hellip;]<\/p>\n","protected":false},"author":1,"featured_media":1419854,"comment_status":"open","ping_status":"","sticky":false,"template":"","format":"standard","meta":{"footnotes":""},"categories":[89],"tags":[202],"class_list":["post-1419850","post","type-post","status-publish","format-standard","has-post-thumbnail","hentry","category-romania","tag-timpolis-ro"],"_links":{"self":[{"href":"https:\/\/analyse.optim.biz\/index.php?rest_route=\/wp\/v2\/posts\/1419850","targetHints":{"allow":["GET"]}}],"collection":[{"href":"https:\/\/analyse.optim.biz\/index.php?rest_route=\/wp\/v2\/posts"}],"about":[{"href":"https:\/\/analyse.optim.biz\/index.php?rest_route=\/wp\/v2\/types\/post"}],"author":[{"embeddable":true,"href":"https:\/\/analyse.optim.biz\/index.php?rest_route=\/wp\/v2\/users\/1"}],"replies":[{"embeddable":true,"href":"https:\/\/analyse.optim.biz\/index.php?rest_route=%2Fwp%2Fv2%2Fcomments&post=1419850"}],"version-history":[{"count":0,"href":"https:\/\/analyse.optim.biz\/index.php?rest_route=\/wp\/v2\/posts\/1419850\/revisions"}],"wp:featuredmedia":[{"embeddable":true,"href":"https:\/\/analyse.optim.biz\/index.php?rest_route=\/wp\/v2\/media\/1419854"}],"wp:attachment":[{"href":"https:\/\/analyse.optim.biz\/index.php?rest_route=%2Fwp%2Fv2%2Fmedia&parent=1419850"}],"wp:term":[{"taxonomy":"category","embeddable":true,"href":"https:\/\/analyse.optim.biz\/index.php?rest_route=%2Fwp%2Fv2%2Fcategories&post=1419850"},{"taxonomy":"post_tag","embeddable":true,"href":"https:\/\/analyse.optim.biz\/index.php?rest_route=%2Fwp%2Fv2%2Ftags&post=1419850"}],"curies":[{"name":"wp","href":"https:\/\/api.w.org\/{rel}","templated":true}]}}