{"id":1419355,"date":"2024-06-11T09:39:30","date_gmt":"2024-06-11T06:39:30","guid":{"rendered":"https:\/\/analyse.optim.biz\/?p=1419355"},"modified":"2024-06-11T09:39:30","modified_gmt":"2024-06-11T06:39:30","slug":"doua-masini-care-nu-mai-exista-oficial-au-aparut-in-vaslui","status":"publish","type":"post","link":"https:\/\/analyse.optim.biz\/?p=1419355","title":{"rendered":"Dou\u0103 ma\u0219ini care nu mai exist\u0103 oficial au ap\u0103rut \u00een Vaslui"},"content":{"rendered":"<div class=\"entry-content clearfix\">\n<p><strong>Poli\u0163i\u015ftii de frontier\u0103 din cadrul Punctului de Trecere a Frontierei Albi\u0163a au depistat \u00een ultimele zile dou\u0103 autoturisme radiate din circula\u0163ie de autorit\u0103\u0163ile din Olanda \u015fi Luxemburg.<\/strong><\/p>\n<p>Potrivit unui comunicat de pres\u0103 transmis luni de reprezentan\u0163ii Inspectoratului Teritorial al Poli\u0163iei de Frontier\u0103 (ITPF) Ia\u015fi, cele dou\u0103 ma\u015fini au fost descoperite la controlul de frontier\u0103, \u00een zilele de 8 \u015fi 9 iunie, cu ocazia formalit\u0103\u0163ilor de control pe sensul de ie\u015fire din \u0163ar\u0103 c\u0103tre Republica Moldova, una dintre ma\u015fini fiind condus\u0103 de un cet\u0103\u0163ean rom\u00e2n \u015fi alta, de un cet\u0103\u0163ean moldovean.<\/p>\n<p>\u00cen cazul autoturismului din Olanda, poli\u0163i\u015ftii de frontier\u0103 efectueaz\u0103 cercet\u0103ri sub aspectul s\u0103v\u00e2r\u015firii infrac\u0163iunilor de punerea \u00een circula\u0163ie sau conducerea pe drumurile publice a unui autovehicul ne\u00eenmatriculat sau ne\u00eenregistrat \u015fi punerea \u00een circula\u0163ie sau conducerea pe drumurile publice a unui autovehicul cu num\u0103r fals de \u00eenmatriculare, la finalizare urm\u00e2nd a fi dispuse m\u0103surile legale care se impun.<\/p>\n<p>\u00cen cel\u0103lalt caz, poli\u0163i\u015ftii de frontier\u0103 fac cercet\u0103ri sub aspectul s\u0103v\u00e2r\u015firii infrac\u0163iunii de punerea \u00een circula\u0163ie sau conducerea pe drumurile publice a unui vehicul ne\u00eenmatriculat sau ne\u00eenregistrat, la finalizare urm\u00e2nd a fi dispuse m\u0103surile legale care se impun.<\/p>\n<aside class=\"mashsb-container mashsb-main \">\n<div class=\"mashsb-box\">\n<div class=\"mashsb-count mash-medium\">\n<div class=\"counts mashsbcount\">0<\/div>\n<p><span class=\"mashsb-sharetext\">SHARES<\/span><\/div>\n<div class=\"mashsb-buttons\"><a class=\"mashicon-facebook mash-medium mashsb-noshadow\" href=\"https:\/\/www.facebook.com\/sharer.php?u=http%3A%2F%2Fwww.ziaruldevaslui.ro%2Fdoua-masini-care-nu-mai-exista-oficial-au-aparut-in-vaslui%2F\" target=\"_top\" rel=\"nofollow\"><span class=\"text\">Share\u00a0pe\u00a0facebook<\/span><\/a><a class=\"mashicon-twitter mash-medium mashsb-noshadow\" href=\"https:\/\/twitter.com\/intent\/tweet?text=Dou%C4%83%20ma%C8%99ini%20care%20nu%20mai%20exist%C4%83%20oficial%20au%20ap%C4%83rut%20%C3%AEn%20Vaslui&amp;url=http:\/\/www.ziaruldevaslui.ro\/?p=46236\" target=\"_top\" rel=\"nofollow\"><span class=\"text\">Share\u00a0pe\u00a0twitter<\/span><\/a><\/div>\n<\/div>\n<\/aside>\n<\/div>\n<div class=\"entry-content\">\n<p>Ini\u021bial am crezut c\u0103 Ionel Sandu s-a apucat de Stand Up Comedy. Cu afacerile nu st\u0103 extraordinar, cu politica nici<\/p>\n<\/div>\n<p> Source URL: http:\/\/www.ziaruldevaslui.ro\/doua-masini-care-nu-mai-exista-oficial-au-aparut-in-vaslui\/<\/p>\n","protected":false},"excerpt":{"rendered":"<p>Poli\u0163i\u015ftii de frontier\u0103 din cadrul Punctului de Trecere a Frontierei Albi\u0163a au depistat \u00een ultimele zile dou\u0103 autoturisme radiate din circula\u0163ie de autorit\u0103\u0163ile din Olanda \u015fi Luxemburg. Potrivit unui comunicat de pres\u0103 transmis luni de reprezentan\u0163ii Inspectoratului Teritorial al Poli\u0163iei de Frontier\u0103 (ITPF) Ia\u015fi, cele dou\u0103 ma\u015fini au fost descoperite la controlul de frontier\u0103, \u00een [&hellip;]<\/p>\n","protected":false},"author":1,"featured_media":0,"comment_status":"open","ping_status":"","sticky":false,"template":"","format":"standard","meta":{"footnotes":""},"categories":[89],"tags":[218],"class_list":["post-1419355","post","type-post","status-publish","format-standard","hentry","category-romania","tag-ziaruldevaslui-ro"],"_links":{"self":[{"href":"https:\/\/analyse.optim.biz\/index.php?rest_route=\/wp\/v2\/posts\/1419355","targetHints":{"allow":["GET"]}}],"collection":[{"href":"https:\/\/analyse.optim.biz\/index.php?rest_route=\/wp\/v2\/posts"}],"about":[{"href":"https:\/\/analyse.optim.biz\/index.php?rest_route=\/wp\/v2\/types\/post"}],"author":[{"embeddable":true,"href":"https:\/\/analyse.optim.biz\/index.php?rest_route=\/wp\/v2\/users\/1"}],"replies":[{"embeddable":true,"href":"https:\/\/analyse.optim.biz\/index.php?rest_route=%2Fwp%2Fv2%2Fcomments&post=1419355"}],"version-history":[{"count":0,"href":"https:\/\/analyse.optim.biz\/index.php?rest_route=\/wp\/v2\/posts\/1419355\/revisions"}],"wp:attachment":[{"href":"https:\/\/analyse.optim.biz\/index.php?rest_route=%2Fwp%2Fv2%2Fmedia&parent=1419355"}],"wp:term":[{"taxonomy":"category","embeddable":true,"href":"https:\/\/analyse.optim.biz\/index.php?rest_route=%2Fwp%2Fv2%2Fcategories&post=1419355"},{"taxonomy":"post_tag","embeddable":true,"href":"https:\/\/analyse.optim.biz\/index.php?rest_route=%2Fwp%2Fv2%2Ftags&post=1419355"}],"curies":[{"name":"wp","href":"https:\/\/api.w.org\/{rel}","templated":true}]}}