{"id":141928,"date":"2017-05-04T13:03:18","date_gmt":"2017-05-04T10:03:18","guid":{"rendered":"https:\/\/analyse.optim.biz\/?p=141928"},"modified":"2017-05-04T13:03:18","modified_gmt":"2017-05-04T10:03:18","slug":"turcan-despre-gorghiu-face-opozitia-praf-abordare-tipic-psd-ista","status":"publish","type":"post","link":"https:\/\/analyse.optim.biz\/?p=141928","title":{"rendered":"Turcan despre Gorghiu: Face \u201eopozi\u021bia praf\u201d, \u201eabordare tipic PSD-ist\u0103\u201d"},"content":{"rendered":"<div class=\"entry data-app-meta data-app-meta-article\" data-embed-base-url-canonical=\"https:\/\/www.digi24.ro\/embed\/stiri\/actualitate\/politica\/turcan-vs-gorghiu-face-opozitia-praf-abordare-tipic-psd-ista-717682\">\n<p data-index=\"1\"><strong>Pre\u015fedintele interimar al PNL, Raluca Turcan, a criticat, joi, absen\u021ba unor liberali de la votul de miercuri din Comisia juridic\u0103 a Senatului, c\u00e2nd s-a aprobat extinderea gra\u021bierii \u0219i pentru condamna\u021bii pentru corup\u021bie. De la vot au lipsit Nicoleta Pauliuc \u0219i Alina Gorghiu. Prima a absentat din motive de s\u0103n\u0103tate, dar putea fi \u00eenlocuit\u0103 de un coleg. A doua, fost pre\u0219edinte al PNL, a ie\u0219it din sal\u0103 \u00eenainte de votul pe controversatele amendamente.<\/strong><\/p>\n<figure class=\"article-thumb\"><img decoding=\"async\" src=\"https:\/\/analyse.optim.biz\/wp-content\/uploads\/2024\/09\/agfzad1kmtu5otu0nzzkmtawn2i1ngqzodm2nwu0ymfjnwi5za-thumb_.jpg\" alt=\"turcan\" data-skip-htmlfix=\"1\" title=\"agfzad1kmtu5otu0nzzkmtawn2i1ngqzodm2nwu0ymfjnwi5za-thumb_\"><figcaption> Foto: Facebook <\/figcaption><\/figure>\n<p data-index=\"2\">\u201eDespre praf: Opozi\u0163ia conteaz\u0103 \u015fi e relevant\u0103 doar atunci c\u00e2nd e prezent\u0103, pentru c\u0103 uneori mobilizarea poate fi decisiv\u0103 \u00een a c\u00e2\u015ftiga o lupt\u0103 prin votul pe care \u00eel ai. Sau m\u0103car \u00ee\u0163i exprimi clar \u015fi tare pozi\u0163ia politic\u0103, dac\u0103 votul t\u0103u nu e decisiv. <strong>Cei care lipsesc atunci c\u00e2nd e mai important (la mize politice foarte mari) sunt cei care fac Opozi\u021bia praf \u015fi \u00eentre\u0163in senza\u0163ia unei complicit\u0103\u0163i subterane cu agenda celor care fac din ho\u0163ie o virtute<\/strong>. Absen\u0163ele de ieri din Comisia juridic\u0103 (cu excep\u0163ia celei motivate medical, dar care trebuia sa aib\u0103 \u00eenlocuire) aduc \u00eentreg partidul \u00een punctul de a fi privit ca pactiz\u00e2nd cu PSD\u201d, a precizat Raluca Turcan, pe contul s\u0103u de Facebook.<\/p>\n<p data-index=\"3\">Pre\u015fedintele interimar al PNL a mai spus c\u0103 nu trebuie s\u0103 \u00ee\u015fi mai permit\u0103 vreun lider liberal s\u0103 perpetueze aceast\u0103 abordare \u201etipic PSD-ist\u0103\u201d.<\/p>\n<p data-index=\"4\">\u201eA\u015fadar, nu le pot trece cu vederea, dar nu e rolul meu s\u0103 le explic sau s\u0103 le scuz opiniei publice. Aceasta este \u00een primul r\u00e2nd obliga\u0163ia celor \u00een cauz\u0103 fa\u0163\u0103 de oamenii care i-au votat. Acesta este r\u0103spunsul meu, onest, pentru nenum\u0103ratele mesaje de indignare pe care le-am primit. <strong>Nu cred c\u0103 ar trebui s\u0103-\u015fi mai permit\u0103 vreun lider din PNL s\u0103 perpetueze aceast\u0103 abordare, tipic PSD-ist\u0103, potrivit c\u0103reia ne putem permite orice pentru c\u0103 p\u00e2n\u0103 la urm\u0103 poporul uit\u0103<\/strong>. E ceea ce a adus PNL \u00een aceast\u0103 situa\u0163ie \u015fi este chiar pariul pe care PSD \u00eel face acum cu gra\u0163ierea \u015fi \u00eel va pierde: poporul nu uit\u0103 \u0219i cu greu iart\u0103!\u201d, a completat liderul interimar al PNL.<\/p>\n<p data-index=\"5\">Senatorul PNL Alina Gorghiu a declarat, miercuri, c\u0103 aceia care critic\u0103 din interior partidul \u015fi spun c\u0103 va avea soarta PN\u0162CD sunt \u201eridicoli \u015fi penibili\u201d, referindu-se la afirma\u0163iile pre\u015fedintelui interimar al PNL, Raluca Turcan, care a declarat recent c\u0103 partidul pe care \u00eel conduce nu \u201ear fi fost mai breaz\u201d la guvernare dec\u00e2t actualul Guvern, ea subliniind c\u0103 la alegerile parlamentare din decembrie \u201ePNL a fost praf\u201d.<\/p>\n<\/div>\n<p> Source URL: https:\/\/www.digi24.ro\/stiri\/actualitate\/politica\/turcan-vs-gorghiu-face-opozitia-praf-abordare-tipic-psd-ista-717682<\/p>\n","protected":false},"excerpt":{"rendered":"<p>Pre\u015fedintele interimar al PNL, Raluca Turcan, a criticat, joi, absen\u021ba unor liberali de la votul de miercuri din Comisia juridic\u0103 a Senatului, c\u00e2nd s-a aprobat extinderea gra\u021bierii \u0219i pentru condamna\u021bii pentru corup\u021bie. De la vot au lipsit Nicoleta Pauliuc \u0219i Alina Gorghiu. Prima a absentat din motive de s\u0103n\u0103tate, dar putea fi \u00eenlocuit\u0103 de un [&hellip;]<\/p>\n","protected":false},"author":1,"featured_media":141929,"comment_status":"open","ping_status":"","sticky":false,"template":"","format":"standard","meta":{"footnotes":""},"categories":[2],"tags":[11],"class_list":["post-141928","post","type-post","status-publish","format-standard","has-post-thumbnail","hentry","category-politics","tag-digi24"],"_links":{"self":[{"href":"https:\/\/analyse.optim.biz\/index.php?rest_route=\/wp\/v2\/posts\/141928","targetHints":{"allow":["GET"]}}],"collection":[{"href":"https:\/\/analyse.optim.biz\/index.php?rest_route=\/wp\/v2\/posts"}],"about":[{"href":"https:\/\/analyse.optim.biz\/index.php?rest_route=\/wp\/v2\/types\/post"}],"author":[{"embeddable":true,"href":"https:\/\/analyse.optim.biz\/index.php?rest_route=\/wp\/v2\/users\/1"}],"replies":[{"embeddable":true,"href":"https:\/\/analyse.optim.biz\/index.php?rest_route=%2Fwp%2Fv2%2Fcomments&post=141928"}],"version-history":[{"count":0,"href":"https:\/\/analyse.optim.biz\/index.php?rest_route=\/wp\/v2\/posts\/141928\/revisions"}],"wp:featuredmedia":[{"embeddable":true,"href":"https:\/\/analyse.optim.biz\/index.php?rest_route=\/wp\/v2\/media\/141929"}],"wp:attachment":[{"href":"https:\/\/analyse.optim.biz\/index.php?rest_route=%2Fwp%2Fv2%2Fmedia&parent=141928"}],"wp:term":[{"taxonomy":"category","embeddable":true,"href":"https:\/\/analyse.optim.biz\/index.php?rest_route=%2Fwp%2Fv2%2Fcategories&post=141928"},{"taxonomy":"post_tag","embeddable":true,"href":"https:\/\/analyse.optim.biz\/index.php?rest_route=%2Fwp%2Fv2%2Ftags&post=141928"}],"curies":[{"name":"wp","href":"https:\/\/api.w.org\/{rel}","templated":true}]}}