{"id":141922,"date":"2017-05-04T14:45:03","date_gmt":"2017-05-04T11:45:03","guid":{"rendered":"https:\/\/analyse.optim.biz\/?p=141922"},"modified":"2017-05-04T14:45:03","modified_gmt":"2017-05-04T11:45:03","slug":"dragnea-il-critica-pe-serban-nicolae-pareri-personale-putem-avea-in-baie","status":"publish","type":"post","link":"https:\/\/analyse.optim.biz\/?p=141922","title":{"rendered":"Dragnea \u00eel critic\u0103 pe \u0218erban Nicolae: P\u0103reri personale putem avea \u00een baie"},"content":{"rendered":"<div class=\"entry data-app-meta data-app-meta-article\" data-embed-base-url-canonical=\"https:\/\/www.digi24.ro\/embed\/stiri\/actualitate\/politica\/dragnea-il-critica-pe-serban-nicolae-pareri-personale-putem-avea-in-baie-717789\">\n<p data-index=\"1\"><strong>Pre\u0219edintele PSD, Liviu Dragnea, l-a criticat pe senatorul \u0218erban Nicolae \u0219i declara\u021biile f\u0103cute de acesta pe tema legii gra\u021bierii. \u0218eful social-democra\u021bilor a declarat c\u0103 situa\u021bia va fi \u201etran\u0219at\u0103\u201d \u00een partid, dar c\u0103 el nu va mai \u201epermite\u201d ca membri ai PSD s\u0103 afecteze prin ac\u021biunile lor imaginea partidului.<\/strong><\/p>\n<p data-index=\"2\"><img loading=\"lazy\" decoding=\"async\" class=\"alignnone size-full wp-image-709917\" src=\"https:\/\/analyse.optim.biz\/wp-content\/uploads\/2024\/09\/c2g9yzfmodhimzy2zgvhyze4mtdkzgfinzllyzg4mdrimdq-thumb_.jpg\" width=\"753\" height=\"514\" data-skip-htmlfix=\"1\" title=\"c2g9yzfmodhimzy2zgvhyze4mtdkzgfinzllyzg4mdrimdq-thumb_\"><\/p>\n<p data-index=\"3\">\u201e<strong>Sunt destul de dezam\u0103git de modul \u00een care a func\u021bionat p\u00e2n\u0103 acum Comisia juridic\u0103 de la Senat. Pe mine m\u0103 intereseaz\u0103 ca \u00een legea care va fi votat\u0103 s\u0103 nu fie acele amendamente.\u00a0Legea gra\u021bierii nu va cuprinde gra\u021bierea faptelor de corup\u021bie. (&#8230;) Ce s-a \u00eent\u00e2mplat la Comisie ieri, ce s-a \u00eent\u00e2mplat ast\u0103zi, ce se va putea \u00eent\u00e2mpla \u00een continuare, va fi un subiect de discu\u021bie \u00een partid<\/strong>. Acele amendamente nu vor intra \u00een raportul final al Comisiei\u201d, a declarat Dragnea.<\/p>\n<p data-index=\"4\">\u00centrebat dac\u0103 majoritatea membrilor PSD sunt \u00een favoarea gra\u021bierii condamna\u021bilor pentru corup\u021bie, \u0219eful social-democra\u021bilor a r\u0103spuns: \u201e<strong>Categoric, nu<\/strong>\u201d.<\/p>\n<p data-index=\"5\">\u201e<strong>O s\u0103 discut\u0103m despre modul \u00een care unii colegi de-ai no\u0219tri \u00een\u021beleg s\u0103 respecte ceea ce se decide \u00een partid<\/strong>. Partidul nu trebuie respectat doar \u00eenainte de a primi confirmarea c\u0103 e\u0219ti pe o list\u0103 \u0219i ajungi \u00een Parlament. Partidul trebuie respectat \u0219i ulterior. <strong>P\u0103reri personale putem avea fiecare dintre noi \u00een baie sau \u00een alte locuri<\/strong>. Eu c\u00e2nd vorbesc, ca pre\u0219edinte al PSD, vorbesc statutar \u00een numele partidului \u0219i \u00een urma unor decizii care s-au adoptat \u00een partid\u201d, a mai spus Dragnea.<\/p>\n<p data-index=\"6\">Potrivit acestuia, \u00een prima \u0219edin\u021b\u0103 a Comitetului Executiv se va discuta situa\u021bia de la Senat \u0219i, implicit, a senatorului \u0218erban Nicolae.<\/p>\n<p data-index=\"7\">\u201e<strong>Nu o s\u0103 mai permit nim\u0103nui s\u0103 afecteze imaginea acestui partid<\/strong>\u201d, a sus\u021binut \u0219eful PSD.<\/p>\n<p data-index=\"8\">\u00centrebat dac\u0103, dup\u0103 votul de miercuri, a discutat cu senatorul \u0218erban Nicolae, Dragnea a r\u0103spuns: \u201eNu, nu am vorbit. Am postat, asear\u0103, pe Facebook un text \u00een care am reiterat ceea ce am spus \u0219i spun de luni de zile, un punct de vedere pe care nu mi-l schimb, \u0219i anume c\u0103 nu sunt de acord s\u0103 se gra\u021bieze faptele de corup\u021bie\u201d.<\/p>\n<p data-index=\"9\">La \u00eenceputul lunii martie, dup\u0103 ce \u0218erban Nicolae a depus amendamentele care extindeau gra\u021bierea la condamna\u021bii pentru corup\u021bie, Liviu Dragnea spunea c\u0103 acesta \u00ee\u0219i va retrage amendamentele. Nicolae spunea c\u0103 nu-\u0219i retrage propunerile \u0219i c\u0103 nu mai este ca \u201epe vremuri, cu opinia unic\u0103 ce emana de la partid \u0219i de la conduc\u0103torul iubit\u201d.<\/p>\n<\/div>\n<p> Source URL: https:\/\/www.digi24.ro\/stiri\/actualitate\/politica\/dragnea-il-critica-pe-serban-nicolae-pareri-personale-putem-avea-in-baie-717789<\/p>\n","protected":false},"excerpt":{"rendered":"<p>Pre\u0219edintele PSD, Liviu Dragnea, l-a criticat pe senatorul \u0218erban Nicolae \u0219i declara\u021biile f\u0103cute de acesta pe tema legii gra\u021bierii. \u0218eful social-democra\u021bilor a declarat c\u0103 situa\u021bia va fi \u201etran\u0219at\u0103\u201d \u00een partid, dar c\u0103 el nu va mai \u201epermite\u201d ca membri ai PSD s\u0103 afecteze prin ac\u021biunile lor imaginea partidului. \u201eSunt destul de dezam\u0103git de modul \u00een [&hellip;]<\/p>\n","protected":false},"author":1,"featured_media":141923,"comment_status":"open","ping_status":"","sticky":false,"template":"","format":"standard","meta":{"footnotes":""},"categories":[2],"tags":[11],"class_list":["post-141922","post","type-post","status-publish","format-standard","has-post-thumbnail","hentry","category-politics","tag-digi24"],"_links":{"self":[{"href":"https:\/\/analyse.optim.biz\/index.php?rest_route=\/wp\/v2\/posts\/141922","targetHints":{"allow":["GET"]}}],"collection":[{"href":"https:\/\/analyse.optim.biz\/index.php?rest_route=\/wp\/v2\/posts"}],"about":[{"href":"https:\/\/analyse.optim.biz\/index.php?rest_route=\/wp\/v2\/types\/post"}],"author":[{"embeddable":true,"href":"https:\/\/analyse.optim.biz\/index.php?rest_route=\/wp\/v2\/users\/1"}],"replies":[{"embeddable":true,"href":"https:\/\/analyse.optim.biz\/index.php?rest_route=%2Fwp%2Fv2%2Fcomments&post=141922"}],"version-history":[{"count":0,"href":"https:\/\/analyse.optim.biz\/index.php?rest_route=\/wp\/v2\/posts\/141922\/revisions"}],"wp:featuredmedia":[{"embeddable":true,"href":"https:\/\/analyse.optim.biz\/index.php?rest_route=\/wp\/v2\/media\/141923"}],"wp:attachment":[{"href":"https:\/\/analyse.optim.biz\/index.php?rest_route=%2Fwp%2Fv2%2Fmedia&parent=141922"}],"wp:term":[{"taxonomy":"category","embeddable":true,"href":"https:\/\/analyse.optim.biz\/index.php?rest_route=%2Fwp%2Fv2%2Fcategories&post=141922"},{"taxonomy":"post_tag","embeddable":true,"href":"https:\/\/analyse.optim.biz\/index.php?rest_route=%2Fwp%2Fv2%2Ftags&post=141922"}],"curies":[{"name":"wp","href":"https:\/\/api.w.org\/{rel}","templated":true}]}}