{"id":1419211,"date":"2024-07-09T12:04:18","date_gmt":"2024-07-09T09:04:18","guid":{"rendered":"https:\/\/analyse.optim.biz\/?p=1419211"},"modified":"2024-07-09T12:04:18","modified_gmt":"2024-07-09T09:04:18","slug":"porti-deschise-la-itm-vaslui-pe-11-iulie-de-ziua-inspectiei-muncii","status":"publish","type":"post","link":"https:\/\/analyse.optim.biz\/?p=1419211","title":{"rendered":"\u201dPor\u021bi deschise\u201d la ITM Vaslui pe 11 iulie, de Ziua Inspec\u021biei Muncii"},"content":{"rendered":"<div class=\"entry-content clearfix\">\n<p>\u00cen acest an, c\u00eend Inspec\u021bia Teritorial\u0103 a Muncii aniverseaz\u0103 25 de ani de c\u00e2nd ac\u021bioneaz\u0103 pentru un mediu sigur \u015fi s\u0103n\u0103tos, evenimentul este marcat prin organizarea, pe 11 iulie,, a \u201eZilei por\u0163ilor deschise\u201d la sediul I.T.M. Vaslui, zi \u00een care angajatorii \u015fi salaria\u0163ii vor beneficia, din partea inspectorilor de munc\u0103, de informare \u015fi \u00eendrumare si bune practici \u00een domeniul securit\u0103\u0163ii \u015fi s\u0103n\u0103t\u0103\u0163ii \u00een munc\u0103.<\/p>\n<p>De asemenea, \u00een aceast\u0103 zi, inspectorii de munc\u0103 din cadrul I.T.M. Vaslui vor \u00eentreprinde ac\u021biuni de informare \u0219i la sediile\u00a0 angajatorilor de pe raza jude\u021bului.<\/p>\n<p>\u00cen cadrul acestor \u00eent\u00e2lniri, vor avea loc discu\u0163ii interactive cu privire la nout\u0103\u0163ile legislative \u00een materie. Inspectorii de munc\u0103 vor r\u0103spunde \u00eentreb\u0103rilor angajatorilor \u015fi angaja\u0163ilor, urm\u0103rind clarificarea problemelor cu care ace\u015ftia se confrunt\u0103.<\/p>\n<figure class=\"wp-block-image size-full\"><img decoding=\"async\" loading=\"lazy\" width=\"960\" height=\"729\" src=\"https:\/\/analyse.optim.biz\/wp-content\/uploads\/2026\/01\/gheorghe-chirvase-inspector-sef-al-itm-vaslui.jpg\" class=\"wp-image-41377\" title=\"gheorghe-chirvase-inspector-sef-al-itm-vaslui\"><\/figure>\n<p>Totodat\u0103, pe data de 11 iulie 2024, ora 10:00, la sediul I.T.M. Vaslui, va fi organizat un simpozion aniversar, vor fi discutate riscurile noi si emergente \u00een domeniul securit\u0103\u0163ii \u015fi s\u0103n\u0103t\u0103\u0163ii \u00een munc\u0103 \u015fi \u00een domeniul rela\u0163iilor de munc\u0103: lucru pe platforme digitale, expunerea la nanoparticule, stres asociat muncii ocupa\u0163ionale, h\u0103r\u0163uire \u015fi violen\u0163\u0103 la locul de munc\u0103 etc.<\/p>\n<p>\u201d\u00cen continuare, I.T.M. Vaslui \u00ee\u0219i propune ca obiectiv principal men\u021binerea nivelului \u00eenalt de \u00eencredere \u00een r\u00e2ndul angajatorilor \u0219i lucr\u0103torilor, s\u0103 r\u0103spund\u0103 responsabil, prompt \u0219i obiectiv solicit\u0103rilor pentru asigurarea unei munci sigure \u0219i decente.<\/p>\n<p>La nivel jude\u021bean avem o permanent\u0103 colaborare cu autorit\u0103\u021bile \u0219i institu\u021biile publice, \u00een mod deosebit cu Institu\u021bia Prefectului, Inspectoratul de Poli\u0163ie al Jude\u0163ului Vaslui, Biroul pentru Imigr\u0103ri al jude\u021bului Vaslui, Inspectoratul de Jandarmi Jude\u021bean, Agen\u021bia Jude\u021bean\u0103 pentru Pl\u0103\u021bi \u0219i Inspec\u021bie Social\u0103, Agen\u021bia Jude\u021bean\u0103 pentru Ocuparea For\u021bei de Munc\u0103, Casa Jude\u021bean\u0103 de Pensii, Direc\u021bia de S\u0103n\u0103tate Public\u0103, at\u00e2t pentru informarea reciproc\u0103 c\u00e2t \u0219i pentru verificarea respect\u0103rii normelor legale \u00een vigoare. Mul\u021bumim, pe aceast\u0103 cale, autorit\u0103\u021bilor \u0219i institu\u021biilor publice jude\u021bene pentru buna colaborare \u00een desf\u0103\u0219urarea ac\u021biunilor comune. LA MUL\u021aI ANI INSPEC\u021aIA MUNCII! LA MUL\u021aI ANI I.T.M. VASLUI\u201d \u2013 a transmis Gheorghe CHIRVASE, Inspector sef al ITM Vaslui. <\/p>\n<p>***<\/p>\n<p>Inspec\u0163ia Muncii \u00eendepline\u015fte func\u0163ia de autoritate de stat prin care se asigur\u0103 exercitarea controlului \u00een domeniile rela\u0163iilor de munc\u0103, securit\u0103\u0163ii \u015fi s\u0103n\u0103t\u0103\u0163ii \u00een munc\u0103 \u015fi supravegherii pie\u0163ei \u0219i \u00ee\u0219i desf\u0103\u0219oar\u0103 activitatea potrivit statutului propriu, \u00een baza prevederilor art. 41 din Constitu\u021bia Rom\u00e2niei. Reglementarea Inspec\u021biei Muncii \u00ee\u0219i are originea \u0219i din faptul c\u0103 Rom\u00e2nia a ratificat o serie de acte ale Organiza\u021biei Interna\u021bionale a Muncii (de ex. Conven\u0163iile cu nr. 81 \u015fi 129).<\/p>\n<p>Inspec\u021bia Muncii din Rom\u00e2nia \u0219i inspectoratele teritoriale de munc\u0103 au acela\u0219i mandat cu cel al institu\u021biilor similare din statele membre ale Uniunii Europene, motiv pentru care, \u00een strategia \u0219i programul anual de ac\u021biuni, sunt incluse priorit\u0103\u021bile \u0219i obiectivele identificate la nivel na\u021bional conform politicii Uniunii Europene.<\/p>\n<p>Inspec\u0163ia Muncii func\u0163ioneaz\u0103 ca organ de specialitate al administra\u0163iei publice centrale, subordonat\u0103 Ministerului Muncii \u015fi Protectiei Sociale, av\u00e2nd \u00een subordine inspectoratele teritoriale de munc\u0103, institu\u0163ii cu personalitate juridic\u0103.<\/p>\n<aside class=\"mashsb-container mashsb-main \">\n<div class=\"mashsb-box\">\n<div class=\"mashsb-count mash-medium\">\n<div class=\"counts mashsbcount\">0<\/div>\n<p><span class=\"mashsb-sharetext\">SHARES<\/span><\/div>\n<div class=\"mashsb-buttons\"><a class=\"mashicon-facebook mash-medium mashsb-noshadow\" href=\"https:\/\/www.facebook.com\/sharer.php?u=http%3A%2F%2Fwww.ziaruldevaslui.ro%2Fporti-deschise-la-itm-vaslui-pe-11-iulie-de-ziua-inspectiei-muncii%2F\" target=\"_top\" rel=\"nofollow\"><span class=\"text\">Share\u00a0pe\u00a0facebook<\/span><\/a><a class=\"mashicon-twitter mash-medium mashsb-noshadow\" href=\"https:\/\/twitter.com\/intent\/tweet?text=%22Por%C8%9Bi%20deschise%22%20la%20ITM%20Vaslui%20pe%2011%20iulie%2C%20de%20Ziua%20Inspec%C8%9Biei%20Muncii&amp;url=http:\/\/www.ziaruldevaslui.ro\/?p=46339\" target=\"_top\" rel=\"nofollow\"><span class=\"text\">Share\u00a0pe\u00a0twitter<\/span><\/a><\/div>\n<\/div>\n<\/aside>\n<\/div>\n<div class=\"entry-content\">\n<p>Ini\u021bial am crezut c\u0103 Ionel Sandu s-a apucat de Stand Up Comedy. Cu afacerile nu st\u0103 extraordinar, cu politica nici<\/p>\n<\/div>\n<p> Source URL: http:\/\/www.ziaruldevaslui.ro\/porti-deschise-la-itm-vaslui-pe-11-iulie-de-ziua-inspectiei-muncii\/<\/p>\n","protected":false},"excerpt":{"rendered":"<p>\u00cen acest an, c\u00eend Inspec\u021bia Teritorial\u0103 a Muncii aniverseaz\u0103 25 de ani de c\u00e2nd ac\u021bioneaz\u0103 pentru un mediu sigur \u015fi s\u0103n\u0103tos, evenimentul este marcat prin organizarea, pe 11 iulie,, a \u201eZilei por\u0163ilor deschise\u201d la sediul I.T.M. Vaslui, zi \u00een care angajatorii \u015fi salaria\u0163ii vor beneficia, din partea inspectorilor de munc\u0103, de informare \u015fi \u00eendrumare si [&hellip;]<\/p>\n","protected":false},"author":1,"featured_media":0,"comment_status":"open","ping_status":"","sticky":false,"template":"","format":"standard","meta":{"footnotes":""},"categories":[89],"tags":[218],"class_list":["post-1419211","post","type-post","status-publish","format-standard","hentry","category-romania","tag-ziaruldevaslui-ro"],"_links":{"self":[{"href":"https:\/\/analyse.optim.biz\/index.php?rest_route=\/wp\/v2\/posts\/1419211","targetHints":{"allow":["GET"]}}],"collection":[{"href":"https:\/\/analyse.optim.biz\/index.php?rest_route=\/wp\/v2\/posts"}],"about":[{"href":"https:\/\/analyse.optim.biz\/index.php?rest_route=\/wp\/v2\/types\/post"}],"author":[{"embeddable":true,"href":"https:\/\/analyse.optim.biz\/index.php?rest_route=\/wp\/v2\/users\/1"}],"replies":[{"embeddable":true,"href":"https:\/\/analyse.optim.biz\/index.php?rest_route=%2Fwp%2Fv2%2Fcomments&post=1419211"}],"version-history":[{"count":0,"href":"https:\/\/analyse.optim.biz\/index.php?rest_route=\/wp\/v2\/posts\/1419211\/revisions"}],"wp:attachment":[{"href":"https:\/\/analyse.optim.biz\/index.php?rest_route=%2Fwp%2Fv2%2Fmedia&parent=1419211"}],"wp:term":[{"taxonomy":"category","embeddable":true,"href":"https:\/\/analyse.optim.biz\/index.php?rest_route=%2Fwp%2Fv2%2Fcategories&post=1419211"},{"taxonomy":"post_tag","embeddable":true,"href":"https:\/\/analyse.optim.biz\/index.php?rest_route=%2Fwp%2Fv2%2Ftags&post=1419211"}],"curies":[{"name":"wp","href":"https:\/\/api.w.org\/{rel}","templated":true}]}}