{"id":141908,"date":"2017-05-04T15:32:42","date_gmt":"2017-05-04T12:32:42","guid":{"rendered":"https:\/\/analyse.optim.biz\/?p=141908"},"modified":"2017-05-04T15:32:42","modified_gmt":"2017-05-04T12:32:42","slug":"nicusor-dan-ii-cere-presedintelui-iohannis-sa-declanseze-referendumul-pe-justitie","status":"publish","type":"post","link":"https:\/\/analyse.optim.biz\/?p=141908","title":{"rendered":"Nicu\u015for Dan \u00eei cere pre\u015fedintelui Iohannis s\u0103 declan\u015feze referendumul pe justi\u0163ie"},"content":{"rendered":"<div class=\"entry data-app-meta data-app-meta-article\" data-embed-base-url-canonical=\"https:\/\/www.digi24.ro\/embed\/fara-categorie\/nicusor-dan-ii-cere-presedintelui-iohannis-sa-declanseze-referendumul-pe-justitie-717840\">\n<p data-index=\"1\"><strong>Liderul USR, Nicu\u015for Dan, a declarat, joi, la Parlament, c\u0103, din cauz\u0103 c\u0103 \u201dsunt foarte multe atacuri pe justi\u0163ie\u201d, amintind de amendamentele adoptate miercuri la Legea gra\u0163ierii, partidul s\u0103u consider\u0103 oportun ca pre\u015fedintele Klaus Iohannis s\u0103 declan\u015feze referendumul pe justi\u0163ie.<\/strong><\/p>\n<figure class=\"article-thumb\"><img decoding=\"async\" src=\"https:\/\/analyse.optim.biz\/wp-content\/uploads\/2024\/09\/zty3yjmxymq2ngeyyjc1mtq0zmvmnzezna-thumb_-2.jpg\" alt=\"N19 DAN NICUSOR (FARA ZOOM ) agerpres_8723766\" data-skip-htmlfix=\"1\" title=\"zty3yjmxymq2ngeyyjc1mtq0zmvmnzezna-thumb_-2\"><figcaption> Foto: Agerpres <\/figcaption><\/figure>\n<p data-index=\"2\">\u201e<em><strong>Credem c\u0103 societatea rom\u00e2neasc\u0103 trebuie s\u0103-\u015fi \u00eendrepte energiile \u00een direc\u0163ii mult mai constructive dec\u00e2t s\u0103 se uite s\u0103 vad\u0103 ce a mai f\u0103cut Guvernul, ce a mai f\u0103cut Parlamentul pe justi\u0163ie \u015fi fa\u0163\u0103 de aceast\u0103 avalan\u015f\u0103 de presiuni \u015fi de pa\u015fi \u00eenainte \u015fi \u00eenapoi pe actul de justi\u0163ie, consider\u0103m oportun ca pre\u015fedintele Iohannis s\u0103 declan\u015feze referendumul pe justi\u0163ie \u015fi pe anticorup\u0163ie, pentru ca s\u0103 ne l\u0103murim pentru totdeauna ce vor rom\u00e2nii \u015fi pentru ca puterea s\u0103 \u00een\u0163eleag\u0103 dac\u0103 ceea ce fac ei este \u00een mandatul pe care poporul l-a dat la alegerile parlamentare sau nu<\/strong><\/em>\u201d, a declarat liderul USR.<\/p>\n<p data-index=\"3\">\u00centrebat care ar trebui s\u0103 fie \u00eentrebarea la referendum, Nicu\u015for Dan a spus c\u0103 acesta este atributul pre\u015fedintelui \u0163\u0103tii.<\/p>\n<p data-index=\"4\">\u201e<em><strong>Contextul general este c\u0103 avem la fiecare s\u0103pt\u0103m\u00e2n\u0103 sau dou\u0103 un atac la justi\u0163ie \u015fi cred c\u0103 societatea merit\u0103 s\u0103 aib\u0103 \u015fi alte preocup\u0103ri dec\u00e2t s\u0103 se uite pe Guvern \u015fi Parlament \u015fi atunci trebuie s\u0103 tran\u015f\u0103m aceast\u0103 chestiune. Vor rom\u00e2nii un sistem de justi\u0163ie \u015fi continuarea luptei anticorup\u0163ie sau nu? Asta este \u00eentrebarea \u00eentr-o formulare oval\u0103 pe care eu am dat-o acum. Este atributul pre\u015fedintelui s\u0103 formuleze cum consider\u0103 de cuviin\u0163\u0103<\/strong><\/em>\u201d, a explicat Nicu\u015for Dan.<\/p>\n<div>Pre\u015fedintele a anun\u0163at pe data de 23 ianuarie organizarea unui referendum, \u00eens\u0103 dup\u0103 ce primit avizul Parlamentului pe data de 13 februarie, Klaus Iohannis nu a mai adus aceast\u0103 tem\u0103 \u00een discu\u0163ie.<\/div>\n<div>\u00a0\u00a0<\/div>\n<div>\u00cen 14 februarie, la o zi dup\u0103 ce Parlamentul a dat avizul, pre\u015fedintele Klaus Iohannis a declarat c\u0103 va anun\u0163a \u201e<em><strong>\u00een zilele urm\u0103toare<\/strong><\/em>\u201d data la care va fi organizat referendumul pe justi\u0163ie, precum \u015fi \u00eentrebarea de pe buletinul de vot. De atunci \u00eens\u0103, \u015feful statului nu a mai adus tema \u00een discu\u0163ie.<\/div>\n<p data-index=\"5\">Sursa: News.ro<\/p>\n<\/div>\n<p> Source URL: https:\/\/www.digi24.ro\/fara-categorie\/nicusor-dan-ii-cere-presedintelui-iohannis-sa-declanseze-referendumul-pe-justitie-717840<\/p>\n","protected":false},"excerpt":{"rendered":"<p>Liderul USR, Nicu\u015for Dan, a declarat, joi, la Parlament, c\u0103, din cauz\u0103 c\u0103 \u201dsunt foarte multe atacuri pe justi\u0163ie\u201d, amintind de amendamentele adoptate miercuri la Legea gra\u0163ierii, partidul s\u0103u consider\u0103 oportun ca pre\u015fedintele Klaus Iohannis s\u0103 declan\u015feze referendumul pe justi\u0163ie. Foto: Agerpres \u201eCredem c\u0103 societatea rom\u00e2neasc\u0103 trebuie s\u0103-\u015fi \u00eendrepte energiile \u00een direc\u0163ii mult mai constructive [&hellip;]<\/p>\n","protected":false},"author":1,"featured_media":141909,"comment_status":"open","ping_status":"","sticky":false,"template":"","format":"standard","meta":{"footnotes":""},"categories":[2],"tags":[11],"class_list":["post-141908","post","type-post","status-publish","format-standard","has-post-thumbnail","hentry","category-politics","tag-digi24"],"_links":{"self":[{"href":"https:\/\/analyse.optim.biz\/index.php?rest_route=\/wp\/v2\/posts\/141908","targetHints":{"allow":["GET"]}}],"collection":[{"href":"https:\/\/analyse.optim.biz\/index.php?rest_route=\/wp\/v2\/posts"}],"about":[{"href":"https:\/\/analyse.optim.biz\/index.php?rest_route=\/wp\/v2\/types\/post"}],"author":[{"embeddable":true,"href":"https:\/\/analyse.optim.biz\/index.php?rest_route=\/wp\/v2\/users\/1"}],"replies":[{"embeddable":true,"href":"https:\/\/analyse.optim.biz\/index.php?rest_route=%2Fwp%2Fv2%2Fcomments&post=141908"}],"version-history":[{"count":0,"href":"https:\/\/analyse.optim.biz\/index.php?rest_route=\/wp\/v2\/posts\/141908\/revisions"}],"wp:featuredmedia":[{"embeddable":true,"href":"https:\/\/analyse.optim.biz\/index.php?rest_route=\/wp\/v2\/media\/141909"}],"wp:attachment":[{"href":"https:\/\/analyse.optim.biz\/index.php?rest_route=%2Fwp%2Fv2%2Fmedia&parent=141908"}],"wp:term":[{"taxonomy":"category","embeddable":true,"href":"https:\/\/analyse.optim.biz\/index.php?rest_route=%2Fwp%2Fv2%2Fcategories&post=141908"},{"taxonomy":"post_tag","embeddable":true,"href":"https:\/\/analyse.optim.biz\/index.php?rest_route=%2Fwp%2Fv2%2Ftags&post=141908"}],"curies":[{"name":"wp","href":"https:\/\/api.w.org\/{rel}","templated":true}]}}