{"id":141905,"date":"2017-05-04T15:55:50","date_gmt":"2017-05-04T12:55:50","guid":{"rendered":"https:\/\/analyse.optim.biz\/?p=141905"},"modified":"2017-05-04T15:55:50","modified_gmt":"2017-05-04T12:55:50","slug":"daniel-constantin-exclus-din-alde-reactia-fostului-ministru","status":"publish","type":"post","link":"https:\/\/analyse.optim.biz\/?p=141905","title":{"rendered":"Daniel Constantin, exclus din ALDE. Reac\u021bia fostului ministru"},"content":{"rendered":"<div class=\"entry data-app-meta data-app-meta-article\" data-embed-base-url-canonical=\"https:\/\/www.digi24.ro\/embed\/stiri\/actualitate\/politica\/daniel-constantin-a-fost-exclus-din-alde-717850\">\n<p data-index=\"1\"><strong>Fostul co-lider al ALDE a fost exclus din partid, joi, prin decizia Delega\u021biei Permanente a forma\u021biunii conduse de C\u0103lin Popescu T\u0103riceanu.<\/strong><\/p>\n<figure class=\"article-thumb\"><img decoding=\"async\" src=\"https:\/\/analyse.optim.biz\/wp-content\/uploads\/2024\/09\/ywi4zjfiodkyzguwzmfknzm2otdlzjiwnjvhmzu-thumb_-2.jpg\" alt=\"daniel constantin pa_INQUAM_PHOTOS_Octav_Ganea\" data-skip-htmlfix=\"1\" title=\"ywi4zjfiodkyzguwzmfknzm2otdlzjiwnjvhmzu-thumb_-2\"><figcaption> Foto: Inquam\/ Octav Ganea <\/figcaption><\/figure>\n<p data-index=\"2\">Al\u0103turi de fostul vicepremier \u0219i ministru al Mediului \u00een Guvernul Grindeanu <strong>au fost exclu\u0219i \u0219i doi sus\u021bin\u0103tori ai acestuia, deputa\u021bii Mircea Banias \u0219i Eugen Durbac\u0103<\/strong>.<\/p>\n<p data-index=\"3\">\u201e<strong>Am avut excluderile unor colegi care s-au opus \u00een ultima perioad\u0103 deciziilor partidului \u0219i au adoptat anumite pozi\u021bii duplicitare \u00een leg\u0103tur\u0103 cu ALDE<\/strong>\u201d, a anun\u021bat, la \u00eencheierea \u0219edin\u021bei conducerii forma\u021biunii, vicepre\u0219edintele Andrei Gerea.<\/p>\n<p data-index=\"4\">Pe contul s\u0103u de Facebook, fostul vicepremier a reac\u021bionat: \u201e<strong>Un plan premeditat! Alte comentarii sunt de prisos&#8230;<\/strong>\u201d.<\/p>\n<p data-index=\"5\">Fostul co-lider ALDE a mai postat dou\u0103 declara\u021bii ale lui C\u0103lin Popescu T\u0103riceanu din octombrie 2016, respectiv prezent: <span>\u00ab<\/span>\u201eDaniel Constantin nu numai c\u0103 e colegul meu, dar suntem angaja\u021bi \u00eempreun\u0103 \u00eentr-o competi\u021bie electoral\u0103 \u00een care fiecare ne d\u0103m silin\u021ba \u0219i depunem toate eforturile pentru ca reu\u0219ita s\u0103 fie c\u00e2t mai bun\u0103 pentru ALDE\u201d \u2013 C\u0103lin Popescu T\u0103riceanu, 5 octombrie 2016; \u201eA existat popunerea de excludere a domnului Daniel Constantin pentru ac\u0163iunile \u00een justi\u0163ie \u00eendreptate \u00eempotriva partidului \u015fi pentru declara\u0163iile publice f\u0103cute. Eu nu am votat. Colegii mei au votat\u2026\u201d \u2013 C\u0103lin Popescu T\u0103riceanu, 27 aprilie 2017<span>\u00bb<\/span><span>.<\/span><\/p>\n<p data-index=\"6\">Decizia de excludere a lui Daniel Constantin vine dup\u0103 ce la conducerea ALDE s-a instalat, din postura de unic candidat, C\u0103lin Popescu T\u0103riceanu. Anterior, ca urmare a divergen\u021belor dintre Constantin \u0219i T\u0103riceanu, primului i-a fost retras sprijinul politic, drept pentru care a fost \u00eenl\u0103turat din Guvern.<\/p>\n<p data-index=\"7\">\u00centrebat, joi, la Parlament, dac\u0103 excluderea lui Daniel Constantin din ALDE va afecta majoritatea parlamentar\u0103, \u0219eful PSD, Liviu Dragnea, a r\u0103spuns negativ, preciz\u00e2nd \u00eens\u0103 c\u0103 regret\u0103 c\u0103 s-a ajuns la aceast\u0103 situa\u0163ie.<\/p>\n<p data-index=\"8\">\u201eMajoritatea parlamentar\u0103 nu va fi afectat\u0103, dar, personal, eu regret c\u0103 s-a ajuns \u00een situa\u0163ia asta. Sincer, regret. \u00cemi pare r\u0103u c\u0103 domnul T\u0103riceanu \u015fi domnul Daniel Constantin nu au reu\u015fit s\u0103 g\u0103seasc\u0103 \u00een aceste luni, dup\u0103 ce am c\u00e2\u015ftigat alegerile \u015fi am format coali\u0163ia, o punte care s\u0103 \u00eei uneasc\u0103. Am lucrat \u00eempreun\u0103 ani de zile, am muncit \u00eempreun\u0103 ani de zile, pentru mine \u015fi cred c\u0103 pentru mul\u0163i colegi de-ai mei nu e \u00een regul\u0103 c\u0103 Daniel Constantin nu mai este \u00een conducerea ALDE, nu mai este \u00een Guvern\u201d, a r\u0103spuns liderul PSD.<\/p>\n<\/div>\n<p> Source URL: https:\/\/www.digi24.ro\/stiri\/actualitate\/politica\/daniel-constantin-a-fost-exclus-din-alde-717850<\/p>\n","protected":false},"excerpt":{"rendered":"<p>Fostul co-lider al ALDE a fost exclus din partid, joi, prin decizia Delega\u021biei Permanente a forma\u021biunii conduse de C\u0103lin Popescu T\u0103riceanu. Foto: Inquam\/ Octav Ganea Al\u0103turi de fostul vicepremier \u0219i ministru al Mediului \u00een Guvernul Grindeanu au fost exclu\u0219i \u0219i doi sus\u021bin\u0103tori ai acestuia, deputa\u021bii Mircea Banias \u0219i Eugen Durbac\u0103. \u201eAm avut excluderile unor colegi [&hellip;]<\/p>\n","protected":false},"author":1,"featured_media":141906,"comment_status":"open","ping_status":"","sticky":false,"template":"","format":"standard","meta":{"footnotes":""},"categories":[2],"tags":[11],"class_list":["post-141905","post","type-post","status-publish","format-standard","has-post-thumbnail","hentry","category-politics","tag-digi24"],"_links":{"self":[{"href":"https:\/\/analyse.optim.biz\/index.php?rest_route=\/wp\/v2\/posts\/141905","targetHints":{"allow":["GET"]}}],"collection":[{"href":"https:\/\/analyse.optim.biz\/index.php?rest_route=\/wp\/v2\/posts"}],"about":[{"href":"https:\/\/analyse.optim.biz\/index.php?rest_route=\/wp\/v2\/types\/post"}],"author":[{"embeddable":true,"href":"https:\/\/analyse.optim.biz\/index.php?rest_route=\/wp\/v2\/users\/1"}],"replies":[{"embeddable":true,"href":"https:\/\/analyse.optim.biz\/index.php?rest_route=%2Fwp%2Fv2%2Fcomments&post=141905"}],"version-history":[{"count":0,"href":"https:\/\/analyse.optim.biz\/index.php?rest_route=\/wp\/v2\/posts\/141905\/revisions"}],"wp:featuredmedia":[{"embeddable":true,"href":"https:\/\/analyse.optim.biz\/index.php?rest_route=\/wp\/v2\/media\/141906"}],"wp:attachment":[{"href":"https:\/\/analyse.optim.biz\/index.php?rest_route=%2Fwp%2Fv2%2Fmedia&parent=141905"}],"wp:term":[{"taxonomy":"category","embeddable":true,"href":"https:\/\/analyse.optim.biz\/index.php?rest_route=%2Fwp%2Fv2%2Fcategories&post=141905"},{"taxonomy":"post_tag","embeddable":true,"href":"https:\/\/analyse.optim.biz\/index.php?rest_route=%2Fwp%2Fv2%2Ftags&post=141905"}],"curies":[{"name":"wp","href":"https:\/\/api.w.org\/{rel}","templated":true}]}}