{"id":141902,"date":"2017-05-04T16:37:53","date_gmt":"2017-05-04T13:37:53","guid":{"rendered":"https:\/\/analyse.optim.biz\/?p=141902"},"modified":"2017-05-04T16:37:53","modified_gmt":"2017-05-04T13:37:53","slug":"liviu-dragnea-viorel-stefan-dezastru-la-comunicare","status":"publish","type":"post","link":"https:\/\/analyse.optim.biz\/?p=141902","title":{"rendered":"Liviu Dragnea: Viorel \u015etefan, \u201edezastru la comunicare\u201d"},"content":{"rendered":"<div class=\"entry data-app-meta data-app-meta-article\" data-embed-base-url-canonical=\"https:\/\/www.digi24.ro\/embed\/stiri\/actualitate\/politica\/liviu-dragnea-viorel-stefan-dezastru-la-comunicare-717881\">\n<p data-index=\"1\"><strong>Pre\u015fedintele PSD, Liviu Dragnea, spune c\u0103 nu se pune problema elimin\u0103rii venitului minim garantat, dar cei care primesc acest ajutor social trebuie s\u0103 presteze o munc\u0103. \u0218eful social-democra\u0163ilor mai spune c\u0103 pachetul de comunicare de la Guvern nu a fost \u00een regul\u0103 \u0219i c\u0103 ministrul Finan\u0163elor, Viorel \u015etefan, este \u201edezastru la comunicare\u201d.<\/strong><\/p>\n<p data-index=\"2\"><img loading=\"lazy\" decoding=\"async\" class=\"alignnone size-full wp-image-710342\" src=\"https:\/\/analyse.optim.biz\/wp-content\/uploads\/2024\/09\/mczoyxnopwfhmge0ogiyy2u0zwvhnwu1mdzmmmzkzmnknjnhntk1-thumb_.jpg\" width=\"735\" height=\"482\" data-skip-htmlfix=\"1\" title=\"mczoyxnopwfhmge0ogiyy2u0zwvhnwu1mdzmmmzkzmnknjnhntk1-thumb_\"><\/p>\n<p data-index=\"3\">\u201e<span lang=\"ro-RO\">Am vorbit ieri dup\u0103-amiaz\u0103 cu domnul C\u0103lin Popescu T\u0103riceanu, nu a vrut s\u0103 spun\u0103 lucrul acesta (c\u0103 nu sus\u0163ine sc\u0103derea cotei la 10% &#8211; n.r.). Ne vom \u00eent\u00e2lni s\u0103pt\u0103m\u00e2na viitoare cu mai mul\u0163i colegi de la ALDE, mai mul\u0163i colegi din PSD \u015fi membri ai Guvernului, ca s\u0103 facem un pachet de comunicare coerent. Unde are dreptate domnul T\u0103riceanu \u015fi spune ceea ce am spus \u015fi eu, pachetul de comunicare de la Guvern nu a fost f\u0103cut \u00een regul\u0103. Chiar dac\u0103 domnul Viorel \u015etefan este un ministru bun \u015fi chiar este bun, din punctul meu de vedere este dezastru la comunicare, dar aici poate s\u0103 mai lucreze\u201d, a spus Liviu Dragnea, la Parlament, potrivit News.ro.<\/span><\/p>\n<p data-index=\"4\"><span lang=\"ro-RO\">\u00centrebat dac\u0103 sus\u0163ine propunerea lui C\u0103lin Popescu T\u0103riceanu, care a cerut eliminarea venitului minim garantat, pre\u0219edintele PSD a spus: \u201eNu a cerut eliminarea, a zis s\u0103 vedem cum facem ca acei oameni care primesc acel ajutor social s\u0103 \u015fi presteze totu\u015fi, cei care pot s\u0103 munceasc\u0103\u201d.<\/span><\/p>\n<p data-index=\"5\">\u201e<span lang=\"ro-RO\">Nu-i vorba despre a sus\u0163ine cota de 16% sau 10%. Este vorba s\u0103 agre\u0103m ceea ce am agreat \u00een programul de guvernare, cu el am c\u00e2\u015ftigat alegerile \u015fi l-am votat \u00een Parlament \u015fi s\u0103 stabilim c\u00e2nd implement\u0103m \u015fi \u00een ce calendar implement\u0103m acele m\u0103suri care au fost votate\u201d, a completat pre\u015fedintele PSD.<\/span><\/p>\n<p data-index=\"6\">\u201e<span lang=\"ro-RO\">Nu se pune problema s\u0103 elimin\u0103m venitul minim garantat. Noi nu sus\u0163inem a\u015fa ceva. \u00cen schimb, categoric c\u0103 oricine este apt de munc\u0103 trebuie s\u0103 presteze pentru acei bani, pentru c\u0103 nici eu nu sus\u0163in pomenile, ca s\u0103 fiu mai brutal\u201d, a mai spus Liviu Dragnea. <\/span><\/p>\n<\/div>\n<p> Source URL: https:\/\/www.digi24.ro\/stiri\/actualitate\/politica\/liviu-dragnea-viorel-stefan-dezastru-la-comunicare-717881<\/p>\n","protected":false},"excerpt":{"rendered":"<p>Pre\u015fedintele PSD, Liviu Dragnea, spune c\u0103 nu se pune problema elimin\u0103rii venitului minim garantat, dar cei care primesc acest ajutor social trebuie s\u0103 presteze o munc\u0103. \u0218eful social-democra\u0163ilor mai spune c\u0103 pachetul de comunicare de la Guvern nu a fost \u00een regul\u0103 \u0219i c\u0103 ministrul Finan\u0163elor, Viorel \u015etefan, este \u201edezastru la comunicare\u201d. \u201eAm vorbit ieri [&hellip;]<\/p>\n","protected":false},"author":1,"featured_media":141903,"comment_status":"open","ping_status":"","sticky":false,"template":"","format":"standard","meta":{"footnotes":""},"categories":[2],"tags":[11],"class_list":["post-141902","post","type-post","status-publish","format-standard","has-post-thumbnail","hentry","category-politics","tag-digi24"],"_links":{"self":[{"href":"https:\/\/analyse.optim.biz\/index.php?rest_route=\/wp\/v2\/posts\/141902","targetHints":{"allow":["GET"]}}],"collection":[{"href":"https:\/\/analyse.optim.biz\/index.php?rest_route=\/wp\/v2\/posts"}],"about":[{"href":"https:\/\/analyse.optim.biz\/index.php?rest_route=\/wp\/v2\/types\/post"}],"author":[{"embeddable":true,"href":"https:\/\/analyse.optim.biz\/index.php?rest_route=\/wp\/v2\/users\/1"}],"replies":[{"embeddable":true,"href":"https:\/\/analyse.optim.biz\/index.php?rest_route=%2Fwp%2Fv2%2Fcomments&post=141902"}],"version-history":[{"count":0,"href":"https:\/\/analyse.optim.biz\/index.php?rest_route=\/wp\/v2\/posts\/141902\/revisions"}],"wp:featuredmedia":[{"embeddable":true,"href":"https:\/\/analyse.optim.biz\/index.php?rest_route=\/wp\/v2\/media\/141903"}],"wp:attachment":[{"href":"https:\/\/analyse.optim.biz\/index.php?rest_route=%2Fwp%2Fv2%2Fmedia&parent=141902"}],"wp:term":[{"taxonomy":"category","embeddable":true,"href":"https:\/\/analyse.optim.biz\/index.php?rest_route=%2Fwp%2Fv2%2Fcategories&post=141902"},{"taxonomy":"post_tag","embeddable":true,"href":"https:\/\/analyse.optim.biz\/index.php?rest_route=%2Fwp%2Fv2%2Ftags&post=141902"}],"curies":[{"name":"wp","href":"https:\/\/api.w.org\/{rel}","templated":true}]}}