{"id":141865,"date":"2017-05-04T21:26:56","date_gmt":"2017-05-04T18:26:56","guid":{"rendered":"https:\/\/analyse.optim.biz\/?p=141865"},"modified":"2017-05-04T21:26:56","modified_gmt":"2017-05-04T18:26:56","slug":"serban-nicolae-nu-am-incalcat-vreo-decizie-a-coalitiei-sau-a-psd","status":"publish","type":"post","link":"https:\/\/analyse.optim.biz\/?p=141865","title":{"rendered":"\u015eerban Nicolae: Nu am \u00eenc\u0103lcat vreo decizie a coali\u0163iei sau a PSD"},"content":{"rendered":"<div class=\"entry data-app-meta data-app-meta-article\" data-embed-base-url-canonical=\"https:\/\/www.digi24.ro\/embed\/stiri\/actualitate\/politica\/serban-nicolae-nu-am-incalcat-vreo-decizie-a-coalitiei-sau-a-psd-718054\">\n<p data-index=\"1\"><strong>Pre\u015fedintele Comisiei juridice, senatorul PSD \u015eerban Nicolae, spune c\u0103 nu a \u00eenc\u0103lcat vreo decizie de partid sau a coali\u0163iei de guvernare prin faptul c\u0103 a sus\u0163inut amendamentul cu privire la gra\u0163ierea faptelor de corup\u0163ie, \u00een condi\u0163iile \u00een care nu s-a luat nicio decizie \u00een PSD \u00een acest sens.<\/strong><\/p>\n<figure class=\"article-thumb\"><img decoding=\"async\" src=\"https:\/\/analyse.optim.biz\/wp-content\/uploads\/2024\/09\/ad0xnje1odzlmgvlmzzjytg2nthjodu2ztq3mjkyzgm0ng-thumb_.jpg\" alt=\"Serban Nicolae senator PSD agerpres septembrie 2015\" data-skip-htmlfix=\"1\" title=\"ad0xnje1odzlmgvlmzzjytg2nthjodu2ztq3mjkyzgm0ng-thumb_\"><figcaption> Foto: Agerpres <\/figcaption><\/figure>\n<p data-index=\"2\">\u201e<span lang=\"ro-RO\">Eu sunt de acord \u015fi respect orice fel de opinie, nici m\u0103car nu fac caz de faptul c\u0103 pe aspectele tehnice oricum nu ar avea c\u00e2\u015ftig de cauz\u0103 \u00een fa\u0163a mea nici Liviu Dragnea, care este inginer, nici Sorin Grindeanu, care a terminat Matematica (&#8230;)\u201d, a spus senatorul PSD la un post de televiziune, potrivit<a href=\"http:\/\/www.news.ro\/\" target=\"_blank\" rel=\"noopener noreferrer\" data-skip-linkfix=\"1\"> News.ro<\/a>.<\/span><\/p>\n<p data-index=\"3\"><span lang=\"ro-RO\">\u015eerban Nicolae a ad\u0103ugat c\u0103 nu a \u00eenc\u0103lcat vreo decizie a partidului sau a coali\u0163iei de guvernare prin faptul c\u0103 a sus\u0163inut amendamentul cu privire la gra\u0163ierea faptelor de corup\u0163ie.<\/span><\/p>\n<p data-index=\"4\">\u201e<span lang=\"ro-RO\">Un lucru important de spus de pre\u015fedintele PSD, Liviu Dragnea, a fost acela c\u0103 nu s-a discutat \u00een partid \u015fi nu s-a luat o decizie privind aceste chestiuni cu gra\u0163ierea sau cu corup\u0163ii sau cu necorup\u0163ii. Nu am \u00eenc\u0103lcat vreo decizie de partid sau a coali\u0163iei sau a Guvernului sau a programului de guvernare. Ce anume are s\u0103 \u00eemi repro\u015feze, nu cred c\u0103 se va feri s\u0103 \u00eemi spun\u0103 direct, de fa\u0163\u0103 cu ceilal\u0163i colegi sau \u00eentre patru ochi (&#8230;)\u201d, a subliniat pre\u015fedintele Comsiei juridice.<\/span><\/p>\n<p data-index=\"5\"><span lang=\"ro-RO\">Social-democratul s-a declarat convins de faptul c\u0103 nu exist\u0103 o problem\u0103 a sa cu Liviu Dragnea.<\/span><\/p>\n<p data-index=\"6\">\u201e<span lang=\"ro-RO\">Cred c\u0103 s-au speriat c\u00e2\u0163iva din jurul domniei sale, exist\u0103 o tendin\u0163\u0103 la partidul \u0103sta (&#8230;), care au tendin\u0163a de a se uita mai mult la ce spun adversarii \u015fi a se ghidona de reac\u0163iile adversarilor, dec\u00e2t de reac\u0163iile pesedi\u015ftilor\u201d, a spus \u015eerban Nicolae.<\/span><\/p>\n<p data-index=\"7\"><span lang=\"ro-RO\">Senatorul PSD a mai spus c\u0103 nu a \u00een\u0163eles formula folosit\u0103 de Liviu Dragnea, \u201ecu statul la coad\u0103\u201d pentru a discuta cu el.<\/span><\/p>\n<p data-index=\"8\">\u201e<span lang=\"ro-RO\">Telefonul meu sun\u0103 foarte des \u015fi e un fel de apreciere ce a spus pre\u015fedintele PSD, se st\u0103 la coad\u0103 ca s\u0103 m\u0103 sune cineva pe mine (&#8230;)\u201d, a completat social-democratul.<\/span><\/p>\n<p data-index=\"9\"><span lang=\"ro-RO\">Solictat s\u0103 transmit\u0103 un mesaj colegilor din partid, \u015eerban Nicolae a spus c\u0103, \u00een opinia sa, nu exist\u0103 o stare de tensiune, iar ceea ce se \u00eent\u00e2mpl\u0103 \u00een aceste zile nu afecteaz\u0103 \u00een vreun fel forma\u0163iune.<\/span><\/p>\n<p data-index=\"10\">\u201e<span lang=\"ro-RO\">Eu cred c\u0103 situa\u0163ia este una neschimbat\u0103. Suntem colegi de partid de mult\u0103 vreme, tot ceea ce am discutat a fost respectat \u015fi de domnul Dragnea \u015fi de mine. Nu cred c\u0103 este o stare de tensiune \u015fi nici nu cred c\u0103 va afecta partidul \u00een vreun fel ce se \u00eent\u00e2mpl\u0103 \u00een aceste zile\u201d, a conchis \u015eerban Nicolae. <\/span><\/p>\n<p data-index=\"11\"><span lang=\"ro-RO\">Pre\u015fedintele PSD, Liviu Dragnea, a spus c\u0103 va discuta cu \u0218erban Nicolae la \u015fedin\u0163a CEx, subliniind c\u0103 nu dore\u015fte s\u0103 fac\u0103 \u201edin ni\u015fte oameni vedete\u201d. \u015eeful PSD a ad\u0103ugat c\u0103 \u015fi situa\u0163ia altor parlamentari ai partidului va fi discutat\u0103, pentru c\u0103 sunt propuse legi care nu \u0163in de programul de guvernare \u015fi care afecteaz\u0103 imaginea PSD.<\/span><\/p>\n<\/div>\n<p> Source URL: https:\/\/www.digi24.ro\/stiri\/actualitate\/politica\/serban-nicolae-nu-am-incalcat-vreo-decizie-a-coalitiei-sau-a-psd-718054<\/p>\n","protected":false},"excerpt":{"rendered":"<p>Pre\u015fedintele Comisiei juridice, senatorul PSD \u015eerban Nicolae, spune c\u0103 nu a \u00eenc\u0103lcat vreo decizie de partid sau a coali\u0163iei de guvernare prin faptul c\u0103 a sus\u0163inut amendamentul cu privire la gra\u0163ierea faptelor de corup\u0163ie, \u00een condi\u0163iile \u00een care nu s-a luat nicio decizie \u00een PSD \u00een acest sens. Foto: Agerpres \u201eEu sunt de acord \u015fi [&hellip;]<\/p>\n","protected":false},"author":1,"featured_media":141866,"comment_status":"open","ping_status":"","sticky":false,"template":"","format":"standard","meta":{"footnotes":""},"categories":[2],"tags":[11],"class_list":["post-141865","post","type-post","status-publish","format-standard","has-post-thumbnail","hentry","category-politics","tag-digi24"],"_links":{"self":[{"href":"https:\/\/analyse.optim.biz\/index.php?rest_route=\/wp\/v2\/posts\/141865","targetHints":{"allow":["GET"]}}],"collection":[{"href":"https:\/\/analyse.optim.biz\/index.php?rest_route=\/wp\/v2\/posts"}],"about":[{"href":"https:\/\/analyse.optim.biz\/index.php?rest_route=\/wp\/v2\/types\/post"}],"author":[{"embeddable":true,"href":"https:\/\/analyse.optim.biz\/index.php?rest_route=\/wp\/v2\/users\/1"}],"replies":[{"embeddable":true,"href":"https:\/\/analyse.optim.biz\/index.php?rest_route=%2Fwp%2Fv2%2Fcomments&post=141865"}],"version-history":[{"count":0,"href":"https:\/\/analyse.optim.biz\/index.php?rest_route=\/wp\/v2\/posts\/141865\/revisions"}],"wp:featuredmedia":[{"embeddable":true,"href":"https:\/\/analyse.optim.biz\/index.php?rest_route=\/wp\/v2\/media\/141866"}],"wp:attachment":[{"href":"https:\/\/analyse.optim.biz\/index.php?rest_route=%2Fwp%2Fv2%2Fmedia&parent=141865"}],"wp:term":[{"taxonomy":"category","embeddable":true,"href":"https:\/\/analyse.optim.biz\/index.php?rest_route=%2Fwp%2Fv2%2Fcategories&post=141865"},{"taxonomy":"post_tag","embeddable":true,"href":"https:\/\/analyse.optim.biz\/index.php?rest_route=%2Fwp%2Fv2%2Ftags&post=141865"}],"curies":[{"name":"wp","href":"https:\/\/api.w.org\/{rel}","templated":true}]}}