{"id":141854,"date":"2017-05-04T22:40:36","date_gmt":"2017-05-04T19:40:36","guid":{"rendered":"https:\/\/analyse.optim.biz\/?p=141854"},"modified":"2017-05-04T22:40:36","modified_gmt":"2017-05-04T19:40:36","slug":"c-t-popescu-pana-in-ultimul-moment-hotararea-ccr-mergea-invers-schimbarea-a-fost-de-ultima-ora","status":"publish","type":"post","link":"https:\/\/analyse.optim.biz\/?p=141854","title":{"rendered":"C.T. Popescu: \u201eP\u00e2n\u0103 \u00een ultimul moment hot\u0103r\u00e2rea CCR mergea invers. Schimbarea a fost de ultim\u0103 or\u0103\u201d"},"content":{"rendered":"<div class=\"entry data-app-meta data-app-meta-article\" data-embed-base-url-canonical=\"https:\/\/www.digi24.ro\/embed\/stiri\/actualitate\/politica\/c-t-popescu-despre-decizia-ccr-pana-in-ultimul-moment-hotararea-mergea-invers-schimbarea-a-fost-de-ultima-ora-718078\">\n<p data-index=\"1\"><strong><span lang=\"ro-RO\">Jurnalistul Cristian Tudor Popescu spune c\u0103 decizia CCR pe legea care nu permite persoanelor condamnate penal s\u0103 fac\u0103 parte din Guvern este foarte important\u0103 pentru c\u0103 arat\u0103 c\u0103 legea este mai presus de vot. Jurnalistul mai spune c\u0103, din informa\u021biile pe care le are, hot\u0103r\u00e2rea de a respinge sesizarea Avocatului Poporului a fost luat\u0103 \u00een ultimul moment \u0219i c\u0103 deznod\u0103m\u00e2ntul a\u0219teptat era exact opusul.<\/span><\/strong><\/p>\n<p data-index=\"2\">\u201e<span lang=\"ro-RO\">P\u00e2n\u0103 acum am avut patru am\u00e2n\u0103ri. Nu s-a putut. De ce? Eu cred c\u0103 din cauz\u0103 c\u0103 vorbea dl Dorneanu (pre\u0219edintele Cur\u021bii Constitu\u021bionale, n.r.). Acum a t\u0103cut dl Dorneanu. Nu l-am mai auzit d\u00e2nd explica\u021bii, spun\u00e2ndu-ne c\u00e2t e de greu. \u0218i iat\u0103 c\u0103 a ie\u0219it \u0219i aceast\u0103 hot\u0103r\u00e2re. Putem, desigur, s\u0103 facem o mul\u021bime de specula\u021bii \u00een leg\u0103tur\u0103 cu motivul, cu momentul, cu faptul c\u0103, din c\u00e2te aud \u0219i eu, p\u00e2n\u0103 \u00een ultimul moment hot\u0103r\u00e2rea mergea invers. Schimbarea a fost de ultim\u0103 or\u0103. Dar nu vreau s\u0103 speculez pe tema asta\u201d, a spus Cristian Tudor Popescu la Jurnalul de Sear\u0103.<\/span><\/p>\n<p data-index=\"3\">\u201e<span lang=\"ro-RO\">CCR a interzis prin aceast\u0103 decizie unui condamnat penal s\u0103 fac\u0103 parte din Guvern. Sigur, exist\u0103 posibilitatea ca Parlamentul s\u0103 ac\u021bioneze asupra acestei legi, a l\u0103sat CCR aceast\u0103 posibilitate. Dar a f\u0103cut un lucru foarte important: a ar\u0103tat \u0219i a demonstrat c\u0103 votul nu bate totul. Asta este cea ce \u00eencearc\u0103 de luni de zile diver\u0219i politicieni \u2013 c\u0103 dac\u0103 ai votul de partea ta, dac\u0103 ai c\u00e2\u0219tigat ni\u0219te alegeri, atunci e\u0219ti deasupra legii. Or, aceast\u0103 hot\u0103r\u00e2re arat\u0103 c\u0103 legea e chiar mai presus de vot. \u0218i asta este democratic\u201d, a ad\u0103ugat jurnalistul.<\/span><\/p>\n<p data-index=\"4\"><a href=\"https:\/\/www.digi24.ro\/stiri\/actualitate\/justitie\/fara-condamnati-in-guvern-decizie-asteptata-din-nou-la-ccr-dupa-patru-amanari-717374\" target=\"_blank\" rel=\"noopener noreferrer\" data-skip-linkfix=\"1\">Curtea Constitu\u0163ional\u0103 a respins, joi<\/a>, ca inadmisibil\u0103 excep\u0163ia de neconstitu\u0163ionalitate ridicat\u0103 de Avocatul Poporului la Legea 90, care \u00eempiedic\u0103 persoanele condamnate s\u0103 ocupe func\u0163ii \u00een Guvern, au declarat pentru News.ro surse din CCR. La ultimele termene nu s-a format o majoritate pentru admiterea sau respingerea sesiz\u0103rii, cauza fiind am\u00e2nat\u0103 de patru ori. Curtea Constitu\u0163ional\u0103 \u015fi-a explicat decizia, preciz\u00e2nd c\u0103 au fost ridicate probleme de aplicare \u015fi interpretare a legii de c\u0103tre autorit\u0103\u0163ile publice competente, c\u00e2t \u015fi aspecte de legiferare ce intr\u0103 \u00een competen\u0163a Parlamentului.<\/p>\n<\/div>\n<p> Source URL: https:\/\/www.digi24.ro\/stiri\/actualitate\/politica\/c-t-popescu-despre-decizia-ccr-pana-in-ultimul-moment-hotararea-mergea-invers-schimbarea-a-fost-de-ultima-ora-718078<\/p>\n","protected":false},"excerpt":{"rendered":"<p>Jurnalistul Cristian Tudor Popescu spune c\u0103 decizia CCR pe legea care nu permite persoanelor condamnate penal s\u0103 fac\u0103 parte din Guvern este foarte important\u0103 pentru c\u0103 arat\u0103 c\u0103 legea este mai presus de vot. Jurnalistul mai spune c\u0103, din informa\u021biile pe care le are, hot\u0103r\u00e2rea de a respinge sesizarea Avocatului Poporului a fost luat\u0103 \u00een [&hellip;]<\/p>\n","protected":false},"author":1,"featured_media":141855,"comment_status":"open","ping_status":"","sticky":false,"template":"","format":"standard","meta":{"footnotes":""},"categories":[2],"tags":[11],"class_list":["post-141854","post","type-post","status-publish","format-standard","has-post-thumbnail","hentry","category-politics","tag-digi24"],"_links":{"self":[{"href":"https:\/\/analyse.optim.biz\/index.php?rest_route=\/wp\/v2\/posts\/141854","targetHints":{"allow":["GET"]}}],"collection":[{"href":"https:\/\/analyse.optim.biz\/index.php?rest_route=\/wp\/v2\/posts"}],"about":[{"href":"https:\/\/analyse.optim.biz\/index.php?rest_route=\/wp\/v2\/types\/post"}],"author":[{"embeddable":true,"href":"https:\/\/analyse.optim.biz\/index.php?rest_route=\/wp\/v2\/users\/1"}],"replies":[{"embeddable":true,"href":"https:\/\/analyse.optim.biz\/index.php?rest_route=%2Fwp%2Fv2%2Fcomments&post=141854"}],"version-history":[{"count":0,"href":"https:\/\/analyse.optim.biz\/index.php?rest_route=\/wp\/v2\/posts\/141854\/revisions"}],"wp:featuredmedia":[{"embeddable":true,"href":"https:\/\/analyse.optim.biz\/index.php?rest_route=\/wp\/v2\/media\/141855"}],"wp:attachment":[{"href":"https:\/\/analyse.optim.biz\/index.php?rest_route=%2Fwp%2Fv2%2Fmedia&parent=141854"}],"wp:term":[{"taxonomy":"category","embeddable":true,"href":"https:\/\/analyse.optim.biz\/index.php?rest_route=%2Fwp%2Fv2%2Fcategories&post=141854"},{"taxonomy":"post_tag","embeddable":true,"href":"https:\/\/analyse.optim.biz\/index.php?rest_route=%2Fwp%2Fv2%2Ftags&post=141854"}],"curies":[{"name":"wp","href":"https:\/\/api.w.org\/{rel}","templated":true}]}}