{"id":141848,"date":"2017-05-05T10:00:43","date_gmt":"2017-05-05T07:00:43","guid":{"rendered":"https:\/\/analyse.optim.biz\/?p=141848"},"modified":"2017-05-05T10:00:43","modified_gmt":"2017-05-05T07:00:43","slug":"proiect-privind-comisiile-de-ancheta-alesi-cu-statut-de-judecatori","status":"publish","type":"post","link":"https:\/\/analyse.optim.biz\/?p=141848","title":{"rendered":"Proiect privind comisiile de anchet\u0103: ale\u015fi cu statut de judec\u0103tori"},"content":{"rendered":"<div class=\"entry data-app-meta data-app-meta-article\" data-embed-base-url-canonical=\"https:\/\/www.digi24.ro\/embed\/stiri\/actualitate\/politica\/proiect-privind-comisiile-de-ancheta-parlamentari-cu-principii-judecatoresti-718244\">\n<p data-index=\"1\"><strong>Deputatul minorit\u0103\u0163ilor Nicolae Petre\u0163chi a depus un proiect de lege privind func\u0163ionarea comisiilor parlamentare de anchet\u0103, \u00een care prevede c\u0103 membrii lor vor trebui s\u0103 semneze un \u201eangajament de impar\u0163ialitate\u201d \u00eenainte de a-\u015fi \u00eencepe activitatea, urm\u00e2nd ca activitatea lor s\u0103 se desf\u0103\u015foare sub principiul constitu\u0163ional potrivit c\u0103ruia \u201ejudec\u0103torii sunt independen\u0163i \u015fi se supun numai legii\u201d.<\/strong><\/p>\n<p data-index=\"2\"><img loading=\"lazy\" decoding=\"async\" class=\"alignnone size-full wp-image-718245\" src=\"https:\/\/analyse.optim.biz\/wp-content\/uploads\/2024\/09\/dz04mdamagfzad02nwuxndeznjm3ywy5njizndmymzjjodjkogyznwiyoq-thumb_.jpg\" width=\"1200\" height=\"1600\" data-skip-htmlfix=\"1\" title=\"dz04mdamagfzad02nwuxndeznjm3ywy5njizndmymzjjodjkogyznwiyoq-thumb_\"><\/p>\n<p data-index=\"3\">Proiectul introduce noi prevederi \u00een Statutul deputa\u0163ilor \u015fi senatorilor, potrivit c\u0103rora parlamentarii din comisiile speciale de anchet\u0103 vor isc\u0103li, la constituirea acestora \u201eun Angajament de impar\u0163ialitate\u201d, care va cuprinde o declara\u0163ie pe proprie r\u0103spundere a parlamentarului c\u0103 nu a fost implicat, direct sau indirect, \u00een aspectele ce formeaz\u0103 obiectul investig\u0103rii, scrie News.ro.<\/p>\n<p data-index=\"4\">Este introdus \u015fi un nou aliniat care specific\u0103 faptul c\u0103 aceste comisii de anchet\u0103 \u201ese constituie pentru cercetarea problemelor de larg interes, \u00een scopul cunoa\u015fterii realit\u0103\u0163ilor \u00een vederea mai bunei legifer\u0103ri \u015fi am \u00eembun\u0103t\u0103\u0163irii activit\u0103\u0163ii autorit\u0103\u0163ilor statului\u201d.<\/p>\n<p data-index=\"5\">Sunt ad\u0103ugate noi prevederi \u015fi cu privire la imunitatea pentru opinii \u015fi voturi a parlamentarilor, specific\u00e2ndu-se c\u0103 \u201eactivitatea impar\u0163ial\u0103 a deputa\u0163ilor \u015fi senatorilor \u00een comisiile speciale de anchet\u0103 se desf\u0103\u015foar\u0103 sub condi\u0163ia prev\u0103zut\u0103 de art. 124 alin.(3) din Constitu\u0163ia Rom\u00e2niei\u201d.<\/p>\n<p data-index=\"6\">Acest articol asimilieaz\u0103, \u00een efect, parlamentarii din comisiile de anchet\u0103 cu judec\u0103torii, av\u00e2nd \u00een vedere c\u0103 prevederea constitu\u0163ional\u0103 invocat\u0103 de ini\u0163iator spune c\u0103\u00a0\u201ejudec\u0103torii sunt independen\u0163i \u015fi se supun numai legii\u201d.<\/p>\n<p data-index=\"7\">Proiectul prevede \u015fi c\u0103 toate lucr\u0103rile acestor comisii sunt publice, cu excep\u0163ia celor \u00een care se discut\u0103 documente care nu sunt destinate publicului larg.<\/p>\n<p data-index=\"8\">\u201eA devenit de mare actualitate eficientizarea comisiilor speciale de anchet\u0103 ca important\u0103 modalitate de lucru a Parlamentului. Se observ\u0103, pe de o parte, necesitatea acestora pentru \u00eent\u0103rirea statului de drept, iar pe de alt\u0103 parte, \u00een contrast cu a\u015ftept\u0103rile, ne\u00eencrederea societ\u0103\u0163ii decurg\u00e2nd din finalitatea foarte sc\u0103zut\u0103 a demersurilor anterioare de aceast\u0103 natur\u0103\u201d, scrie deputatul Petre\u0163chi, care reprezint\u0103 minoritatea ucrainean\u0103.<\/p>\n<p data-index=\"9\">\u00cen acest moment, \u00een Parlament se discut\u0103 despre \u00eenfiin\u0163area unei comisii parlamentare de anchet\u0103 privind alegerile preziden\u0163iale din 2009. Propunerea de \u00eenfiin\u0163are va fi votat\u0103 s\u0103pt\u0103m\u00e2na viitoare \u00eentr-un plen reunit. Parlamentarii au modificat deja anumite prevederi din Statut cu privire la func\u0163ionarea acestor comisii,\u00a0prev\u0103z\u00e2ndu-se c\u0103 persoanele care sunt invitate la audieri \u00een cadrul comisiilor de anchet\u0103 s\u0103 fie obligate s\u0103 dea curs invita\u0163iei, \u00een caz contrar exist\u00e2nd posibilitatea ca acestea s\u0103 fie acuzate de ascunderea unor date necesare pentru aflarea adev\u0103rului.<\/p>\n<p data-index=\"10\">\u00a0<\/p>\n<\/div>\n<p> Source URL: https:\/\/www.digi24.ro\/stiri\/actualitate\/politica\/proiect-privind-comisiile-de-ancheta-parlamentari-cu-principii-judecatoresti-718244<\/p>\n","protected":false},"excerpt":{"rendered":"<p>Deputatul minorit\u0103\u0163ilor Nicolae Petre\u0163chi a depus un proiect de lege privind func\u0163ionarea comisiilor parlamentare de anchet\u0103, \u00een care prevede c\u0103 membrii lor vor trebui s\u0103 semneze un \u201eangajament de impar\u0163ialitate\u201d \u00eenainte de a-\u015fi \u00eencepe activitatea, urm\u00e2nd ca activitatea lor s\u0103 se desf\u0103\u015foare sub principiul constitu\u0163ional potrivit c\u0103ruia \u201ejudec\u0103torii sunt independen\u0163i \u015fi se supun numai legii\u201d. [&hellip;]<\/p>\n","protected":false},"author":1,"featured_media":141849,"comment_status":"open","ping_status":"","sticky":false,"template":"","format":"standard","meta":{"footnotes":""},"categories":[2],"tags":[11],"class_list":["post-141848","post","type-post","status-publish","format-standard","has-post-thumbnail","hentry","category-politics","tag-digi24"],"_links":{"self":[{"href":"https:\/\/analyse.optim.biz\/index.php?rest_route=\/wp\/v2\/posts\/141848","targetHints":{"allow":["GET"]}}],"collection":[{"href":"https:\/\/analyse.optim.biz\/index.php?rest_route=\/wp\/v2\/posts"}],"about":[{"href":"https:\/\/analyse.optim.biz\/index.php?rest_route=\/wp\/v2\/types\/post"}],"author":[{"embeddable":true,"href":"https:\/\/analyse.optim.biz\/index.php?rest_route=\/wp\/v2\/users\/1"}],"replies":[{"embeddable":true,"href":"https:\/\/analyse.optim.biz\/index.php?rest_route=%2Fwp%2Fv2%2Fcomments&post=141848"}],"version-history":[{"count":0,"href":"https:\/\/analyse.optim.biz\/index.php?rest_route=\/wp\/v2\/posts\/141848\/revisions"}],"wp:featuredmedia":[{"embeddable":true,"href":"https:\/\/analyse.optim.biz\/index.php?rest_route=\/wp\/v2\/media\/141849"}],"wp:attachment":[{"href":"https:\/\/analyse.optim.biz\/index.php?rest_route=%2Fwp%2Fv2%2Fmedia&parent=141848"}],"wp:term":[{"taxonomy":"category","embeddable":true,"href":"https:\/\/analyse.optim.biz\/index.php?rest_route=%2Fwp%2Fv2%2Fcategories&post=141848"},{"taxonomy":"post_tag","embeddable":true,"href":"https:\/\/analyse.optim.biz\/index.php?rest_route=%2Fwp%2Fv2%2Ftags&post=141848"}],"curies":[{"name":"wp","href":"https:\/\/api.w.org\/{rel}","templated":true}]}}