{"id":141845,"date":"2017-05-05T12:15:04","date_gmt":"2017-05-05T09:15:04","guid":{"rendered":"https:\/\/analyse.optim.biz\/?p=141845"},"modified":"2017-05-05T12:15:04","modified_gmt":"2017-05-05T09:15:04","slug":"cristian-busoi-candideaza-la-presedintia-pnl","status":"publish","type":"post","link":"https:\/\/analyse.optim.biz\/?p=141845","title":{"rendered":"Cristian Bu\u015foi candideaz\u0103 la pre\u015fedin\u0163ia PNL"},"content":{"rendered":"<div class=\"entry data-app-meta data-app-meta-article\" data-embed-base-url-canonical=\"https:\/\/www.digi24.ro\/embed\/stiri\/actualitate\/politica\/cristian-busoi-candideaza-al-presedintia-pnl-718385\">\n<p data-index=\"1\"><strong>Secretarul general interimar al PNL, Cristian Bu\u015foi, \u015fi-a anun\u0163at candidatura la pre\u015fedin\u0163ia PNL la congresul din 17 iunie, el fiind astfel cel de-al treilea pretendent la \u015fefia partidului, dup\u0103 Ludovic Orban \u015fi C\u0103t\u0103lin Predoiu.<\/strong><\/p>\n<p data-index=\"2\"><img loading=\"lazy\" decoding=\"async\" class=\"alignnone size-full wp-image-477772\" src=\"https:\/\/analyse.optim.biz\/wp-content\/uploads\/2024\/09\/zyz3ptgwmczoyxnopwrknmjkytm3mjfinmiyzju1mge5mdvhodg4nzllzju5-thumb_.jpg\" width=\"800\" height=\"743\" data-skip-htmlfix=\"1\" title=\"zyz3ptgwmczoyxnopwrknmjkytm3mjfinmiyzju1mge5mdvhodg4nzllzju5-thumb_\"><\/p>\n<p data-index=\"3\"><strong>ACTUALIZARE.<\/strong>\u00a0Europarlamentarul Cristian Bu\u015foi vrea s\u0103 conduc\u0103 PNL. Este al treilea candidat anun\u0163at pentru aceast\u0103 func\u0163ie dup\u0103 Ludovic Orban \u015fi C\u0103t\u0103lin Predoiu.<\/p>\n<p data-index=\"4\">\u201eAm decis s\u0103 \u00eemi anun\u021b candidatura pentru func\u021bia de pre\u0219edinte al PNL la congresul din 17 iunie. Nu voi pretinde c\u0103 sunt salvator, lider providen\u021bial, o vedet\u0103 politic\u0103. Sunt un liberal care este membru al PNL de la 18 ani \u0219i care \u00ee\u0219i dore\u0219te ce e mai bun pentru PNL \u0219i rom\u00e2ni. Nu caut s\u0103 st\u00e2rnesc emo\u021bie, aplauze. Caut eficien\u021b\u0103, caut pragmatism\u201d, a declarat Cristian Bu\u0219oi.<\/p>\n<p data-index=\"5\">Cristian Bu\u015foi este membru al Partidului Na\u0163ional Liberal din 1996. \u00centre 2004 \u015fi 2007, a fost deputat. Acela\u015fi partid l-a sus\u0163inut pentru func\u0163ia de europarlamentar \u015fi pentru \u015fefia Casei Nationale de Asigur\u0103ri de S\u0103n\u0103tate, post pe care l-a ocupat \u00eentre 2013 \u015fi 2014.<\/p>\n<hr>\n<p data-index=\"6\">\u201dDup\u0103 consult\u0103ri \u015fi discu\u0163ii cu mul\u0163i dintre dumneavoastr\u0103, am decis s\u0103 \u00eemi depun candidatura pentru func\u0163ia de Pre\u015fedinte al Partidului Na\u0163ional Liberal, construind o mo\u0163iune sus\u0163inut\u0103 de colegii din partid. Ast\u0103zi (vineri &#8211; n. r.), la ora 12:00, voi face un scurt anun\u0163 public despre aceast\u0103 inten\u0163ie\u201d, le-a transmis Cristian Bu\u015foi liberalilor \u00eentr-un mesaj intern, ob\u0163inut de News.ro.<\/p>\n<p data-index=\"7\">El le mai spune colegilor de partid c\u0103 s\u0103pt\u0103m\u00e2na viitoare va detalia obiectivele \u015fi direc\u0163iile de ac\u0163iune pe care \u015fi le asum\u0103 \u015fi apoi, p\u00e2n\u0103 pe 16 mai, va depune mo\u0163iunea \u015fi va anun\u0163a echipa.<\/p>\n<p data-index=\"8\">\u201dSper s\u0103 am ocazia ca, \u00een s\u0103pt\u0103m\u00e2nile urm\u0103toare, p\u00e2n\u0103 la Congresul din 17 iunie, s\u0103 dezbat cu dumneavoastr\u0103 \u015fi cu to\u0163i colegii din PNL direc\u0163iile de ac\u0163iune pentru viitorul partidului\u201d, le-a transmis Cristian Bu\u015foi liberalilor.<\/p>\n<p data-index=\"9\">\u00cen trecut, Bu\u015foi a vizat \u015fi o candidatur\u0103 din partea PNL la Prim\u0103ria Capitalei. \u00cencepuse s\u0103 se promoveze \u00een aceast\u0103 calitate, dar \u00een cele din urm\u0103 a fost retras de liberali. Locul s\u0103u a fost luat de Ludovic Orban.<\/p>\n<\/div>\n<p> Source URL: https:\/\/www.digi24.ro\/stiri\/actualitate\/politica\/cristian-busoi-candideaza-al-presedintia-pnl-718385<\/p>\n","protected":false},"excerpt":{"rendered":"<p>Secretarul general interimar al PNL, Cristian Bu\u015foi, \u015fi-a anun\u0163at candidatura la pre\u015fedin\u0163ia PNL la congresul din 17 iunie, el fiind astfel cel de-al treilea pretendent la \u015fefia partidului, dup\u0103 Ludovic Orban \u015fi C\u0103t\u0103lin Predoiu. ACTUALIZARE.\u00a0Europarlamentarul Cristian Bu\u015foi vrea s\u0103 conduc\u0103 PNL. Este al treilea candidat anun\u0163at pentru aceast\u0103 func\u0163ie dup\u0103 Ludovic Orban \u015fi C\u0103t\u0103lin Predoiu. [&hellip;]<\/p>\n","protected":false},"author":1,"featured_media":141846,"comment_status":"open","ping_status":"","sticky":false,"template":"","format":"standard","meta":{"footnotes":""},"categories":[2],"tags":[11],"class_list":["post-141845","post","type-post","status-publish","format-standard","has-post-thumbnail","hentry","category-politics","tag-digi24"],"_links":{"self":[{"href":"https:\/\/analyse.optim.biz\/index.php?rest_route=\/wp\/v2\/posts\/141845","targetHints":{"allow":["GET"]}}],"collection":[{"href":"https:\/\/analyse.optim.biz\/index.php?rest_route=\/wp\/v2\/posts"}],"about":[{"href":"https:\/\/analyse.optim.biz\/index.php?rest_route=\/wp\/v2\/types\/post"}],"author":[{"embeddable":true,"href":"https:\/\/analyse.optim.biz\/index.php?rest_route=\/wp\/v2\/users\/1"}],"replies":[{"embeddable":true,"href":"https:\/\/analyse.optim.biz\/index.php?rest_route=%2Fwp%2Fv2%2Fcomments&post=141845"}],"version-history":[{"count":0,"href":"https:\/\/analyse.optim.biz\/index.php?rest_route=\/wp\/v2\/posts\/141845\/revisions"}],"wp:featuredmedia":[{"embeddable":true,"href":"https:\/\/analyse.optim.biz\/index.php?rest_route=\/wp\/v2\/media\/141846"}],"wp:attachment":[{"href":"https:\/\/analyse.optim.biz\/index.php?rest_route=%2Fwp%2Fv2%2Fmedia&parent=141845"}],"wp:term":[{"taxonomy":"category","embeddable":true,"href":"https:\/\/analyse.optim.biz\/index.php?rest_route=%2Fwp%2Fv2%2Fcategories&post=141845"},{"taxonomy":"post_tag","embeddable":true,"href":"https:\/\/analyse.optim.biz\/index.php?rest_route=%2Fwp%2Fv2%2Ftags&post=141845"}],"curies":[{"name":"wp","href":"https:\/\/api.w.org\/{rel}","templated":true}]}}