{"id":141842,"date":"2017-05-05T12:42:24","date_gmt":"2017-05-05T09:42:24","guid":{"rendered":"https:\/\/analyse.optim.biz\/?p=141842"},"modified":"2017-05-05T12:42:24","modified_gmt":"2017-05-05T09:42:24","slug":"intalnire-a-liderilor-udmr-cu-viktor-orban","status":"publish","type":"post","link":"https:\/\/analyse.optim.biz\/?p=141842","title":{"rendered":"\u00cent\u00e2lnire a liderilor UDMR cu Viktor Orban"},"content":{"rendered":"<div class=\"entry data-app-meta data-app-meta-article\" data-embed-base-url-canonical=\"https:\/\/www.digi24.ro\/embed\/stiri\/actualitate\/politica\/intalnire-a-liderilor-udmr-cu-viktor-orban-718426\">\n<p data-index=\"1\"><strong>UDMR a anun\u0163at vineri, \u00eentr-un comunicat de pres\u0103, c\u0103 liderii Uniunii Democratice a Maghiarilor din Rom\u00e2nia din administra\u0163ia local\u0103 \u015fi jude\u0163ean\u0103 din Satu Mare s-au \u00eent\u00e2lnit, joi, cu premierul Ungariei, Viktor Orban, concluziile \u00eentrevederii fiind \u00eenceperea proiect\u0103rii prelungirii tronsonului autostr\u0103zii M3 p\u00e2n\u0103 la grani\u0163a cu Rom\u00e2nia, precum \u015fi un nou punct de trecere a frontiere, potrivit News.ro.<\/strong><\/p>\n<figure class=\"article-thumb\"><img decoding=\"async\" src=\"https:\/\/analyse.optim.biz\/wp-content\/uploads\/2024\/09\/emm9mszoyxnoptdkztm2yjfinjexodc5mzeym2zmm2riotrmmzfkzgrk-thumb_.jpg\" alt=\"Viktor Orban shutterstock_194329580\" data-skip-htmlfix=\"1\" title=\"emm9mszoyxnoptdkztm2yjfinjexodc5mzeym2zmm2riotrmmzfkzgrk-thumb_\"><figcaption> Foto: Shutterstock <\/figcaption><\/figure>\n<p data-index=\"2\">Potrivit sursei citate de News.ro, proiecte precum operabilitatea punctelor de trecere a frontierei \u015fi sporirea m\u0103surilor de siguran\u0163\u0103 rutier\u0103 sunt c\u00e2teva din subiectele \u00eent\u00e2lnirii dintre Orban Viktor, premierul Ungariei, Seszt\u00e1k Mikl\u00f3s, ministrul Dezvolt\u0103rii \u00een Guvernul ungar \u015fi politicienii UDMR din jude\u0163ul Satu-Mare.<\/p>\n<p data-index=\"3\">\u00centrevederea a avut loc joi, dup\u0103 inaugurarea bazinului de formare microregional din localitatea de frontier\u0103 Csenger.<\/p>\n<p data-index=\"4\">\u201eRecent, am adresat o interpelare ministrului rom\u00e2n de Interne pentru a m\u0103 informa despre m\u0103surile care vor fi luate \u00een privin\u0163a \u015firului de ma\u015fini care sta\u0163ioneaz\u0103 pe distan\u0163e kilometrice la punctele de trecere a frontierei \u015fi a timpului de a\u015fteptare exagerat de mare la controlul vamal. R\u0103spunsul a venit imediat, \u00eens\u0103 din partea Guvernului ungar, care a luat decizia de a suspenda controlul am\u0103nun\u0163it \u015fi protocoalele de verificare introduse abia \u00een aprilie la punctele de trecere a frontierei dintre Ungaria \u015fi Rom\u00e2nia, reduc\u00e2nd, astfel, semnificativ timpii de a\u015fteptare\u201d, a afirmat deputatul UDMR Magyar L\u00f3r\u00e1nd.<\/p>\n<p data-index=\"5\">Reprezentan\u0163ii UDMR au mai precizat c\u0103 se contureaz\u0103 noi proiecte comune cu partenerii din Ungaria, precum conectarea parcului industrial din Csenger \u015fi Veti\u015f prin deschiderea unui nou punct de trecere peste frontiera de stat.<\/p>\n<p data-index=\"6\">\u201dInten\u0163ia Guvernului Ungariei de a deschide un nou punct de trecere a frontierei este important\u0103 \u015fi din perspectiva faptului c\u0103 acesta va asigura o alternativ\u0103 de trecere a frontierei \u015fi poate u\u015fura povara asupra celor existente dar, totodat\u0103, poate apropia \u015fi economia celor dou\u0103 jude\u0163e transfrontaliere, Satu Mare \u015fi Szabolcs-Szatm\u00e1r-Bereg\u201d, a declarat, la r\u00e2ndul s\u0103u, Pataki Csaba, pre\u015fedintele Consiliului Jude\u0163ean Satu Mare.<\/p>\n<p data-index=\"7\">Primarul din Satu Mare, Keresk\u00e9nyi G\u00e1bor, a afirmat c\u0103 a primit asigur\u0103ri din partea guvernului ungar cu privire la faptul c\u0103 se \u00eencepe proiectarea prelungirii tronsonului autostr\u0103zii M3 p\u00e2n\u0103 la grani\u0163a cu Rom\u00e2nia.<\/p>\n<p data-index=\"8\">\u201e\u00cen ultimele dou\u0103 s\u0103pt\u0103m\u00e2ni, municipiul Satu Mare a primit dou\u0103 ve\u015fti extrem de importante. Una dintre ele este Hot\u0103r\u00e2rea de Guvern cu privire la exproprierile necesare \u00een vederea construirii drumului de centur\u0103. Totodat\u0103, am primit asigur\u0103ri din partea Guvernului ungar c\u0103 se \u00eencepe proiectarea prelungirii tronsonului autostr\u0103zii M3 p\u00e2n\u0103 la grani\u0163a cu Rom\u00e2nia, iar execu\u0163ia proiectelor va fi finalizat\u0103 chiar \u00een acest an. Acest lucru \u00eenseamn\u0103 nu numai c\u0103 se fluidizeaz\u0103 traficul \u00een municipiul re\u015fedin\u0163\u0103 de jude\u0163, dar ne vom conecta mai repede dec\u00e2t oric\u00e2nd la re\u0163eaua de autostr\u0103zi din Europa, imediat dup\u0103 trecerea frontierei\u201d, a subliniat Keresk\u00e9nyi G\u00e1bor.\u00a0<\/p>\n<\/div>\n<p> Source URL: https:\/\/www.digi24.ro\/stiri\/actualitate\/politica\/intalnire-a-liderilor-udmr-cu-viktor-orban-718426<\/p>\n","protected":false},"excerpt":{"rendered":"<p>UDMR a anun\u0163at vineri, \u00eentr-un comunicat de pres\u0103, c\u0103 liderii Uniunii Democratice a Maghiarilor din Rom\u00e2nia din administra\u0163ia local\u0103 \u015fi jude\u0163ean\u0103 din Satu Mare s-au \u00eent\u00e2lnit, joi, cu premierul Ungariei, Viktor Orban, concluziile \u00eentrevederii fiind \u00eenceperea proiect\u0103rii prelungirii tronsonului autostr\u0103zii M3 p\u00e2n\u0103 la grani\u0163a cu Rom\u00e2nia, precum \u015fi un nou punct de trecere a frontiere, [&hellip;]<\/p>\n","protected":false},"author":1,"featured_media":141843,"comment_status":"open","ping_status":"","sticky":false,"template":"","format":"standard","meta":{"footnotes":""},"categories":[2],"tags":[11],"class_list":["post-141842","post","type-post","status-publish","format-standard","has-post-thumbnail","hentry","category-politics","tag-digi24"],"_links":{"self":[{"href":"https:\/\/analyse.optim.biz\/index.php?rest_route=\/wp\/v2\/posts\/141842","targetHints":{"allow":["GET"]}}],"collection":[{"href":"https:\/\/analyse.optim.biz\/index.php?rest_route=\/wp\/v2\/posts"}],"about":[{"href":"https:\/\/analyse.optim.biz\/index.php?rest_route=\/wp\/v2\/types\/post"}],"author":[{"embeddable":true,"href":"https:\/\/analyse.optim.biz\/index.php?rest_route=\/wp\/v2\/users\/1"}],"replies":[{"embeddable":true,"href":"https:\/\/analyse.optim.biz\/index.php?rest_route=%2Fwp%2Fv2%2Fcomments&post=141842"}],"version-history":[{"count":0,"href":"https:\/\/analyse.optim.biz\/index.php?rest_route=\/wp\/v2\/posts\/141842\/revisions"}],"wp:featuredmedia":[{"embeddable":true,"href":"https:\/\/analyse.optim.biz\/index.php?rest_route=\/wp\/v2\/media\/141843"}],"wp:attachment":[{"href":"https:\/\/analyse.optim.biz\/index.php?rest_route=%2Fwp%2Fv2%2Fmedia&parent=141842"}],"wp:term":[{"taxonomy":"category","embeddable":true,"href":"https:\/\/analyse.optim.biz\/index.php?rest_route=%2Fwp%2Fv2%2Fcategories&post=141842"},{"taxonomy":"post_tag","embeddable":true,"href":"https:\/\/analyse.optim.biz\/index.php?rest_route=%2Fwp%2Fv2%2Ftags&post=141842"}],"curies":[{"name":"wp","href":"https:\/\/api.w.org\/{rel}","templated":true}]}}