{"id":1418305,"date":"2024-10-22T14:42:41","date_gmt":"2024-10-22T11:42:41","guid":{"rendered":"https:\/\/analyse.optim.biz\/?p=1418305"},"modified":"2024-10-22T14:42:41","modified_gmt":"2024-10-22T11:42:41","slug":"joi-24-octombrie-se-investeste-noua-echipa-de-la-conducerea-primariei-vaslui","status":"publish","type":"post","link":"https:\/\/analyse.optim.biz\/?p=1418305","title":{"rendered":"Joi, 24 octombrie, se investe\u0219te nou\u0103 echip\u0103 de la conducerea Prim\u0103riei Vaslui"},"content":{"rendered":"<div class=\"entry-content clearfix\">\n<p>Joi, 24 octombrie, Lucian Brani\u0219te, noul primar ales al municipiului Vaslui, va depune \u00a0jur\u00e2m\u00e2ntul de credin\u021b\u0103 pentru mandatul 2024 \u2013 2028.<\/p>\n<p>\u00cen cadrul aceleia\u0219i ceremonii vor depune jur\u0103m\u00e2ntul de investire \u0219i cei 24 de consilieri locali ale\u0219i \u00een urma votului exprimat la alegerea autorit\u0103\u021bilor administra\u021biei publice\u00a0locale, din 9 iunie 2024.<\/p>\n<p>Potrivit rezultatelor din urma vot\u0103rii, validate de instan\u021b\u0103, \u00een urm\u0103torii patru ani Consiliul Local Vaslui va avea urm\u0103toarea componen\u021b\u0103:<\/p>\n<p>11 consilieri PSD \u2013 Lucian Brani\u0219te, Cezar Bahrim, Valeriu Caraga\u021b\u0103, Gabriela Epure, Vlad Ghe\u021bu, Lucian Cristinel Jinga, Daniel Neac\u0219u, Leonard Alin Negru\u021bi, Andreea Alina Nistor, Dumitru Pri\u0219an, Lumini\u021ba Mihaela V\u00e2rlan<\/p>\n<p>4 consilieri AUR \u2013 Cristian Br\u00eenz\u0103, Constantin Carabin\u0103, Vlad Dicu, Ionel Sandu<\/p>\n<p>3 consilieri PNL \u2013 Daniel Bulumac, Liliana Trifan, Robert-Lauren\u021biu Vlada<\/p>\n<p>3 consilieri USR \u2013 Mihaela-Verginia Bohotineanu, Drago\u0219-Andrei Chirica<\/p>\n<p>C\u0103t\u0103lin\u00a0 Emil M\u00eendru<\/p>\n<p>2 consilieri For\u021ba Dreptei \u2013 Marius Arc\u0103leanu, Ana-Maria Cristea<\/p>\n<p>1 consilier PMP \u2013 Maricel Gangu<\/p>\n<p>\u00centr-o urm\u0103toare \u0219edin\u021b\u0103 a Consiliului Local \u00a0se vor constitui comisiile de specialitate ale CL \u0219i, ulterior, din r\u00e2ndul consilierilor locali, vor fi ale\u0219i cei doi viceprimari ai municipiului Vaslui.<\/p>\n<aside class=\"mashsb-container mashsb-main \">\n<div class=\"mashsb-box\">\n<div class=\"mashsb-count mash-medium\">\n<div class=\"counts mashsbcount\">0<\/div>\n<p><span class=\"mashsb-sharetext\">SHARES<\/span><\/div>\n<div class=\"mashsb-buttons\"><a class=\"mashicon-facebook mash-medium mashsb-noshadow\" href=\"https:\/\/www.facebook.com\/sharer.php?u=http%3A%2F%2Fwww.ziaruldevaslui.ro%2Fjoi-24-octombrie-se-investeste-noua-echipa-de-la-conducerea-primariei-vaslui%2F\" target=\"_top\" rel=\"nofollow\"><span class=\"text\">Share\u00a0pe\u00a0facebook<\/span><\/a><a class=\"mashicon-twitter mash-medium mashsb-noshadow\" href=\"https:\/\/twitter.com\/intent\/tweet?text=Joi%2C%2024%20octombrie%2C%20se%20investe%C8%99te%20nou%C4%83%20echip%C4%83%20%20de%20la%20conducerea%20Prim%C4%83riei%20Vaslui&amp;url=http:\/\/www.ziaruldevaslui.ro\/?p=46722\" target=\"_top\" rel=\"nofollow\"><span class=\"text\">Share\u00a0pe\u00a0twitter<\/span><\/a><\/div>\n<\/div>\n<\/aside>\n<\/div>\n<div class=\"entry-content\">\n<p>Ini\u021bial am crezut c\u0103 Ionel Sandu s-a apucat de Stand Up Comedy. Cu afacerile nu st\u0103 extraordinar, cu politica nici<\/p>\n<\/div>\n<p> Source URL: http:\/\/www.ziaruldevaslui.ro\/joi-24-octombrie-se-investeste-noua-echipa-de-la-conducerea-primariei-vaslui\/<\/p>\n","protected":false},"excerpt":{"rendered":"<p>Joi, 24 octombrie, Lucian Brani\u0219te, noul primar ales al municipiului Vaslui, va depune \u00a0jur\u00e2m\u00e2ntul de credin\u021b\u0103 pentru mandatul 2024 \u2013 2028. \u00cen cadrul aceleia\u0219i ceremonii vor depune jur\u0103m\u00e2ntul de investire \u0219i cei 24 de consilieri locali ale\u0219i \u00een urma votului exprimat la alegerea autorit\u0103\u021bilor administra\u021biei publice\u00a0locale, din 9 iunie 2024. Potrivit rezultatelor din urma vot\u0103rii, [&hellip;]<\/p>\n","protected":false},"author":1,"featured_media":0,"comment_status":"open","ping_status":"","sticky":false,"template":"","format":"standard","meta":{"footnotes":""},"categories":[89],"tags":[218],"class_list":["post-1418305","post","type-post","status-publish","format-standard","hentry","category-romania","tag-ziaruldevaslui-ro"],"_links":{"self":[{"href":"https:\/\/analyse.optim.biz\/index.php?rest_route=\/wp\/v2\/posts\/1418305","targetHints":{"allow":["GET"]}}],"collection":[{"href":"https:\/\/analyse.optim.biz\/index.php?rest_route=\/wp\/v2\/posts"}],"about":[{"href":"https:\/\/analyse.optim.biz\/index.php?rest_route=\/wp\/v2\/types\/post"}],"author":[{"embeddable":true,"href":"https:\/\/analyse.optim.biz\/index.php?rest_route=\/wp\/v2\/users\/1"}],"replies":[{"embeddable":true,"href":"https:\/\/analyse.optim.biz\/index.php?rest_route=%2Fwp%2Fv2%2Fcomments&post=1418305"}],"version-history":[{"count":0,"href":"https:\/\/analyse.optim.biz\/index.php?rest_route=\/wp\/v2\/posts\/1418305\/revisions"}],"wp:attachment":[{"href":"https:\/\/analyse.optim.biz\/index.php?rest_route=%2Fwp%2Fv2%2Fmedia&parent=1418305"}],"wp:term":[{"taxonomy":"category","embeddable":true,"href":"https:\/\/analyse.optim.biz\/index.php?rest_route=%2Fwp%2Fv2%2Fcategories&post=1418305"},{"taxonomy":"post_tag","embeddable":true,"href":"https:\/\/analyse.optim.biz\/index.php?rest_route=%2Fwp%2Fv2%2Ftags&post=1418305"}],"curies":[{"name":"wp","href":"https:\/\/api.w.org\/{rel}","templated":true}]}}