{"id":141805,"date":"2017-05-06T19:01:28","date_gmt":"2017-05-06T16:01:28","guid":{"rendered":"https:\/\/analyse.optim.biz\/?p=141805"},"modified":"2017-05-06T19:01:28","modified_gmt":"2017-05-06T16:01:28","slug":"presedintele-ramane-cu-tot-mai-putine-atributii-la-initiativa-puterii","status":"publish","type":"post","link":"https:\/\/analyse.optim.biz\/?p=141805","title":{"rendered":"Pre\u015fedintele r\u0103m\u00e2ne cu tot mai pu\u0163ine atribu\u0163ii, la ini\u021biativa puterii"},"content":{"rendered":"<div class=\"entry data-app-meta data-app-meta-article\" data-embed-base-url-canonical=\"https:\/\/www.digi24.ro\/embed\/stiri\/actualitate\/politica\/presedintele-romaniei-ramane-cu-tot-mai-putine-atributii-la-initiativa-psd-alde-719080\">\n<p data-index=\"1\"><strong>Pre\u015fedintele Rom\u00e2niei r\u0103m\u00e2ne cu tot mai pu\u0163ine atribu\u0163ii &#8211; la ini\u021biativa PSD-ALDE. A fost eliminat din procesul de numire a \u015fefului Autorit\u0103\u0163ii de Reglementare \u00een Comunica\u0163ii, iar pe rolul Parlamentului se afl\u0103 o lege care \u00eel scoate pe \u015feful statului din procesul de numire a procurorilor \u015fefi. Nici m\u0103car atribu\u0163ia de a conferi decora\u0163ii nu mai r\u0103m\u00e2ne doar la pre\u015fedinte.<\/strong><\/p>\n<p data-index=\"2\">Printr-o ordonan\u0163\u0103 de urgen\u0163\u0103, Executivul a decis ca propunerea pentru pre\u015fedin\u0163ia Autorit\u0103\u021bii de Reglementare \u00een Comunica\u0163ii s\u0103 nu mai mearg\u0103 la Palatul Cotroceni, ci direct \u00een Parlament.<\/p>\n<p data-index=\"3\">\u015eeful statului este sup\u0103rat pe modul \u00een care Guvernul a decis s\u0103-i ia aceast\u0103 atribu\u0163ie.<\/p>\n<p data-index=\"4\">\u201e<span lang=\"ro-RO\">Seam\u0103n\u0103 izbitor cu spe\u0163a ordonan\u0163ei 13. Probabil aceast\u0103 coali\u0163ie care este la putere acum a vrut s\u0103 \u00eemi arate mie c\u0103 ei fac jocul\u201d, spune Klaus Iohannis, pre\u015fedintele Rom\u00e2niei.<\/span><\/p>\n<p data-index=\"5\">Pre\u015fedintele PSD a explicat \u00eens\u0103 c\u0103 Executivul l-a eliminat pe \u015feful statului din procesul de numire de la ANCOM pentru c\u0103 acesta ar fi ignorat doi ani propunerile trimise pentru conducerea institu\u0163iei.<\/p>\n<p data-index=\"6\">\u201eEh, aici a gre\u0219it domnul pre\u0219edintele pentru c\u0103 Guvernul a ajuns \u00een situa\u0163ia s\u0103 adopte o astfel de ordonan\u0163\u0103 din cauza pre\u015fedintelui\u201d, afirm\u0103 Liviu Dragnea, pre\u0219edintele PSD.<\/p>\n<p data-index=\"7\">\u201eCe caut\u0103 politicienii \u00een astfel de institu\u0163ii? S\u0103-\u015fi vad\u0103 de treburile lor \u015fi nimic mai mult. E foarte bine ce a f\u0103cut Guvernul Grindeanu\u201d, spune Norica Nicolai.<\/p>\n<p data-index=\"8\">S\u0103pt\u0103m\u00e2na aceasta, ale\u015fii au adoptat o lege legat\u0103 de Centenarul Marii Uniri. Potrivit acesteia, atribu\u0163ia de a conferi decora\u0163ii va fi \u00eemp\u0103r\u0163it\u0103 de pre\u015fedinte cu Guvernul \u015fi cu Parlamentul, chiar dac\u0103 au existat \u015fi \u00eempotriviri.<\/p>\n<p data-index=\"9\">\u201eNu discut\u0103m despre un om, discut\u0103m despre institu\u021bia pre\u0219edintelui Rom\u00e2niei iar distinc\u021biile le ofer\u0103 \u0219eful statului rom\u00e2n nu pre\u0219edintele uneia dintre Camere\u201d, afirm\u0103 Eugen Tomac.<\/p>\n<p data-index=\"10\">Mar\u0163i, Comisia Juridic\u0103 a Senatului va relua discu\u0163ia despre legea lui C\u0103lin Popescu T\u0103riceanu care \u00eel elimin\u0103 pe \u015feful statului de pe parcursul numirii procurorului general \u015fi a procurorului \u015fef de la DNA.<\/p>\n<p data-index=\"11\">\u201e<span lang=\"ro-RO\">Sper s\u0103 reu\u015fim s\u0103 facem un pas \u00eenainte \u00een ceea ce \u00eenseamn\u0103 o real\u0103 independen\u0163\u0103 a justi\u0163iei\u201d, spune C\u0103lin Popescu T\u0103riceanu, pre\u015fedintele Senatului.<\/span><\/p>\n<p data-index=\"12\">\u201eDac\u0103 se guverneaz\u0103 doar pentru a ar\u0103ta c\u0103 ei pot face orice. Asta \u015ftim din capul locului. Nu ajut\u0103 pe nimeni\u201d, spune Klaus Iohannis, pre\u015fedintele Rom\u00e2niei.<\/p>\n<p data-index=\"13\">Au fost \u0219i momente \u00een care planurile puterii au fost \u00eencurcate de aici, de la Palatul Cotroceni. Pre\u0219edintele Klaus Iohannis a respins prima propunere de premier f\u0103cut\u0103 de PSD \u0219i ALDE \u015fi i-a l\u0103sat, \u00een decembrie, s\u0103 \u00ee\u0219i petreac\u0103 Cr\u0103ciunul \u00een suspans. A doua propunere a fost acceptat\u0103 \u00eens\u0103 dup\u0103 2 zile, printr-un sms. C\u00e2nd a venit vorba de buget, pre\u0219edintele a cerut consult\u0103ri suplimentare \u0219i asta \u00een ciuda propunerii de urgen\u021b\u0103 pe care o f\u0103ceau de urgen\u0163\u0103pe care o f\u0103ceau atunci cei de la putere.<\/p>\n<\/div>\n<p> Source URL: https:\/\/www.digi24.ro\/stiri\/actualitate\/politica\/presedintele-romaniei-ramane-cu-tot-mai-putine-atributii-la-initiativa-psd-alde-719080<\/p>\n","protected":false},"excerpt":{"rendered":"<p>Pre\u015fedintele Rom\u00e2niei r\u0103m\u00e2ne cu tot mai pu\u0163ine atribu\u0163ii &#8211; la ini\u021biativa PSD-ALDE. A fost eliminat din procesul de numire a \u015fefului Autorit\u0103\u0163ii de Reglementare \u00een Comunica\u0163ii, iar pe rolul Parlamentului se afl\u0103 o lege care \u00eel scoate pe \u015feful statului din procesul de numire a procurorilor \u015fefi. Nici m\u0103car atribu\u0163ia de a conferi decora\u0163ii nu [&hellip;]<\/p>\n","protected":false},"author":1,"featured_media":141806,"comment_status":"open","ping_status":"","sticky":false,"template":"","format":"standard","meta":{"footnotes":""},"categories":[2],"tags":[11],"class_list":["post-141805","post","type-post","status-publish","format-standard","has-post-thumbnail","hentry","category-politics","tag-digi24"],"_links":{"self":[{"href":"https:\/\/analyse.optim.biz\/index.php?rest_route=\/wp\/v2\/posts\/141805","targetHints":{"allow":["GET"]}}],"collection":[{"href":"https:\/\/analyse.optim.biz\/index.php?rest_route=\/wp\/v2\/posts"}],"about":[{"href":"https:\/\/analyse.optim.biz\/index.php?rest_route=\/wp\/v2\/types\/post"}],"author":[{"embeddable":true,"href":"https:\/\/analyse.optim.biz\/index.php?rest_route=\/wp\/v2\/users\/1"}],"replies":[{"embeddable":true,"href":"https:\/\/analyse.optim.biz\/index.php?rest_route=%2Fwp%2Fv2%2Fcomments&post=141805"}],"version-history":[{"count":0,"href":"https:\/\/analyse.optim.biz\/index.php?rest_route=\/wp\/v2\/posts\/141805\/revisions"}],"wp:featuredmedia":[{"embeddable":true,"href":"https:\/\/analyse.optim.biz\/index.php?rest_route=\/wp\/v2\/media\/141806"}],"wp:attachment":[{"href":"https:\/\/analyse.optim.biz\/index.php?rest_route=%2Fwp%2Fv2%2Fmedia&parent=141805"}],"wp:term":[{"taxonomy":"category","embeddable":true,"href":"https:\/\/analyse.optim.biz\/index.php?rest_route=%2Fwp%2Fv2%2Fcategories&post=141805"},{"taxonomy":"post_tag","embeddable":true,"href":"https:\/\/analyse.optim.biz\/index.php?rest_route=%2Fwp%2Fv2%2Ftags&post=141805"}],"curies":[{"name":"wp","href":"https:\/\/api.w.org\/{rel}","templated":true}]}}