{"id":141802,"date":"2017-05-06T21:13:31","date_gmt":"2017-05-06T18:13:31","guid":{"rendered":"https:\/\/analyse.optim.biz\/?p=141802"},"modified":"2017-05-06T21:13:31","modified_gmt":"2017-05-06T18:13:31","slug":"ciolos-e-nevoie-de-implicarea-tuturor-nu-doar-cu-like-uri-sau-iesind-in-strada","status":"publish","type":"post","link":"https:\/\/analyse.optim.biz\/?p=141802","title":{"rendered":"Ciolo\u015f: E nevoie de implicarea tuturor, nu doar cu like-uri sau ie\u015find \u00een strad\u0103"},"content":{"rendered":"<div class=\"entry data-app-meta data-app-meta-article\" data-embed-base-url-canonical=\"https:\/\/www.digi24.ro\/embed\/stiri\/actualitate\/politica\/ciolos-e-nevoie-de-implicarea-tuturor-nu-doar-cu-like-uri-sau-iesind-in-strada-719138\">\n<p data-index=\"1\"><strong><span lang=\"ro-RO\">Fostul premier Dacian Ciolo\u015f spune c\u0103 nu mai este suficient s\u0103 spunem c\u0103 ne-am f\u0103cut treaba fa\u0163\u0103 de societate deleg\u00e2nd atribu\u0163iile unor lideri, prin vot, pl\u0103tind cotiza\u0163ii sau f\u0103c\u00e2nd dona\u0163ii, \u015fi este nevoie de implicarea tuturor pentru a g\u0103si solu\u0163ii, nu doar cu like-uri sau doar ie\u015find \u00een strad\u0103.<\/span><\/strong><\/p>\n<p data-index=\"2\"><img loading=\"lazy\" decoding=\"async\" class=\"alignnone size-full wp-image-664114\" src=\"https:\/\/analyse.optim.biz\/wp-content\/uploads\/2024\/09\/cgcmdz04mdamagfzad05nde0zji2ntg3otq5ymfhogm2nwe0owzhmzqxotcwyg-thumb_.jpg\" width=\"744\" height=\"497\" data-skip-htmlfix=\"1\" title=\"cgcmdz04mdamagfzad05nde0zji2ntg3otq5ymfhogm2nwe0owzhmzqxotcwyg-thumb_\"><\/p>\n<p data-index=\"3\"><span lang=\"ro-RO\">Dacian Ciolo\u015f a vorbit, s\u00e2mb\u0103t\u0103, la conferin\u0163a TEDxEroilor de la Cluj, despre importan\u0163a implic\u0103rii societ\u0103\u0163ii \u00een actul de guvernare, dincolo de proteste, vot sau cotiza\u0163ii pentru diverse organiza\u0163ii.<\/span><\/p>\n<p data-index=\"4\">\u201e<span lang=\"ro-RO\">Societatea are nevoie de fiecare dintre noi pentru c\u0103 fiecare suntem unici. (&#8230;) Suntem \u00eentr-o tranzi\u0163ie a modului de guvernan\u0163\u0103 a societ\u0103\u0163ilor. Suntem \u00eentr-o faz\u0103 de tranzi\u0163ie de la o guvernan\u0163\u0103 piramidal\u0103, la o guvernan\u0163\u0103 de re\u0163ea, de networking. Nu vom mai putea g\u0103si solu\u0163ii doar deleg\u00e2nd lideri care au f\u0103cut o meserie din activitatea de om politic, ceea ce nu e un lucru bun. Solu\u0163iile nu vor mai veni a\u015fa, ci avem nevoie s\u0103 ne asum\u0103m noi pentru a putea g\u0103si solu\u0163ii \u00eempreun\u0103. Cu at\u00e2t mai mult \u00een acest context este nevoie de implicarea fiec\u0103ruia\u201d, a explicat Ciolo\u015f, potrivit <a href=\"http:\/\/www.news.ro\/\" target=\"_blank\" rel=\"noopener noreferrer\" data-skip-linkfix=\"1\">News.ro<\/a>.<\/span><\/p>\n<p data-index=\"5\"><span lang=\"ro-RO\">El a insistat pe faptul c\u0103 democra\u0163ia clasic\u0103 are nevoie de evolu\u0163ie pentru a se adapta rigorilor societ\u0103\u0163ii din prezent, explic\u00e2nd c\u0103 implicarea \u00een societate trebuie s\u0103 mearg\u0103 dincolo de like-uri \u015fi chiar de proteste.<\/span><\/p>\n<p data-index=\"6\">\u201e<span lang=\"ro-RO\">Cred c\u0103 \u015fi democra\u0163ia venit\u0103 din antichitate are nevoie de ameliorare \u015fi evolu\u0163ie \u00een modul de cercetare a guvernantei societ\u0103\u0163ii (&#8230;) Am primit solicit\u0103ri aproape culpabilizatoare cu privire la implicarea mea \u015fi r\u0103spunsul meu este: cu to\u0163ii trebuie s\u0103 ne implic\u0103m, nu doar cu like-uri sau doar ie\u015find \u00een strad\u0103. Este nevoie de mai mult de at\u00e2t. Energia contest\u0103rii care e deja o form\u0103 de exprimare a unor a\u015ftept\u0103ri este important s\u0103 o putem canaliza \u00eentr-o energie a construc\u0163iei \u015fi sunt convins c\u0103 aceast\u0103 energie, cu imagina\u0163ia pe care o avem, ne poate ajuta s\u0103 g\u0103sim cele mai bune solu\u0163ii\u201d, a mai spus Dacian Ciolo\u015f.<\/span><\/p>\n<\/div>\n<p> Source URL: https:\/\/www.digi24.ro\/stiri\/actualitate\/politica\/ciolos-e-nevoie-de-implicarea-tuturor-nu-doar-cu-like-uri-sau-iesind-in-strada-719138<\/p>\n","protected":false},"excerpt":{"rendered":"<p>Fostul premier Dacian Ciolo\u015f spune c\u0103 nu mai este suficient s\u0103 spunem c\u0103 ne-am f\u0103cut treaba fa\u0163\u0103 de societate deleg\u00e2nd atribu\u0163iile unor lideri, prin vot, pl\u0103tind cotiza\u0163ii sau f\u0103c\u00e2nd dona\u0163ii, \u015fi este nevoie de implicarea tuturor pentru a g\u0103si solu\u0163ii, nu doar cu like-uri sau doar ie\u015find \u00een strad\u0103. Dacian Ciolo\u015f a vorbit, s\u00e2mb\u0103t\u0103, la [&hellip;]<\/p>\n","protected":false},"author":1,"featured_media":141803,"comment_status":"open","ping_status":"","sticky":false,"template":"","format":"standard","meta":{"footnotes":""},"categories":[2],"tags":[11],"class_list":["post-141802","post","type-post","status-publish","format-standard","has-post-thumbnail","hentry","category-politics","tag-digi24"],"_links":{"self":[{"href":"https:\/\/analyse.optim.biz\/index.php?rest_route=\/wp\/v2\/posts\/141802","targetHints":{"allow":["GET"]}}],"collection":[{"href":"https:\/\/analyse.optim.biz\/index.php?rest_route=\/wp\/v2\/posts"}],"about":[{"href":"https:\/\/analyse.optim.biz\/index.php?rest_route=\/wp\/v2\/types\/post"}],"author":[{"embeddable":true,"href":"https:\/\/analyse.optim.biz\/index.php?rest_route=\/wp\/v2\/users\/1"}],"replies":[{"embeddable":true,"href":"https:\/\/analyse.optim.biz\/index.php?rest_route=%2Fwp%2Fv2%2Fcomments&post=141802"}],"version-history":[{"count":0,"href":"https:\/\/analyse.optim.biz\/index.php?rest_route=\/wp\/v2\/posts\/141802\/revisions"}],"wp:featuredmedia":[{"embeddable":true,"href":"https:\/\/analyse.optim.biz\/index.php?rest_route=\/wp\/v2\/media\/141803"}],"wp:attachment":[{"href":"https:\/\/analyse.optim.biz\/index.php?rest_route=%2Fwp%2Fv2%2Fmedia&parent=141802"}],"wp:term":[{"taxonomy":"category","embeddable":true,"href":"https:\/\/analyse.optim.biz\/index.php?rest_route=%2Fwp%2Fv2%2Fcategories&post=141802"},{"taxonomy":"post_tag","embeddable":true,"href":"https:\/\/analyse.optim.biz\/index.php?rest_route=%2Fwp%2Fv2%2Ftags&post=141802"}],"curies":[{"name":"wp","href":"https:\/\/api.w.org\/{rel}","templated":true}]}}