{"id":141796,"date":"2017-05-07T17:56:23","date_gmt":"2017-05-07T14:56:23","guid":{"rendered":"https:\/\/analyse.optim.biz\/?p=141796"},"modified":"2017-05-07T17:56:23","modified_gmt":"2017-05-07T14:56:23","slug":"ion-iliescu-despre-proteste-forte-interesate-sa-cultive-discordia","status":"publish","type":"post","link":"https:\/\/analyse.optim.biz\/?p=141796","title":{"rendered":"Ion Iliescu, despre proteste: For\u0163e interesate s\u0103 cultive discordia"},"content":{"rendered":"<div class=\"entry data-app-meta data-app-meta-article\" data-embed-base-url-canonical=\"https:\/\/www.digi24.ro\/embed\/fara-categorie\/ion-iliescu-despre-proteste-forte-interesate-sa-cultive-discordia-719423\">\n<p data-index=\"1\"><strong>Fostul pre\u015fedinte Ion Iliescu spune c\u0103 nu \u00een\u0163elege cine este \u201e\u00een spatele\u201d protestestului anun\u0163at pentru duminic\u0103 seara \u00een Pia\u021ba Universit\u0103\u021bii, dar crede c\u0103 este vorba despre \u201eindivizi \u015fi for\u0163e interesate s\u0103 cultive discordia\u201d.<\/strong><\/p>\n<figure class=\"article-thumb\"><img decoding=\"async\" src=\"https:\/\/analyse.optim.biz\/wp-content\/uploads\/2024\/09\/ymvinjazyjyzntqxzdjlmwmwm2jmm2exmzi-thumb_.jpg\" alt=\"170316_ION_ILIESCU_PG_REVOLUTIE_03INQUAM_PHOTOS_Liviu_Florin_Albei_\" data-skip-htmlfix=\"1\" title=\"ymvinjazyjyzntqxzdjlmwmwm2jmm2exmzi-thumb_\"><figcaption> Foto: INQUAM PHOTOS \/ Liviu Florin Albei <\/figcaption><\/figure>\n<p data-index=\"2\">\u201eAsta ne trebuie acum, \u00een loc s\u0103 str\u00e2ngem r\u00e2ndurile \u00een jurul unui guvern care \u00eencearc\u0103 s\u0103 a\u015feze lucrurile cu chizbuin\u0163\u0103? Nu \u00een\u0163eleg cine e \u00een spatele acestei mi\u015fc\u0103ri \u015fi ce urm\u0103resc \u00een ultim\u0103 instan\u0163\u0103. Este regretabil\u201d, a spus Ion Iliescu pentru <a href=\"http:\/\/www.mediafax.ro\/social\/ion-iliescu-despre-proteste-sunt-indivizi-si-forte-interesate-sa-cultive-discordia-este-regretabil-16263029\" target=\"_blank\" rel=\"noopener noreferrer\" data-skip-linkfix=\"1\">Mediafax<\/a>.<\/p>\n<p data-index=\"3\">\u201eDin asta avem doar de pierdut cu to\u0163ii. \u00cen loc s\u0103 str\u00e2ngem lucrurile \u015fi s\u0103 c\u0103ut\u0103m s\u0103 sprijinim for\u0163ele care \u00eenceac\u0103 s\u0103 construiasc\u0103 ceva \u00een aceast\u0103 \u0163ar\u0103, iat\u0103 sunt indivizi \u015fi for\u0163e interesate s\u0103 cultive discordia. Nu \u00een\u0163eleg cine este interesat \u00een a\u015fa ceva\u201d, a ad\u0103ugat Ion Iliescu.<\/p>\n<p data-index=\"4\">Declara\u021biile sale vin \u00een contextul \u00een care un nou protest este anun\u021bat pentru aceast\u0103 sear\u0103 \u00een Pia\u021ba Victoriei, dup\u0103 ce \u00een Comisia juritic\u0103 a Senatului au fost votate, miercuri, amendamente care permiteau gra\u021bierea persoanelor condamnate pentru mit\u0103 \u0219i trafic de influen\u021b\u0103. Un protest a avut loc miercuri seara \u00een Pia\u021ba Victoriei.<\/p>\n<p data-index=\"5\">Amendamentele au fost retrase a doua zi, iar legea va merge \u00een plen f\u0103r\u0103 ele. Totu\u0219i, c\u00e2teva sute de persoane au continuat s\u0103 protesteze \u0219i \u00een ultimele zile.<\/p>\n<p data-index=\"6\">\u00cen aceast\u0103 sear\u0103, organizatorii protestului spun c\u0103 vor s\u0103 mearg\u0103 de la Pia\u021ba Victoriei p\u00e2n\u0103 la Palatul Parlamentului.<\/p>\n<p data-index=\"7\">\u201eEste esen\u021bial s\u0103 le ar\u0103t\u0103m ale\u015filor c\u0103 suntem cu ochii pe ei luni, c\u00e2nd se vor vota \u00een plenul Senatului amendamentele lui \u015eerban Nicolae \u015fi Traian B\u0103sescu. Fotografiile pot fi din fa\u021b\u0103 sau din profil, mai vechi sau doar cu ochii vo\u015ftri\u201d, se arat\u0103 \u00een mesajul postat pe <a href=\"https:\/\/www.facebook.com\/events\/1333366730031955\/\" target=\"_blank\" rel=\"noopener noreferrer\" data-skip-linkfix=\"1\">pagina de Facebook a evenimentului<\/a>.<\/p>\n<p data-index=\"8\"><em>Citi\u021bi mai multe <a href=\"http:\/\/www.mediafax.ro\/social\/ion-iliescu-despre-proteste-sunt-indivizi-si-forte-interesate-sa-cultive-discordia-este-regretabil-16263029\" target=\"_blank\" rel=\"noopener noreferrer\" data-skip-linkfix=\"1\">aici<\/a>.<\/em><\/p>\n<\/div>\n<p> Source URL: https:\/\/www.digi24.ro\/fara-categorie\/ion-iliescu-despre-proteste-forte-interesate-sa-cultive-discordia-719423<\/p>\n","protected":false},"excerpt":{"rendered":"<p>Fostul pre\u015fedinte Ion Iliescu spune c\u0103 nu \u00een\u0163elege cine este \u201e\u00een spatele\u201d protestestului anun\u0163at pentru duminic\u0103 seara \u00een Pia\u021ba Universit\u0103\u021bii, dar crede c\u0103 este vorba despre \u201eindivizi \u015fi for\u0163e interesate s\u0103 cultive discordia\u201d. Foto: INQUAM PHOTOS \/ Liviu Florin Albei \u201eAsta ne trebuie acum, \u00een loc s\u0103 str\u00e2ngem r\u00e2ndurile \u00een jurul unui guvern care \u00eencearc\u0103 [&hellip;]<\/p>\n","protected":false},"author":1,"featured_media":141797,"comment_status":"open","ping_status":"","sticky":false,"template":"","format":"standard","meta":{"footnotes":""},"categories":[2],"tags":[11],"class_list":["post-141796","post","type-post","status-publish","format-standard","has-post-thumbnail","hentry","category-politics","tag-digi24"],"_links":{"self":[{"href":"https:\/\/analyse.optim.biz\/index.php?rest_route=\/wp\/v2\/posts\/141796","targetHints":{"allow":["GET"]}}],"collection":[{"href":"https:\/\/analyse.optim.biz\/index.php?rest_route=\/wp\/v2\/posts"}],"about":[{"href":"https:\/\/analyse.optim.biz\/index.php?rest_route=\/wp\/v2\/types\/post"}],"author":[{"embeddable":true,"href":"https:\/\/analyse.optim.biz\/index.php?rest_route=\/wp\/v2\/users\/1"}],"replies":[{"embeddable":true,"href":"https:\/\/analyse.optim.biz\/index.php?rest_route=%2Fwp%2Fv2%2Fcomments&post=141796"}],"version-history":[{"count":0,"href":"https:\/\/analyse.optim.biz\/index.php?rest_route=\/wp\/v2\/posts\/141796\/revisions"}],"wp:featuredmedia":[{"embeddable":true,"href":"https:\/\/analyse.optim.biz\/index.php?rest_route=\/wp\/v2\/media\/141797"}],"wp:attachment":[{"href":"https:\/\/analyse.optim.biz\/index.php?rest_route=%2Fwp%2Fv2%2Fmedia&parent=141796"}],"wp:term":[{"taxonomy":"category","embeddable":true,"href":"https:\/\/analyse.optim.biz\/index.php?rest_route=%2Fwp%2Fv2%2Fcategories&post=141796"},{"taxonomy":"post_tag","embeddable":true,"href":"https:\/\/analyse.optim.biz\/index.php?rest_route=%2Fwp%2Fv2%2Ftags&post=141796"}],"curies":[{"name":"wp","href":"https:\/\/api.w.org\/{rel}","templated":true}]}}