{"id":141793,"date":"2017-05-08T08:20:29","date_gmt":"2017-05-08T05:20:29","guid":{"rendered":"https:\/\/analyse.optim.biz\/?p=141793"},"modified":"2017-05-08T08:20:29","modified_gmt":"2017-05-08T05:20:29","slug":"m-geoana-la-prezidentialele-din-2009-in-psd-a-existat-coloana-a-cincea-a-lui-basescu","status":"publish","type":"post","link":"https:\/\/analyse.optim.biz\/?p=141793","title":{"rendered":"M.Geoan\u0103: La preziden\u021bialele din 2009 \u00een PSD a existat coloana a cincea a lui B\u0103sescu"},"content":{"rendered":"<div class=\"entry data-app-meta data-app-meta-article\" data-embed-base-url-canonical=\"https:\/\/www.digi24.ro\/embed\/stiri\/actualitate\/politica\/m-geoana-la-prezidentialele-din-2009-in-psd-a-existat-coloana-a-cincea-a-lui-basescu-719641\">\n<p data-index=\"1\"><strong>Mircea Geoan\u0103 a declarat duminic\u0103 seara, la<a href=\"https:\/\/www.antena3.ro\/\" target=\"_blank\" rel=\"noopener noreferrer\" data-skip-linkfix=\"1\"> Antena 3<\/a>, referitor la alegerile preziden\u0163iale din 2009, c\u0103 cel de-al doilea mandat al lui Traian B\u0103sescu este \u201eilegitim\u201d, exist\u00e2nd indicii cu privire la un demers coordonat \u015fi organizat de fraudare \u015fi de influen\u0163are a scrutinului. Fostul social-democrat a \u0163inut s\u0103 precizeze c\u0103 \u00een PSD a existat \u201ecoloana a cincea a lui B\u0103sescu\u201d.<\/strong><\/p>\n<p data-index=\"2\"><img loading=\"lazy\" decoding=\"async\" class=\"alignnone size-full wp-image-698486\" src=\"https:\/\/analyse.optim.biz\/wp-content\/uploads\/2024\/09\/lmpwzyz3ptgwmczoyxnopte5zjriyjrimwi3zjuxzgmwodqxndy0n2m1mzuwytyw-thumb_.jpg\" width=\"3872\" height=\"2480\" data-skip-htmlfix=\"1\" title=\"lmpwzyz3ptgwmczoyxnopte5zjriyjrimwi3zjuxzgmwodqxndy0n2m1mzuwytyw-thumb_\"><\/p>\n<p data-index=\"3\">\u201e<em><strong>A existat coloana a cincea a lui B\u0103sescu \u00een PSD. Sunt lucruri triste, pentru c\u0103 \u00eentr-un fel este evident c\u0103 mandatul doi al lui Traian B\u0103sescu este ilegitim, este evident c\u0103 exist\u0103 indicii cu privire la un demers coordonat \u015fi organizat de fraudare \u015fi de influen\u0163are a alegerilor preziden\u0163iale din 2009. Acest lucru este f\u0103r\u0103 dubiu. Cred c\u0103 a existat o ac\u0163iune coordonat\u0103, spun cu toat\u0103 rezerva faptului c\u0103 corb la corb nesco\u0163\u00e2ndu-\u015fi ochii, dovezile dup\u0103 at\u00e2\u0163ia ani de zile sunt cel mai greu de ob\u0163inut, dar cred c\u0103 nu a existat institu\u0163ie a statului rom\u00e2n care s\u0103 aib\u0103 de-a face direct sau indirect cu alegerile, s\u0103 nu fi fost implicat\u0103<\/strong><\/em>\u201d, a precizat Mircea Geoan\u0103, care a pierdut alegerile preziden\u0163iale din 2009, \u00een turul al doilea, \u00een fa\u0163a lui Traian B\u0103sescu.<\/p>\n<p data-index=\"4\">Fostul social-democrat a mai spus c\u0103 de\u0163ine informa\u0163ii potrivit c\u0103rora s-ar fi creat &#8220;un rezervor de CNP-uri&#8221; \u00een r\u00e2ndurile popula\u0163iei de etnie rom\u0103, \u00een favoarea lui Traian B\u0103sescu.<\/p>\n<div id=\"zc_site_640x160_adtext\" class=\"zc_640x160_adtext zc_640x160_adtext_full zc_640x160_adtext_w640 zc_640x160_adtext_h1 zc_640x160_adtext_640x1 zc_full zc_w640 zc_h1 zc_640x1 zc_site_640x160_adtext_full zc_site_640x160_adtext_w640 zc_site_640x160_adtext_h1 zc_site_640x160_adtext_640x1 \">\u00a0\u201e<strong>Unii spun, de exemplu, c\u0103 faimoasa \u00eent\u00e2lnire din septembrie 2009 cu salba de galbeni primit\u0103 de la liderii romi a avut \u00een spate nu doar un business al fratelui pre\u015fedintelui cu unii reprezentan\u0163i, ci faptul c\u0103 s-a decis ca un num\u0103r important de cet\u0103\u0163eni de popula\u0163ie rom\u0103 care nu aveau CNP-uri, cu sutele de mii, s\u0103 fie introdu\u015fi \u00een sistem. Unii spun c\u0103 a fost de fapt bufferul de unde s-a f\u0103cut diferen\u0163a. Nu s-a dat tuturor, dar a existat un rezervor de CNP-uri la dispozi\u0163ia autorit\u0103\u0163ilor, care puteau fi folosite. Nu spun c\u0103 s-a \u00eent\u00e2mplat, dar informa\u0163ii \u00een acest sens exist\u0103<\/strong>\u201d, a subliniat Geoan\u0103.<\/div>\n<p data-index=\"5\">El a \u0163inut s\u0103 precizeze c\u0103 nu are niciun fel de emo\u0163ie pozitiv\u0103 sau negativ\u0103 \u00een leg\u0103tur\u0103 cu constituirea comisiei parlamentare de anchet\u0103 privind alegerile preziden\u0163iale din 2009.<\/p>\n<p data-index=\"6\">\u201e<em><strong>Dar este extrem de evident, dac\u0103 dorim s\u0103 d\u0103m \u00eentr-adev\u0103r Parlamentului, care este un for democratic indispensabil, puterea pe care ar trebui s\u0103 o aib\u0103 \u00eentr-o democra\u0163ie, este anormal, spre deosebire de ceea ce se \u00eent\u00e2mpl\u0103 \u00een America, ca \u00een fa\u0163a Parlamentului, un demnitar, cu excep\u0163ia judec\u0103torilor, s\u0103 refuze s\u0103 vin\u0103<\/strong><\/em>\u201d, a completat Mircea Geoan\u0103.\u00a0<\/p>\n<p data-index=\"7\">\u00cen acest moment, \u00een Parlament se discut\u0103 despre \u00eenfiin\u0163area unei comisii parlamentare de anchet\u0103 privind alegerile preziden\u0163iale din 2009. Propunerea de \u00eenfiin\u0163are va fi votat\u0103 s\u0103pt\u0103m\u00e2na viitoare \u00eentr-un plen reunit. Parlamentarii au modificat deja anumite prevederi din Statut cu privire la func\u0163ionarea acestor comisii,\u00a0prev\u0103z\u00e2ndu-se c\u0103 persoanele care sunt invitate la audieri \u00een cadrul comisiilor de anchet\u0103 s\u0103 fie obligate s\u0103 dea curs invita\u0163iei, \u00een caz contrar exist\u00e2nd posibilitatea ca acestea s\u0103 fie acuzate de ascunderea unor date necesare pentru aflarea adev\u0103rului.<\/p>\n<p data-index=\"8\">\u00cen paralel, Parchetul instan\u0163ei supreme a \u00eenceput urm\u0103rirea penal\u0103 in rem \u00een dosarul alegerilor preziden\u0163iale din 2009, ancheta pronind de la dezv\u0103luirile f\u0103cute de Dan Andronic.<\/p>\n<p data-index=\"9\"><em><strong>Sursa: News.ro<\/strong><\/em><\/p>\n<\/div>\n<p> Source URL: https:\/\/www.digi24.ro\/stiri\/actualitate\/politica\/m-geoana-la-prezidentialele-din-2009-in-psd-a-existat-coloana-a-cincea-a-lui-basescu-719641<\/p>\n","protected":false},"excerpt":{"rendered":"<p>Mircea Geoan\u0103 a declarat duminic\u0103 seara, la Antena 3, referitor la alegerile preziden\u0163iale din 2009, c\u0103 cel de-al doilea mandat al lui Traian B\u0103sescu este \u201eilegitim\u201d, exist\u00e2nd indicii cu privire la un demers coordonat \u015fi organizat de fraudare \u015fi de influen\u0163are a scrutinului. Fostul social-democrat a \u0163inut s\u0103 precizeze c\u0103 \u00een PSD a existat \u201ecoloana [&hellip;]<\/p>\n","protected":false},"author":1,"featured_media":141794,"comment_status":"open","ping_status":"","sticky":false,"template":"","format":"standard","meta":{"footnotes":""},"categories":[2],"tags":[11],"class_list":["post-141793","post","type-post","status-publish","format-standard","has-post-thumbnail","hentry","category-politics","tag-digi24"],"_links":{"self":[{"href":"https:\/\/analyse.optim.biz\/index.php?rest_route=\/wp\/v2\/posts\/141793","targetHints":{"allow":["GET"]}}],"collection":[{"href":"https:\/\/analyse.optim.biz\/index.php?rest_route=\/wp\/v2\/posts"}],"about":[{"href":"https:\/\/analyse.optim.biz\/index.php?rest_route=\/wp\/v2\/types\/post"}],"author":[{"embeddable":true,"href":"https:\/\/analyse.optim.biz\/index.php?rest_route=\/wp\/v2\/users\/1"}],"replies":[{"embeddable":true,"href":"https:\/\/analyse.optim.biz\/index.php?rest_route=%2Fwp%2Fv2%2Fcomments&post=141793"}],"version-history":[{"count":0,"href":"https:\/\/analyse.optim.biz\/index.php?rest_route=\/wp\/v2\/posts\/141793\/revisions"}],"wp:featuredmedia":[{"embeddable":true,"href":"https:\/\/analyse.optim.biz\/index.php?rest_route=\/wp\/v2\/media\/141794"}],"wp:attachment":[{"href":"https:\/\/analyse.optim.biz\/index.php?rest_route=%2Fwp%2Fv2%2Fmedia&parent=141793"}],"wp:term":[{"taxonomy":"category","embeddable":true,"href":"https:\/\/analyse.optim.biz\/index.php?rest_route=%2Fwp%2Fv2%2Fcategories&post=141793"},{"taxonomy":"post_tag","embeddable":true,"href":"https:\/\/analyse.optim.biz\/index.php?rest_route=%2Fwp%2Fv2%2Ftags&post=141793"}],"curies":[{"name":"wp","href":"https:\/\/api.w.org\/{rel}","templated":true}]}}