{"id":141258,"date":"2017-05-16T23:42:21","date_gmt":"2017-05-16T20:42:21","guid":{"rendered":"https:\/\/analyse.optim.biz\/?p=141258"},"modified":"2017-05-16T23:42:21","modified_gmt":"2017-05-16T20:42:21","slug":"prima-zi-de-dezbatere-a-legii-salarizarii-sindicalist-distrugeti-tot","status":"publish","type":"post","link":"https:\/\/analyse.optim.biz\/?p=141258","title":{"rendered":"Prima zi de dezbatere a legii salariz\u0103rii. Sindicalist: Distruge\u0163i tot!"},"content":{"rendered":"<div class=\"entry data-app-meta data-app-meta-article\" data-embed-base-url-canonical=\"https:\/\/www.digi24.ro\/embed\/stiri\/actualitate\/politica\/prima-zi-de-dezbatere-a-legii-salarizarii-sindicalist-distrugeti-tot-725647\">\n<p data-index=\"1\"><strong>Prima zi de dezbatere pe fond a legii salariz\u0103rii \u00een comisia de munc\u0103 a Senatului a fost marcat\u0103 de replici dure \u00eentre sindicali\u015ftii prezen\u0163i la \u015fedin\u0163\u0103 \u015fi senatorii PSD. Dup\u0103 \u015fase ore \u015fi jum\u0103tate de dezbateri, au fost votate 17 din cele 119 articole ale legii \u015fi au fost aduse mai multe amendamente, printre care majorarea cu 10% a salariilor celor care exercit\u0103 control financiar preventiv \u015fi, de asemenea, majorarea cu 25% a salariilor primarilor, viceprimarilor, pre\u015fedin\u0163ilor \u015fi vicepre\u015fedin\u0163ilor de Consilii Jude\u0163ene care implementeaz\u0103 proiecte pe fonduri europene. PNL a votat majoritatea articolelor \u015fi amendamentelor al\u0103turi de majoritatea PSD \u2013 ALDE, \u00een vreme ce USR a votat \u00eempotriva tuturor prevederilor Legii salariz\u0103rii.<\/strong><\/p>\n<p data-index=\"2\">\u00a0<\/p>\n<p data-index=\"3\">Scandalul din Comisia de munc\u0103 a Senatului a izbucnit dup\u0103 ce senatorii PSD, la solicitarea ministrului Muncii, Olgu\u0163a Vasilescu, prezent\u0103 la dezbatere, au respins un amendament adoptat anterior de comisia de ap\u0103rare a Senatului. Acesta prevedea c\u0103 gestionarea sistemului de salarizare a personalului din institu\u0163iile publice de ap\u0103rare, ordine public\u0103 \u015fi securitate na\u0163ional\u0103 se asigur\u0103 de fiecare ordonator principal de credite.<\/p>\n<p data-index=\"4\">\u201eR\u0103sturna\u0163i sistemul \u00eentr-o alt\u0103 logic\u0103. Toat\u0103 lumea din aceast\u0103 familie ocupa\u0163ional\u0103 este de acord cu aceste amendamente. (&#8230;) Nu induce\u0163i \u00een eroare ni\u015fte lucruri a\u015fa, aiurea \u00een tramvai\u201d, le-a spus pre\u015fedintele Sindicatului Na\u0163ional al Poli\u0163i\u015ftilor \u015fi Personalului Contractual, Dumitru Coarn\u0103, senatorilor din Comisia de munc\u0103 \u00een timpul dezbaterilor la proiectul legii salariz\u0103rii.<\/p>\n<p data-index=\"5\">\u201eSunte\u0163i liber s\u0103 pleca\u0163i. Veni\u0163i \u00een locul meu \u015fi conduce\u0163i \u015fedin\u0163a. Nu se poate tot a\u015fa s\u0103 ne jigni\u0163i, s\u0103 vorbi\u0163i pe tonul \u0103sta cu noi (&#8230;) Dac\u0103 cobor\u00e2\u0163i un semiton vocea cred c\u0103 este mai indicat. Dac\u0103 vre\u0163i s\u0103 comunic\u0103m, dac\u0103 vre\u0163i s\u0103 ne impune\u0163i ceva e mai greu c\u0103 ajungem la vot \u015fi chiar nu mai iese (&#8230;) Suntem la guvernare\u201d, i-a replicat pre\u015fedintele comisiei de munc\u0103, senatorul Ion Rotaru.<\/p>\n<p data-index=\"6\">\u201eNu v\u0103 jignesc. Spun adev\u0103rul (&#8230;) Nu vota\u0163i politic. Pentru c\u0103 politic distruge\u0163i tot\u201d, a spus Coarn\u0103.<\/p>\n<p data-index=\"7\">Dup\u0103 ce amendamentul a fost respins, Coarn\u0103 a izbucnit: \u201eSincer, chiar v\u0103 bate\u0163i joc de noi.(&#8230;) Vota\u0163i 5-4 table? Asta vota\u0163i aici? Vrem s\u0103 vot\u0103m \u015ftiin\u0163\u0103 de carte, Constitu\u0163ia Rom\u00e2niei \u015fi lege\u201d.<\/p>\n<p data-index=\"8\">Tot mar\u0163i, comisia de munc\u0103 a Senatului a adoptat un amendament care vizeaz\u0103 majorarea cu 25% a salariilor celor care lucreaz\u0103 pe proiecte cu fonduri europene. Pe de o parte, personalul din institu\u0163iile publice care lucreaz\u0103 cu astfel de fonduri beneficiaz\u0103 de o majorare de \u201dp\u00e2n\u0103 la 25%\u201d, indiferent de num\u0103rul de proiecte \u00een care este implicat, majorare care se aplic\u0103 propor\u0163ional cu timpul efectiv alocat activit\u0103\u0163ilor pentru fiecare proiect.<\/p>\n<p data-index=\"9\">\u00cen schimb, primarii, viceprimarii, pre\u015fedin\u0163ii \u015fi vicepre\u015fdin\u0163ii de Consilii Jude\u0163ene care implementeaz\u0103 proiecte finan\u0163ate din fonduri europene nerambursabile beneficiaz\u0103 automat de majorarea maxim\u0103, adic\u0103 de 25% din indemniza\u0163ie. Mai mult, majorarea cu un sfert a indemniza\u0163iilor acestora nu este condi\u0163ionat\u0103 de timpul efectiv alocat activit\u0103\u0163ilor de implementare a proiectelor.<\/p>\n<p data-index=\"10\">Amendamentele au fost depuse de senatorul liberal Daniel Zamfir \u015fi s-au bucurat de sprijinul ministrului Muncii, Olgu\u0163a Vasilescu, prezent\u0103 la dezbaterile din comisie. \u201ePrimarii nu mai vor s\u0103 mai acceseze fonduri europene, nu mai vor pur \u015fi simplu, c\u0103 au v\u0103zut ce se \u00eent\u00e2mpl\u0103\u201d, a motivat Olgu\u0163a Vasilescu sus\u0163inerea amendamentelor senatorului liberal.<\/p>\n<p data-index=\"11\">\u201ePrimarul este implicat 100% \u00een proiectele europene, 100% (&#8230;) Primarul e 24 de ore din 24. Nu st\u0103 opt ore la munc\u0103 \u015fi \u00eei \u00eemp\u0103r\u0163im noi alea 8 ore cum credem noi c\u0103 e mai bine\u201d, a explicat la r\u00e2ndul s\u0103u Daniel Zamfir.<\/p>\n<p data-index=\"12\">Singura care s-a opus acestei prevederi a fost senatoarea USR Florina Presad\u0103, care a spus c\u0103 nu i se pare normal ca primarii, viceprimarii, pre\u015fedin\u0163ii \u015fi vicepre\u015fedin\u0163ii de CJ s\u0103 primeasc\u0103 automat un sfert de salariu \u00een plus, \u00een condi\u0163iile \u00een care cei care chiar muncesc pentru implementarea fondurilor europene ar putea s\u0103 nu beneficieze de acest stimulent.<\/p>\n<p data-index=\"13\">\u201eNu mi se par deloc \u00een regul\u0103 aceste amendamente. Eu \u015ftiu c\u0103 oamenii pl\u0103ti\u0163i din fonduri europene sunt cei care muncesc pe un proiect \u015fi au ceva f\u0103cut. Primarul da.. poate c\u0103 are o r\u0103spundere legal\u0103 a\u015fa cum are pentru toate lucrurile pe care le face \u00een prim\u0103rie, dar primarul nu trebuie pl\u0103tit din fonduri europene doar pentru c\u0103 e primar. Proiectele din fonduri europene sunt proiecte care se fac \u00een interesul comunit\u0103\u0163ii \u015fi nu ca s\u0103 \u00ee\u015fi ia primarul \u00een plus ni\u015fte bani\u201d, a declarat, indignat\u0103, Florina Presad\u0103.<\/p>\n<p data-index=\"14\">Un alt amendament adoptat \u00een comisia de munc\u0103 prevede majorarea cu 10% a salariilor celor care exercit\u0103 control financiar preventiv. \u201ePersonalul care exercit\u0103 activitatea de control financiar preventiv, pe perioada de exercitare a acesteia, beneficiaz\u0103 de salariul de baz\u0103 mai mare cu 10%\u201d, se arat\u0103 \u00een amendamentul adoptat de comisia de munc\u0103. Propunerea ini\u0163ial\u0103 a guvernului prevedea o majorare cu 5% a salariilor pentru func\u0163iile respective.<\/p>\n<p data-index=\"15\">Amendamentul a fost ini\u0163iat de senatorul PSD Claudiu Manda \u015fi a fost sus\u0163inut de c\u0103tre ministrul Muncii, Lia Olgu\u0163a Vasilescu.<\/p>\n<p data-index=\"16\">Prezent\u0103 la dezbaterile din cadrul comsiei de munc\u0103 a Senatului, ministrul Muncii, Lia Olgu\u0163a Vasilescu, a declarat c\u0103 inechit\u0103\u0163ile din sistemul bugetar vor fi corectate abia \u00een 2022, spun\u00e2ndu-le senatorilor c\u0103 este dispus\u0103 la concesii cu dou\u0103 condi\u0163ii: legea s\u0103 fie sustenabil\u0103 financiar \u015fi s\u0103 nu \u00eei fie schimbat fondul.<\/p>\n<p data-index=\"17\">\u201eLegea salariz\u0103rii unitare este asumat\u0103 de 205 parlamentari \u015fi de Guvern, care a avizat-o pozitiv cu observa\u0163ii pertinente. Nu cred c\u0103 trebuie s\u0103 mai convingem pe cineva de oportunitatea actului normativ. Legea 284 a dus la inechit\u0103\u0163i pentru c\u0103 nu \u00eentotdeauna \u015feful unei institu\u0163ii avea cel mai mare salariu, persoanele care aveau aceea\u015fi ocupa\u0163ie \u015fi studii aveau salarii diferite \u00een institu\u0163ii diferite, nu se aplica principiul salariu egal pentru munc\u0103 egal\u0103\u201d, le-a justificat Olgu\u0163a Vasilescu senatorilor din comisia de munc\u0103 oportunitatea unei noi legi a salariz\u0103rii unitare.<\/p>\n<p data-index=\"18\">Ministrul Muncii a explicat c\u0103 inechit\u0103\u0163ile din actuala lege a salariz\u0103rii au dus la exodul medicilor, ajung\u00e2ndu-se \u00een situa\u0163ia ca \u00een anumite jude\u0163e s\u0103 nu mai existe niciun medic pe anumite specializ\u0103ri. Vasilescu a dat ca exemplu jude\u0163ele Br\u0103ila \u015fi Tulcea, unde a spus ea, nu mai exist\u0103 niciun medic de medicina muncii.<\/p>\n<p data-index=\"19\">\u201eAlt principiu care trebuie respectat este cel al sustenabilit\u0103\u0163ii financiare. Avem o anvelop\u0103 de 35 de miliarde de lei \u00een plus p\u00e2n\u0103 \u00een 2020 \u015fi 43 de miliarde de lei \u00een plus p\u00e2n\u0103 \u00een 2022. De-abia de atunci vor fi corectate toate inechit\u0103\u0163ile\u201d, a mai spus Olgu\u0163a Vasilescu.<\/p>\n<p data-index=\"20\">Ea le-a mai spus senatorilor din comisia de munc\u0103 faptul c\u0103 legea prevede o cre\u015ftere medie de 56% a salariilor bugetarilor, la baza piramidei exist\u00e2nd cre\u015fteri semnificative de peste 100%, \u00een vreme ce \u00een v\u00e2rf major\u0103rile vor fi mai mici. \u201eSunt convins\u0103 c\u0103 legea mai are nevoie de \u00eembun\u0103t\u0103\u0163iri, suntem dispu\u015fi la concesii sub rezerva sustenabilit\u0103\u0163ii financiare \u015fi s\u0103 nu se schimbe fondul legii\u201d, a mai spus ministrul Muncii.<\/p>\n<p data-index=\"21\">Prezen\u0163i \u015fi ei la dezbaterile legii salariz\u0103rii \u00een comisia de munc\u0103 a Senatului, liderii confedera\u0163iilor sindicale au adus o serie de critici la adresa actului normativ, acuz\u00e2nd sporuri prea mici pentru anumite categorii, articole neconstitu\u0163ionale sau probleme de interpretare a legii.<\/p>\n<p data-index=\"22\">Pre\u015fedintele CNSLR Fr\u0103\u0163ia, Leonard B\u0103r\u0103scu, a criticat plafonarea prin legea salariz\u0103rii a sporurilor \u00een sistemul sanitar la doar 30% \u015fi a cerut s\u0103 se prevad\u0103 c\u0103 Guvernul poate acorda, prin hot\u0103r\u00e2re, sporuri \u015fi peste acest plafon. De asemenea, el a cerut cre\u015fteri salariale mai mari pentru categorii precum chimi\u015ftii, biochimi\u015ftii \u015fi asisten\u0163ii medicali.<\/p>\n<p data-index=\"23\">La r\u00e2ndul s\u0103u, pre\u015fedintele Cartel Alfa, Bogdan Hossu, a atras aten\u0163ia asupra unor inadverten\u0163e din textul legii care ar putea ridica, \u00een opinia sa, probleme legate de interpretarea unitar\u0103 a actului normativ de c\u0103tre responsabilii de resurse umane ai institu\u0163iilor. Hossu a criticat diferen\u0163ierea prin sporuri \u00eentre salaria\u0163i, spun\u00e2nd c\u0103 cel care trebuie s\u0103 reflecte pozi\u0163ia ocupat\u0103 \u00een institu\u0163ie s\u0103 fie salariul de baz\u0103, \u00een vreme ce sporurile s\u0103 vin\u0103 \u00een mod \u201eexcep\u0163ional \u015fi conjunctural\u201d.<\/p>\n<p data-index=\"24\">\u201eO problem\u0103 de fond de care lumea se sperie este c\u0103 salariile vor fi, \u00een plat\u0103, mai mici dec\u00e2t cele existente azi. Asta creeaz\u0103 premisele unei tensiuni sociale \u015fi va avea ca efect ac\u0163iuni mult mai ample dec\u00e2t cele de azi din strad\u0103\u201d, a mai atras aten\u0163ia Bogdan Hossu.<\/p>\n<p data-index=\"25\">Dumitru Coarn\u0103, de la Sindicatul Poli\u0163i\u015ftilor, a sus\u0163inut c\u0103 a identificat o serie de articole neconstitu\u0163ionale \u00een cadrul legii salariz\u0103rii \u015fi, de asemenea, a criticat plafonarea sporurilor, despre care a spus c\u0103, dup\u0103 intrarea \u00een vigoare a actului normativ, va duce la sc\u0103derea salariilor aflate \u00een prezent \u00een plat\u0103.<\/p>\n<p data-index=\"26\">Ministrul Muncii, Lia Olgu\u0163a Vasilescu, a spus c\u0103 a re\u0163inut observa\u0163iile f\u0103cute de sindicate, iar corec\u0163iile se pot face \u00een cadrul dezbaterilor din comisia de munc\u0103 a Senatului. \u00cen ceea ce prive\u015fte sc\u0103derea unor salarii dup\u0103 intrarea \u00een vigoare a legii salariz\u0103rii, Vasilescu a explicat c\u0103 acest lucru se va \u00eent\u00e2mpla doar acolo unde \u00een prezent unele pentru unele func\u0163ii din anumite institu\u0163ii se pl\u0103tesc sume exagerate.<\/p>\n<p data-index=\"27\">\u201eEste adev\u0103rat c\u0103 sunt \u015fi persoane &#8211; aten\u0163ie, nu familii ocupa\u0163ionale, nu este vorba de categorii \u00eentregi de bugetari &#8211; ci persoane la care vor sc\u0103dea aceste salarii, tocmai pentru c\u0103 s-au dus at\u00e2t de sus \u00eenc\u00e2t nu am putut s\u0103 le echilibr\u0103m nici m\u0103car pentru anul 2022\u201d, a spus ministrul Muncii, care a dat exemplul unui salariu pentru o func\u0163ie de conducere \u00een ANAF de 14.244 de lei, \u00een \u00een condi\u0163iile \u00een care \u00een care pentru o func\u0163ie similar\u0103 \u00een celelalte ministere salariul este 7.000 de lei.<\/p>\n<p data-index=\"28\">\u201eOric\u00e2t am fi \u00eencercat s\u0103 \u00eei cre\u015ftem pe ceilal\u0163i e clar c\u0103 nu puteam s\u0103 \u00eei aducem la nivelul de 14.000 \u015fi atunci vor ajunge to\u0163i \u00een 2022 la 12.884 de lei\u201d, a spus Vasilescu.<\/p>\n<p data-index=\"29\">\u015ei senatorii opozi\u0163iei au criticat mar\u0163i, \u00een cadrul dezbaterilor din comisia de munc\u0103, legea salariz\u0103rii despre care au spus c\u0103 are probleme de constitu\u0163ionalitate, va duce la sc\u0103derea unor salarii \u015fi las\u0103 povara pensiilor de serviciu pe umerii viitorului Guvern.<\/p>\n<p data-index=\"30\">\u201eSe \u00eencalc\u0103 o procedur\u0103 parlamentar\u0103 cu r\u0103d\u0103cin\u0103 \u00een prevederile constitu\u0163ionale. Cu logistica ministerului a fost \u00eentocmit acest proiect legislativ, a fost oferit parlamentarilor \u015fi apare la noi \u00een Senat ca \u015fi proiect parlamentar. De ce nu apare ca proiect guvernamental? Nu cumva c\u0103 pentru c\u0103 pe proiect al Guvernului ministrul Finan\u0163elor trebuie s\u0103 asume r\u0103spundere personal\u0103 de sustenabilitate cu cifre? (&#8230;) Nu cifrele lipsesc? Lipse\u015fte punctul de vedere al ministerului Finan\u0163elor\u201d, a spus vicepre\u015fedinta comisiei de munc\u0103, senatoarea PNL Carmen H\u0103r\u0103u.<\/p>\n<p data-index=\"31\">Ea a mai atras aten\u0163ia c\u0103 \u00een lege e vorba de amput\u0103ri salariale \u015fi c\u0103 media salariz\u0103rii din anumite familii ocupa\u0163ionale este lezat\u0103 de proiectul de lege. De asemenea, H\u0103r\u0103u a atras aten\u0163ia c\u0103 legea las\u0103 \u00een sarcina viitorului Guvern situa\u0163ia pensiilor de serviciu.<\/p>\n<p data-index=\"32\">\u201eLegisla\u0163ia creaz\u0103 alte amput\u0103ri contestabile \u00een jusiti\u0163ie. A\u0163i evaluat, doamn\u0103 ministru, impactul pe care \u00eel va avea suspendarea pentru anul 2023 a pensiiior de serviciu? Sau dup\u0103 dvs potopul! Ce se va \u00eent\u00e2mpla dup\u0103 2023 c\u00e2nd sarcina acord\u0103rii acestor pensii va \u00eenc\u0103rca via\u0163a celor care vor guverna atunci \u015fi sper s\u0103 nu ave\u0163i cinismul c\u0103 p\u00e2n\u0103 \u00een 2023 va mai rezolva timpul biologic timpul problemele\u201d, a mai spus Carmen H\u0103r\u0103u.<\/p>\n<p data-index=\"33\">\u00cen replic\u0103, Ministrul Muncii, Olgu\u0163a Vasilescu, a spus c\u0103, dup\u0103 adoptarea legii salariz\u0103rii, trebuie analizat\u0103 \u015fi situa\u0163ia din sistemul de pensii.<\/p>\n<p data-index=\"34\">\u201ePensiile militare au fost \u00eenghe\u0163ate deocamdat\u0103. Sigur c\u0103 ele nu vor fi \u00eenghe\u0163ate p\u00e2n\u0103 \u00een 2022. (&#8230;) Dup\u0103 ce termin\u0103m cu salarizarea, vom intra \u00eentr-o discu\u0163ie foarte aplicat\u0103 pe legisla\u0163ia pensiilor din Rom\u00e2nia pentru c\u0103 \u015fi acolo avem discrepan\u0163e \u00eenfior\u0103tor de mari. Adic\u0103 persoane care la ora actual\u0103 au indemniza\u0163ia social\u0103 minim\u0103, a\u015fa numita pensie social\u0103, care a ajuns acum la 520 de lei, au ajuns s\u0103 fie egali cu persoane care au muncit 15 ani \u015fi au cotizat la sistemul de stat. Este clar c\u0103 trebuie s\u0103 facem \u015fi acolo corecturile pe care le-am avut \u015fi aici\u201d, a spus Olgu\u0163a Vasilescu.<\/p>\n<p data-index=\"35\">\u015ei senatorii USR \u015fi PMP au ridicat obiec\u0163ii fa\u0163\u0103 de proiectul legii salariz\u0103rii. \u201eAm spus \u00eentotdeauna c\u0103 legea aceasta este foarte necesar\u0103 \u015fi am discutat \u00een Comisie de foarte multe ori de ea (&#8230;) Doamna ministru \u015fi Guvernul au spus c\u0103 aceast\u0103 lege repar\u0103 anumite inechit\u0103\u0163i salariale existente \u00een sistemul public. Unde sunt inechit\u0103\u0163ile dac\u0103 le-a identificat \u015fi cum repar\u0103 aceast\u0103 lege inechit\u0103\u0163ile reparate? Pe ce anume s-a fundamentat impactul proiectului? Nu am v\u0103zut o cifra care s\u0103 ne spune unde sunt salaria\u0163i, din ce familii ocupa\u0163ionale \u015fi care e structura acestor salarii\u201d, a spus senatoarea USR Florina Presad\u0103.<\/p>\n<p data-index=\"36\">Surse: Digi24, Nerws.ro<\/p>\n<\/div>\n<p> Source URL: https:\/\/www.digi24.ro\/stiri\/actualitate\/politica\/prima-zi-de-dezbatere-a-legii-salarizarii-sindicalist-distrugeti-tot-725647<\/p>\n","protected":false},"excerpt":{"rendered":"<p>Prima zi de dezbatere pe fond a legii salariz\u0103rii \u00een comisia de munc\u0103 a Senatului a fost marcat\u0103 de replici dure \u00eentre sindicali\u015ftii prezen\u0163i la \u015fedin\u0163\u0103 \u015fi senatorii PSD. Dup\u0103 \u015fase ore \u015fi jum\u0103tate de dezbateri, au fost votate 17 din cele 119 articole ale legii \u015fi au fost aduse mai multe amendamente, printre care [&hellip;]<\/p>\n","protected":false},"author":1,"featured_media":141259,"comment_status":"open","ping_status":"","sticky":false,"template":"","format":"standard","meta":{"footnotes":""},"categories":[2],"tags":[11],"class_list":["post-141258","post","type-post","status-publish","format-standard","has-post-thumbnail","hentry","category-politics","tag-digi24"],"_links":{"self":[{"href":"https:\/\/analyse.optim.biz\/index.php?rest_route=\/wp\/v2\/posts\/141258","targetHints":{"allow":["GET"]}}],"collection":[{"href":"https:\/\/analyse.optim.biz\/index.php?rest_route=\/wp\/v2\/posts"}],"about":[{"href":"https:\/\/analyse.optim.biz\/index.php?rest_route=\/wp\/v2\/types\/post"}],"author":[{"embeddable":true,"href":"https:\/\/analyse.optim.biz\/index.php?rest_route=\/wp\/v2\/users\/1"}],"replies":[{"embeddable":true,"href":"https:\/\/analyse.optim.biz\/index.php?rest_route=%2Fwp%2Fv2%2Fcomments&post=141258"}],"version-history":[{"count":0,"href":"https:\/\/analyse.optim.biz\/index.php?rest_route=\/wp\/v2\/posts\/141258\/revisions"}],"wp:featuredmedia":[{"embeddable":true,"href":"https:\/\/analyse.optim.biz\/index.php?rest_route=\/wp\/v2\/media\/141259"}],"wp:attachment":[{"href":"https:\/\/analyse.optim.biz\/index.php?rest_route=%2Fwp%2Fv2%2Fmedia&parent=141258"}],"wp:term":[{"taxonomy":"category","embeddable":true,"href":"https:\/\/analyse.optim.biz\/index.php?rest_route=%2Fwp%2Fv2%2Fcategories&post=141258"},{"taxonomy":"post_tag","embeddable":true,"href":"https:\/\/analyse.optim.biz\/index.php?rest_route=%2Fwp%2Fv2%2Ftags&post=141258"}],"curies":[{"name":"wp","href":"https:\/\/api.w.org\/{rel}","templated":true}]}}