{"id":141247,"date":"2017-05-17T00:42:35","date_gmt":"2017-05-16T21:42:35","guid":{"rendered":"https:\/\/analyse.optim.biz\/?p=141247"},"modified":"2017-05-17T00:42:35","modified_gmt":"2017-05-16T21:42:35","slug":"disputa-pe-facebook-intre-victor-ponta-si-carmen-dan","status":"publish","type":"post","link":"https:\/\/analyse.optim.biz\/?p=141247","title":{"rendered":"Disput\u0103 pe Facebook \u00eentre Victor Ponta \u015fi Carmen Dan"},"content":{"rendered":"<div class=\"entry data-app-meta data-app-meta-article\" data-embed-base-url-canonical=\"https:\/\/www.digi24.ro\/embed\/stiri\/actualitate\/politica\/disputa-pe-facebook-intre-victor-ponta-si-carmen-dan-725673\">\n<p data-index=\"1\"><strong><span lang=\"ro-RO\">Problemele de pe Aeroportul Otopeni au devenit subiect de discu\u0163ii pe Facebook \u00eentre Victor Ponta \u015fi ministrul de Interne, Carmen Dan.<\/span><\/strong><\/p>\n<p data-index=\"2\"><span lang=\"ro-RO\">Fostul premier a constatat ironic, faptul c\u0103 \u201edup\u0103 9 luni de zile merge, din nou, scara rulant\u0103 de la aeroport\u201d. Totodat\u0103, Victor Ponta i-a cerut ministrului de Interne s\u0103 aloce \u00eenc\u0103 50 de ofi\u0163eri, pentru verificarea pa\u015fapoartelor, av\u00e2nd \u00een vedere c\u0103 vine perioada vacan\u0163elor, iar controlul este din ce \u00een ce mai strict. <\/span><\/p>\n<p data-index=\"3\"><span lang=\"ro-RO\">R\u0103spunsul lui Carmen Dan a venit tot pe Facebook, unde a explicat c\u0103 problema nu poate fi rezolvat\u0103, p\u00e2n\u0103 c\u00e2nd nu vor fi indentificate spa\u0163ii suplimentare, destinate controlului. Ea a mai ad\u0103ugat \u015fi c\u0103, potrivit unei evalu\u0103ri f\u0103cute de Guvern, ar fi nevoie de 20 de filtre \u00een plus, pe sensul de intrare \u015fi de \u00eenc\u0103 20, pe sensul de ie\u015fire. <\/span><\/p>\n<p data-index=\"4\">\u201eDup\u0103 9 luni de zile merge din nou scara rulant\u0103 de la Aeroportul Otopeni! Acum \u00eens\u0103 trebuie obligatoriu pasul 2 &#8211; o rog public pe Doamna Ministru de Interne s\u0103 aloce \u00eenc\u0103 50 de ofi\u0163eri care s\u0103 efectueze controlul pa\u015fapoartelor. Nu po\u0163i cu acela\u015fi num\u0103r de oameni s\u0103 procesezi din ce \u00een ce mai mul\u0163i pasageri cu un control din ce \u00een ce mai strict folosind ni\u015fte computere din ce \u00een ce mai vechi. \u015ei vin \u015fi vacan\u0163ele acum\u201d, a scris Victor Ponta.<\/p>\n<p data-index=\"5\">\u201eDomnule Victor Ponta, v\u0103 r\u0103spund tot \u00eentr-o manier\u0103 public\u0103, pentru c\u0103 \u0219tiu c\u0103 exist\u0103 un interes mare al cet\u0103\u021benilor fa\u021b\u0103 de situa\u021bia din Aeroportul Otopeni.<\/p>\n<p data-index=\"6\">E bine de \u0219tiut c\u0103 al\u021bi 50 de poli\u021bi\u0219ti de frontier\u0103 \u00een plus, sau \u0219i mai mul\u021bi, nu ar rezolva situa\u021bia, at\u00e2ta timp c\u00e2t nu vor fi identificate spa\u021bii suplimentare destinate controlului.<\/p>\n<p data-index=\"7\">Tocmai de aceea, \u00eempreun\u0103 cu colegii din Guvern am realizat o evaluare a necesarului de extindere a infrastructurii din punctele de trecere a frontierei, iar pentru Otopeni ar fi nevoie de 20 de filtre \u00een plus pe sensul de intrare \u0219i de \u00eenc\u0103 20 pe sensul de ie\u0219ire\u201d, a r\u0103spuns Carmen Dan.<\/p>\n<\/div>\n<p> Source URL: https:\/\/www.digi24.ro\/stiri\/actualitate\/politica\/disputa-pe-facebook-intre-victor-ponta-si-carmen-dan-725673<\/p>\n","protected":false},"excerpt":{"rendered":"<p>Problemele de pe Aeroportul Otopeni au devenit subiect de discu\u0163ii pe Facebook \u00eentre Victor Ponta \u015fi ministrul de Interne, Carmen Dan. Fostul premier a constatat ironic, faptul c\u0103 \u201edup\u0103 9 luni de zile merge, din nou, scara rulant\u0103 de la aeroport\u201d. Totodat\u0103, Victor Ponta i-a cerut ministrului de Interne s\u0103 aloce \u00eenc\u0103 50 de ofi\u0163eri, [&hellip;]<\/p>\n","protected":false},"author":1,"featured_media":141248,"comment_status":"open","ping_status":"","sticky":false,"template":"","format":"standard","meta":{"footnotes":""},"categories":[2],"tags":[11],"class_list":["post-141247","post","type-post","status-publish","format-standard","has-post-thumbnail","hentry","category-politics","tag-digi24"],"_links":{"self":[{"href":"https:\/\/analyse.optim.biz\/index.php?rest_route=\/wp\/v2\/posts\/141247","targetHints":{"allow":["GET"]}}],"collection":[{"href":"https:\/\/analyse.optim.biz\/index.php?rest_route=\/wp\/v2\/posts"}],"about":[{"href":"https:\/\/analyse.optim.biz\/index.php?rest_route=\/wp\/v2\/types\/post"}],"author":[{"embeddable":true,"href":"https:\/\/analyse.optim.biz\/index.php?rest_route=\/wp\/v2\/users\/1"}],"replies":[{"embeddable":true,"href":"https:\/\/analyse.optim.biz\/index.php?rest_route=%2Fwp%2Fv2%2Fcomments&post=141247"}],"version-history":[{"count":0,"href":"https:\/\/analyse.optim.biz\/index.php?rest_route=\/wp\/v2\/posts\/141247\/revisions"}],"wp:featuredmedia":[{"embeddable":true,"href":"https:\/\/analyse.optim.biz\/index.php?rest_route=\/wp\/v2\/media\/141248"}],"wp:attachment":[{"href":"https:\/\/analyse.optim.biz\/index.php?rest_route=%2Fwp%2Fv2%2Fmedia&parent=141247"}],"wp:term":[{"taxonomy":"category","embeddable":true,"href":"https:\/\/analyse.optim.biz\/index.php?rest_route=%2Fwp%2Fv2%2Fcategories&post=141247"},{"taxonomy":"post_tag","embeddable":true,"href":"https:\/\/analyse.optim.biz\/index.php?rest_route=%2Fwp%2Fv2%2Ftags&post=141247"}],"curies":[{"name":"wp","href":"https:\/\/api.w.org\/{rel}","templated":true}]}}