{"id":141235,"date":"2017-05-17T08:25:22","date_gmt":"2017-05-17T05:25:22","guid":{"rendered":"https:\/\/analyse.optim.biz\/?p=141235"},"modified":"2017-05-17T08:25:22","modified_gmt":"2017-05-17T05:25:22","slug":"grindeanu-cere-ccr-sa-respinga-exceptia-ridicata-de-fosta-sotie-a-lui-dragnea","status":"publish","type":"post","link":"https:\/\/analyse.optim.biz\/?p=141235","title":{"rendered":"Grindeanu cere CCR s\u0103 resping\u0103 excep\u021bia ridicat\u0103 de fosta so\u021bie a lui Dragnea"},"content":{"rendered":"<div class=\"entry data-app-meta data-app-meta-article\" data-embed-base-url-canonical=\"https:\/\/www.digi24.ro\/embed\/stiri\/actualitate\/politica\/grindeanu-cere-ccr-sa-respinga-exceptia-ridicata-de-fosta-sotie-a-lui-dragnea-in-dosarul-penal-privind-abuzul-in-serviciu-726233\">\n<p data-index=\"1\"><strong>Guvernul nu vrea prag pentru abuzul \u00een serviciu. Guvernul cere Cur\u021bii Constitu\u021bionale s\u0103 resping\u0103 ca inadmisibil\u0103 sesizarea fostei so\u0163ii a lui Liviu Dragnea, Bombonica Prodana, privind abuzul \u00een serviciu.<\/strong><\/p>\n<p data-index=\"2\"><img loading=\"lazy\" decoding=\"async\" class=\"alignnone size-full wp-image-721091\" src=\"https:\/\/analyse.optim.biz\/wp-content\/uploads\/2024\/09\/agfzad1hogjimdi4otqynzmyowvhzju2zjmzzmm5ymrkzgjimw-thumb_.jpg\" width=\"4213\" height=\"2809\" data-skip-htmlfix=\"1\" title=\"agfzad1hogjimdi4otqynzmyowvhzju2zjmzzmm5ymrkzgjimw-thumb_\"><\/p>\n<p data-index=\"3\"><span lang=\"ro-RO\">Fosta so\u0163ie a lui Liviu Dragnea a cerut s\u0103 se constate c\u0103 legea nu prevede un prag al prejudiciului pentru infrac\u0163iunea de abuz \u00een serviciu. A invocat o decizie a CCR din vara anului trecut. Sesizarea este f\u0103cut\u0103 \u00een dosarul \u00een care este judecat \u015fi Liviu Dragnea, acuzat de DNA pentru instigare la abuz \u00een serviciu. Punctul de vedere al Guvernului a fost cerut de CCR. Judec\u0103torii urmeaz\u0103 s\u0103 se pronun\u0163e \u00een acest caz la \u00eenceputul lunii viitoare, informeaz\u0103 Digi24.<\/span><\/p>\n<p data-index=\"4\">Executivul, sub semn\u0103tura lui Sorin Grindeanu, a trimis un punct de vedere la Curtea Constitu\u0163ional\u0103, \u00een dosarul \u00een care Bombonica Prodana, fosta so\u0163ie a lui Liviu Dragnea, cere s\u0103 se constate c\u0103 defini\u0163ia abuzului \u00een serviciu \u00eencalc\u0103 Legea fundamental\u0103, deoarece nu cuprinde un prag minim al prejudiciului, au spus oficiali din cadrul Guvernului.<\/p>\n<p data-index=\"5\"><span lang=\"ro-RO\">Documentele invoc\u0103 mai multe decizii anterioare ale Cur\u0163ii, drept temei pentru respingerea solicit\u0103rii formulate la instan\u0163a suprem\u0103, \u00een dosarul \u00een care Bombonica Prodana este judecat\u0103 pentru abuz \u00een serviciu. \u00cen acela\u015fi dosar, Liviu Dragnea este judecat pentru instigare la aceast\u0103 infrac\u0163iune. Curtea Constitu\u0163ional\u0103 urmeaz\u0103 s\u0103 se pronun\u0163e la \u00eenceputul lunii iunie.<\/span><\/p>\n<p class=\"h2\" data-index=\"6\">Joi, \u00eentr-o interven\u0163ie \u00een primele ore ale zilei, ministrul Justi\u0163iei, Tudorel \u00a0Toader, a explicat de ce este inadmisibil\u0103 excep\u0163ia ridicat\u0103 la CCR de fosta so\u0163ie a lui Dragnea. Punctul de vedere asumat de Executiv a fost redactat de ministerul condus de Toader. Detalii, <a href=\"https:\/\/www.digi24.ro\/stiri\/actualitate\/justitie\/toader-explica-de-ce-e-inadmisibila-exceptia-ridicata-la-ccr-de-fosta-sotie-a-lui-dragnea-726430\" data-skip-linkfix=\"1\">AICI<\/a>.\u00a0<\/p>\n<p data-index=\"7\"><span lang=\"ro-RO\">Liviu Dragnea este pus sub acuzare pentru c\u0103 ar fi determinat-o pe \u015fefa Direc\u0163iei de Asisten\u0163\u0103 Social\u0103 \u015fi Protec\u0163ia Copilului Teleorman s\u0103 men\u0163in\u0103 \u00een grila de salarizare doi membrii PSD. Niciunul dintre ei nu ar fi trecut pe la serviciu, \u00eens\u0103 ar fi \u00eencasat salariul. <\/span><\/p>\n<p data-index=\"8\"><span lang=\"ro-RO\">Potrivit procurorilor, \u00een perioada iulie 2006 &#8211; decembrie 2012, Liviu Dragnea, \u00een calitate de pre\u015fedinte al Consiliului Jude\u0163ean Teleorman, respectiv de pre\u015fedinte al PSD Teleorman, a determinat-o pe Floarea Alesu, la acea vreme director executiv al Direc\u0163iei Generale de Asisten\u0163\u0103 Social\u0103 \u015fi Protec\u0163ia Copilului Teleorman, s\u0103 \u00ee\u015fi \u00eencalce atribu\u0163iile de serviciu prin men\u0163inerea \u00een func\u0163ie \u015fi implicit plata drepturilor salariale pentru dou\u0103 angajate ale aceleia\u015fi institu\u0163ii.<\/span><\/p>\n<p data-index=\"9\"><span lang=\"ro-RO\">Bombonica Prodana a fost pus\u0103 sub acuzare pentru c\u0103, \u00een perioadele 3 martie &#8211; 1 august 2008 \u015fi 3 iulie 2009 &#8211; 1 august 2010, nu a sanc\u0163ionat dou\u0103 subordonate \u00eencadrate \u00een func\u0163ia de referent la institu\u0163iile pe care le conducea, de\u015fi \u015ftia c\u0103 nu s-au prezentat la serviciu \u015fi nu au respectat prevederile contractului individual de munc\u0103 \u015fi fi\u015fa postului.<\/span><\/p>\n<p data-index=\"10\"><span lang=\"ro-RO\">Prejudiciul \u00een acest dosar se ridic\u0103 la 108.000 de lei.<\/span><\/p>\n<\/div>\n<p> Source URL: https:\/\/www.digi24.ro\/stiri\/actualitate\/politica\/grindeanu-cere-ccr-sa-respinga-exceptia-ridicata-de-fosta-sotie-a-lui-dragnea-in-dosarul-penal-privind-abuzul-in-serviciu-726233<\/p>\n","protected":false},"excerpt":{"rendered":"<p>Guvernul nu vrea prag pentru abuzul \u00een serviciu. Guvernul cere Cur\u021bii Constitu\u021bionale s\u0103 resping\u0103 ca inadmisibil\u0103 sesizarea fostei so\u0163ii a lui Liviu Dragnea, Bombonica Prodana, privind abuzul \u00een serviciu. Fosta so\u0163ie a lui Liviu Dragnea a cerut s\u0103 se constate c\u0103 legea nu prevede un prag al prejudiciului pentru infrac\u0163iunea de abuz \u00een serviciu. A [&hellip;]<\/p>\n","protected":false},"author":1,"featured_media":141236,"comment_status":"open","ping_status":"","sticky":false,"template":"","format":"standard","meta":{"footnotes":""},"categories":[2],"tags":[11],"class_list":["post-141235","post","type-post","status-publish","format-standard","has-post-thumbnail","hentry","category-politics","tag-digi24"],"_links":{"self":[{"href":"https:\/\/analyse.optim.biz\/index.php?rest_route=\/wp\/v2\/posts\/141235","targetHints":{"allow":["GET"]}}],"collection":[{"href":"https:\/\/analyse.optim.biz\/index.php?rest_route=\/wp\/v2\/posts"}],"about":[{"href":"https:\/\/analyse.optim.biz\/index.php?rest_route=\/wp\/v2\/types\/post"}],"author":[{"embeddable":true,"href":"https:\/\/analyse.optim.biz\/index.php?rest_route=\/wp\/v2\/users\/1"}],"replies":[{"embeddable":true,"href":"https:\/\/analyse.optim.biz\/index.php?rest_route=%2Fwp%2Fv2%2Fcomments&post=141235"}],"version-history":[{"count":0,"href":"https:\/\/analyse.optim.biz\/index.php?rest_route=\/wp\/v2\/posts\/141235\/revisions"}],"wp:featuredmedia":[{"embeddable":true,"href":"https:\/\/analyse.optim.biz\/index.php?rest_route=\/wp\/v2\/media\/141236"}],"wp:attachment":[{"href":"https:\/\/analyse.optim.biz\/index.php?rest_route=%2Fwp%2Fv2%2Fmedia&parent=141235"}],"wp:term":[{"taxonomy":"category","embeddable":true,"href":"https:\/\/analyse.optim.biz\/index.php?rest_route=%2Fwp%2Fv2%2Fcategories&post=141235"},{"taxonomy":"post_tag","embeddable":true,"href":"https:\/\/analyse.optim.biz\/index.php?rest_route=%2Fwp%2Fv2%2Ftags&post=141235"}],"curies":[{"name":"wp","href":"https:\/\/api.w.org\/{rel}","templated":true}]}}