{"id":141011,"date":"2017-05-21T17:43:13","date_gmt":"2017-05-21T14:43:13","guid":{"rendered":"https:\/\/analyse.optim.biz\/?p=141011"},"modified":"2017-05-21T17:43:13","modified_gmt":"2017-05-21T14:43:13","slug":"psd-si-pnl-se-cearta-pentru-ministrul-finantelor","status":"publish","type":"post","link":"https:\/\/analyse.optim.biz\/?p=141011","title":{"rendered":"PSD \u0219i PNL se ceart\u0103 pentru ministrul Finan\u021belor"},"content":{"rendered":"<div class=\"entry data-app-meta data-app-meta-article\" data-embed-base-url-canonical=\"https:\/\/www.digi24.ro\/embed\/stiri\/actualitate\/politica\/psd-si-pnl-se-cearta-pentru-ministrul-finantelor-728519\">\n<p data-index=\"1\"><strong>Social-democra\u0163ii au refuzat cererea liberalilor de a-l invita pe ministrul Finan\u0163elor \u00een plenul Camerei Deputa\u0163ilor ca s\u0103 spun\u0103 dac\u0103 exist\u0103 fonduri pentru toate propunerile de m\u0103riri, f\u0103cute de PSD din Legea salariz\u0103rii.<\/strong><\/p>\n<p data-index=\"2\"><span lang=\"ro-RO\">Stenogramele Camerei Deputa\u0163ilor arat\u0103 c\u0103 \u00eentre PNL \u015fi PSD s-a iscat o disput\u0103 aprins\u0103 legat\u0103 de prezen\u0163a ministrului de Finan\u0163e \u00een plen. <\/span><\/p>\n<p data-index=\"3\">Marcel Ciolacu, lider de grup PSD: A fost invitat acum trei s\u0103pt\u0103m\u00e2ni, \u015fi credem c\u0103 este\u2026, dar o s\u0103 vorbim \u015fi cu domnul ministru, \u015fi pe urm\u0103 d\u0103m un r\u0103spuns scris Biroului permanent.<\/p>\n<p data-index=\"4\">Victor Paul Dobre, vicelider de grup PNL: Mi se pare absurd. Putem s\u0103-l invit\u0103m \u015fi \u00een fiecare s\u0103pt\u0103m\u00e2n\u0103 pe un ministru, dac\u0103 o chestiune este de importan\u0163\u0103 \u015fi de dezb\u0103tut. Cumva, evita\u0163i s\u0103 aduce\u0163i \u00een dezbatere din motive politice \u015fi este altceva!<\/p>\n<p data-index=\"5\">Marcel Ciolacu: Ne-am luat aceast\u0103 rezerv\u0103, \u00eent\u00e2i s\u0103 vorbim \u015fi cu domnul ministru, care este exact programul d\u00e2nsului, \u015fi vom vedea.<\/p>\n<p data-index=\"6\">Votul a fost 7 la 3 \u00een favoarea social-democra\u0163ilor. Liberalii cred c\u0103 PSD a vrut s\u0103 evite o ie\u015fire public\u0103 a lui Viorel \u015etefan.<\/p>\n<p data-index=\"7\"><span lang=\"ro-RO\">Victor Paul Dobre: Nu pot s\u0103 uit ceea ce spune foarte des domnul Dragnea, c\u0103 ministrul Finan\u0163elor nu e un comunicator formidabil. <\/span><\/p>\n<p data-index=\"8\"><span lang=\"ro-RO\">Marcel Ciolacu: E o prostie, ce leg\u0103tur\u0103 are comunicarea cu domnul Dragnea, cu&#8230; V\u0103 repet, este o ini\u0163iativ\u0103 parlamentar\u0103.<\/span><\/p>\n<p data-index=\"9\"><span lang=\"ro-RO\">Social-democra\u0163ii spun c\u0103 Legea salariz\u0103rii nu este asumat\u0103 de Guvern, ci de Parlament, motiv pentru care mini\u015ftrii nu pot spune dac\u0103 sunt sau nu bani suficien\u0163i pentru toate major\u0103rile, p\u00e2n\u0103 ce legea nu va fi adoptat\u0103. <\/span><\/p>\n<\/div>\n<p> Source URL: https:\/\/www.digi24.ro\/stiri\/actualitate\/politica\/psd-si-pnl-se-cearta-pentru-ministrul-finantelor-728519<\/p>\n","protected":false},"excerpt":{"rendered":"<p>Social-democra\u0163ii au refuzat cererea liberalilor de a-l invita pe ministrul Finan\u0163elor \u00een plenul Camerei Deputa\u0163ilor ca s\u0103 spun\u0103 dac\u0103 exist\u0103 fonduri pentru toate propunerile de m\u0103riri, f\u0103cute de PSD din Legea salariz\u0103rii. Stenogramele Camerei Deputa\u0163ilor arat\u0103 c\u0103 \u00eentre PNL \u015fi PSD s-a iscat o disput\u0103 aprins\u0103 legat\u0103 de prezen\u0163a ministrului de Finan\u0163e \u00een plen. Marcel [&hellip;]<\/p>\n","protected":false},"author":1,"featured_media":141012,"comment_status":"open","ping_status":"","sticky":false,"template":"","format":"standard","meta":{"footnotes":""},"categories":[2],"tags":[11],"class_list":["post-141011","post","type-post","status-publish","format-standard","has-post-thumbnail","hentry","category-politics","tag-digi24"],"_links":{"self":[{"href":"https:\/\/analyse.optim.biz\/index.php?rest_route=\/wp\/v2\/posts\/141011","targetHints":{"allow":["GET"]}}],"collection":[{"href":"https:\/\/analyse.optim.biz\/index.php?rest_route=\/wp\/v2\/posts"}],"about":[{"href":"https:\/\/analyse.optim.biz\/index.php?rest_route=\/wp\/v2\/types\/post"}],"author":[{"embeddable":true,"href":"https:\/\/analyse.optim.biz\/index.php?rest_route=\/wp\/v2\/users\/1"}],"replies":[{"embeddable":true,"href":"https:\/\/analyse.optim.biz\/index.php?rest_route=%2Fwp%2Fv2%2Fcomments&post=141011"}],"version-history":[{"count":0,"href":"https:\/\/analyse.optim.biz\/index.php?rest_route=\/wp\/v2\/posts\/141011\/revisions"}],"wp:featuredmedia":[{"embeddable":true,"href":"https:\/\/analyse.optim.biz\/index.php?rest_route=\/wp\/v2\/media\/141012"}],"wp:attachment":[{"href":"https:\/\/analyse.optim.biz\/index.php?rest_route=%2Fwp%2Fv2%2Fmedia&parent=141011"}],"wp:term":[{"taxonomy":"category","embeddable":true,"href":"https:\/\/analyse.optim.biz\/index.php?rest_route=%2Fwp%2Fv2%2Fcategories&post=141011"},{"taxonomy":"post_tag","embeddable":true,"href":"https:\/\/analyse.optim.biz\/index.php?rest_route=%2Fwp%2Fv2%2Ftags&post=141011"}],"curies":[{"name":"wp","href":"https:\/\/api.w.org\/{rel}","templated":true}]}}