{"id":141008,"date":"2017-05-21T23:35:23","date_gmt":"2017-05-21T20:35:23","guid":{"rendered":"https:\/\/analyse.optim.biz\/?p=141008"},"modified":"2017-05-21T23:35:23","modified_gmt":"2017-05-21T20:35:23","slug":"adrian-nastase-guvernul-grindeanu-este-de-nota-8","status":"publish","type":"post","link":"https:\/\/analyse.optim.biz\/?p=141008","title":{"rendered":"Adrian N\u0103stase: Guvernul Grindeanu este de nota 8"},"content":{"rendered":"<div class=\"entry data-app-meta data-app-meta-article\" data-embed-base-url-canonical=\"https:\/\/www.digi24.ro\/embed\/stiri\/actualitate\/politica\/adrian-nastase-guvernul-grindeanu-este-de-nota-8-728647\">\n<p data-index=\"1\"><strong><span lang=\"ro-RO\">Fostul prim-ministru Adrian N\u0103stase a notat cu 8 activitatea Guvernului Grindeanu. El consider\u0103 c\u0103 ministerele func\u021bioneaz\u0103 \u201einegal\u201d, iar premierul nu are autoritate deplin\u0103 deoarece \u201efunc\u021bioneaz\u0103 \u00eentre mai multe puncte de putere\u201d, potrivit <a href=\"https:\/\/www.agerpres.ro\/politica\/2017\/05\/21\/adrian-nastase-guvernul-grindeanu-este-de-nota-8-nu-exista-o-autoritate-suficient-de-clara-23-13-57\" target=\"_blank\" rel=\"noopener noreferrer\" data-skip-linkfix=\"1\">Agerpres<\/a>.<\/span><\/strong><\/p>\n<figure class=\"article-thumb\"><img decoding=\"async\" src=\"https:\/\/analyse.optim.biz\/wp-content\/uploads\/2024\/09\/nwjknzu5mmfkmmu2mwu4ognjztu0odfhnw-thumb_.jpg\" alt=\"ADRIAN NASTASE LANSARE CARTE 2015 AGERPRES\" data-skip-htmlfix=\"1\" title=\"nwjknzu5mmfkmmu2mwu4ognjztu0odfhnw-thumb_\"><figcaption> Foto: Agerpres <\/figcaption><\/figure>\n<p data-index=\"2\">\u201e<span lang=\"ro-RO\">Cred c\u0103 Sorin Grindeanu are o problem\u0103 legat\u0103 de faptul c\u0103 func\u021bioneaz\u0103 \u00eentr-un sistem cu mai multe puncte de putere \u0219i de aici unele chestiuni care duc la anumite tensiuni. Este evident c\u0103 un centru de putere se afl\u0103 la Cotroceni (&#8230;), apoi dou\u0103 centre de putere sunt la PSD, unul la partid \u0219i unul la Guvern\u201d, a spus Adrian N\u0103stase la un post de televiziune.<\/span><\/p>\n<p data-index=\"3\"><span lang=\"ro-RO\">El a mai ad\u0103ugat c\u0103, pe l\u00e2ng\u0103 acestea, mai exist\u0103 \u0219i alte \u201esubcentre\u201d de putere la anumite ministere \u0219i servicii de informa\u021bii, cum ar fi ale SRI, SIE, Armat\u0103, Justi\u021bie, SPP \u0219i chiar STS, iar, \u00een opinia sa, premierul Grindeanu nu are, la ora actual\u0103, \u201eniciun fel de buton de ap\u0103sat pe serviciile de informa\u021bii\u201d.<\/span><\/p>\n<p data-index=\"4\">\u201e<span lang=\"ro-RO\">Eu a\u0219 da nota 8 Guvernului Grindeanu pentru c\u0103 ministerele func\u021bioneaz\u0103 inegal \u0219i nu exist\u0103 o autoritate suficient de clar\u0103 \u0219i se vede acest lucru. Separarea \u00eentre pre\u0219edintele de partid \u0219i primul ministru duce la faptul c\u0103 cei care trebuie s\u0103 execute anumite decizii se uit\u0103 \u00een dou\u0103 direc\u021bii\u201d, a mai spus acesta.<\/span><\/p>\n<p data-index=\"5\"><span lang=\"ro-RO\">Adrian N\u0103stase a remarcat, printre altele, c\u0103 lucrurile \u201ese mi\u0219c\u0103 foarte slab\u201d \u00een domeniul Justi\u021biei, de\u0219i ministrul Tudorel Toader este un jurist foarte bun, \u0219i crede c\u0103 Guvernul ar trebui s\u0103 aib\u0103 curajul s\u0103 \u00ee\u0219i asume \u00een Parlament anumite legi importante, cum ar fi, spre exemplu, Legea salariz\u0103rii unitare.<\/span><\/p>\n<p data-index=\"6\"><span lang=\"ro-RO\">Referindu-se la pre\u0219edintele PSD, Liviu Dragnea, Adrian N\u0103stase a declarat c\u0103 acesta \u201ea crescut foarte mult \u00een ultima vreme\u201d, de\u0219i a avut anumite probleme legate de imagine, \u0219i c\u0103 beneficiaz\u0103 de o sus\u021binere puternic\u0103 \u00een teritoriu.<\/span><\/p>\n<p data-index=\"7\"><span lang=\"ro-RO\">\u00cen ceea ce \u00eel prive\u0219te pe premierul Sorin Grindeanu, Adrian N\u0103stase a apreciat c\u0103 acesta \u00eencepe s\u0103 aib\u0103 o echip\u0103 tot mai puternic\u0103, dar c\u0103, pe l\u00e2ng\u0103 aspectele interne, ar trebui s\u0103 acorde aten\u021bie sporit\u0103 rela\u021biilor interna\u021bionale, printre care \u0219i celor cu China.<\/span><\/p>\n<p data-index=\"8\">\u201e<span lang=\"ro-RO\">Ar trebui s\u0103 se ocupe de rela\u021biile interna\u021bionale, cel pu\u021bin o dat\u0103 pe s\u0103pt\u0103m\u00e2n\u0103 s\u0103 circule \u00een str\u0103in\u0103tate, s\u0103 fac\u0103 un turneu al vecinilor, spre exemplu (&#8230;) \u0219i s\u0103 \u00een\u021beleag\u0103 c\u0103 Drumul M\u0103t\u0103sii, cel pu\u021bin \u00een momentul de fa\u021b\u0103, ocole\u0219te Rom\u00e2nia\u201d, a mai spus N\u0103stase.<\/span><\/p>\n<p data-index=\"9\"><span lang=\"ro-RO\">Fostul premier a mai afirmat c\u0103, \u00een prezent, beneficiaz\u0103 de \u201eo pozi\u021bie special\u0103\u201d \u00een PSD, c\u0103 se bucur\u0103 de un anumit respect \u00een interiorul partidului, iar afirma\u021biile sale au un scop constructiv \u0219i nicidecum de a face r\u0103u forma\u021biunii.<\/span><\/p>\n<\/div>\n<p> Source URL: https:\/\/www.digi24.ro\/stiri\/actualitate\/politica\/adrian-nastase-guvernul-grindeanu-este-de-nota-8-728647<\/p>\n","protected":false},"excerpt":{"rendered":"<p>Fostul prim-ministru Adrian N\u0103stase a notat cu 8 activitatea Guvernului Grindeanu. El consider\u0103 c\u0103 ministerele func\u021bioneaz\u0103 \u201einegal\u201d, iar premierul nu are autoritate deplin\u0103 deoarece \u201efunc\u021bioneaz\u0103 \u00eentre mai multe puncte de putere\u201d, potrivit Agerpres. Foto: Agerpres \u201eCred c\u0103 Sorin Grindeanu are o problem\u0103 legat\u0103 de faptul c\u0103 func\u021bioneaz\u0103 \u00eentr-un sistem cu mai multe puncte de putere [&hellip;]<\/p>\n","protected":false},"author":1,"featured_media":141009,"comment_status":"open","ping_status":"","sticky":false,"template":"","format":"standard","meta":{"footnotes":""},"categories":[2],"tags":[11],"class_list":["post-141008","post","type-post","status-publish","format-standard","has-post-thumbnail","hentry","category-politics","tag-digi24"],"_links":{"self":[{"href":"https:\/\/analyse.optim.biz\/index.php?rest_route=\/wp\/v2\/posts\/141008","targetHints":{"allow":["GET"]}}],"collection":[{"href":"https:\/\/analyse.optim.biz\/index.php?rest_route=\/wp\/v2\/posts"}],"about":[{"href":"https:\/\/analyse.optim.biz\/index.php?rest_route=\/wp\/v2\/types\/post"}],"author":[{"embeddable":true,"href":"https:\/\/analyse.optim.biz\/index.php?rest_route=\/wp\/v2\/users\/1"}],"replies":[{"embeddable":true,"href":"https:\/\/analyse.optim.biz\/index.php?rest_route=%2Fwp%2Fv2%2Fcomments&post=141008"}],"version-history":[{"count":0,"href":"https:\/\/analyse.optim.biz\/index.php?rest_route=\/wp\/v2\/posts\/141008\/revisions"}],"wp:featuredmedia":[{"embeddable":true,"href":"https:\/\/analyse.optim.biz\/index.php?rest_route=\/wp\/v2\/media\/141009"}],"wp:attachment":[{"href":"https:\/\/analyse.optim.biz\/index.php?rest_route=%2Fwp%2Fv2%2Fmedia&parent=141008"}],"wp:term":[{"taxonomy":"category","embeddable":true,"href":"https:\/\/analyse.optim.biz\/index.php?rest_route=%2Fwp%2Fv2%2Fcategories&post=141008"},{"taxonomy":"post_tag","embeddable":true,"href":"https:\/\/analyse.optim.biz\/index.php?rest_route=%2Fwp%2Fv2%2Ftags&post=141008"}],"curies":[{"name":"wp","href":"https:\/\/api.w.org\/{rel}","templated":true}]}}