{"id":140996,"date":"2017-05-22T10:20:00","date_gmt":"2017-05-22T07:20:00","guid":{"rendered":"https:\/\/analyse.optim.biz\/?p=140996"},"modified":"2017-05-22T10:20:00","modified_gmt":"2017-05-22T07:20:00","slug":"dan-andronic-audiat-in-comisia-parlamentara-privind-alegerile-din-2009","status":"publish","type":"post","link":"https:\/\/analyse.optim.biz\/?p=140996","title":{"rendered":"Dan Andronic, audiat \u00een comisia parlamentar\u0103 privind alegerile din 2009"},"content":{"rendered":"<div class=\"entry data-app-meta data-app-meta-article\" data-embed-base-url-canonical=\"https:\/\/www.digi24.ro\/embed\/stiri\/actualitate\/politica\/primele-audieri-in-ancheta-privind-alegerile-din-2009-728554\">\n<p data-index=\"1\"><strong><span lang=\"ro-RO\">Senatorii \u015fi deputa\u0163ii care ancheteaz\u0103 alegerile preziden\u0163iale din <\/span><\/strong><span lang=\"ro-RO\"><strong>2009 au \u00eenceput, luni, audierile, cu jurnalistul Dan Andronic. El este cel care a declan\u015fat \u00eentregul scandal \u00een spa\u0163iul public, dup\u0103 ce a dezv\u0103luit c\u0103, \u00een urm\u0103 cu opt ani, \u00een noaptea celui de-al doilea tur de scrutin, acas\u0103 la Gabriel Oprea s-au \u00eent\u00e2lnit \u015feful \u015fi adjunctul SRI, dar \u015fi procurorul general de la acea vreme<\/strong>.<\/span><\/p>\n<figure class=\"article-thumb\"><img decoding=\"async\" src=\"https:\/\/analyse.optim.biz\/wp-content\/uploads\/2024\/09\/dz04mdamemm9mszoyxnoptg4mtriy2vhn2rmytqxnza0njy0y2e1nza4y2ewmtm5-thumb_.jpg\" alt=\"170522_COMISIE_ANCHETA_ALEGERI_2009_02_INQUAM_PHOTOS_George_Calin\" data-skip-htmlfix=\"1\" title=\"dz04mdamemm9mszoyxnoptg4mtriy2vhn2rmytqxnza0njy0y2e1nza4y2ewmtm5-thumb_\"><figcaption> Foto: Inquam Photos\/George C\u0103lin <\/figcaption><\/figure>\n<p data-index=\"2\"><strong>ACTUALIZARE 10:00<\/strong> Jurnalistul Dan Andronic a declarat luni, \u00eenainte de audierea din comisia de anchet\u0103 privind alegerile preziden\u0163iale din 2009, c\u0103 va oferi mai multe detalii pentru a face un tablou mai complet cu privire la noaptea scrutinului, el \u0163in\u00e2nd s\u0103 precizeze c\u0103 nu vrea s\u0103 fie \u201eun serial memorialistic\u201d, ci \u201eun efort de vidanjare\u201d.<\/p>\n<p data-index=\"3\">\u201eVoi da mult mai multe am\u0103nunte dec\u00e2t cele pe care le-am men\u0163ionat \u00een scris. Nu sunt date noi, este un tablou mult mai complet, nu am aflat nimic \u00eentre timp sau chiar dac\u0103 am aflat, p\u00e2n\u0103 la urm\u0103 nu acesta este obiectul audierii nici de aici, nici de la Parchet, ci s\u0103 povestesc experien\u0163a mea\u201d, a afirmat Dan Andronic, citat de News.ro.<\/p>\n<p data-index=\"4\">El a sus\u0163inut c\u0103 obiectivul comisiei este \u201edestul de ambi\u0163ios\u201d, \u00een condi\u0163iile \u00een care \u015fi-a propus s\u0103 stabileasc\u0103 dac\u0103 alegerile preziden\u0163iale din 2009 au fost fraudate.<\/p>\n<p data-index=\"5\">\u201eMi-e foarte greu s\u0103 v\u0103 spun acum dac\u0103 poate face lumin\u0103 sau nu, obiectivul este destul de ambi\u0163ios, s\u0103 vorbe\u015fti de fraudarea alegerilor la opt ani de la producerea lor e u\u015for cam complicat s\u0103 dovede\u015fti. Din punctul meu de vedere, eu nu am vorbit niciun moment de fraudarea alegerilor, eu am vorbit de prezen\u0163a doamnei Kovesi, procuror general la acea vreme, a domnului George Maior, directorul SRI \u015fi a domnului Florian Coldea, prim-adjunct al SRI, \u00een casa lui Gabriel Oprea\u201d, a completat jurnalistul.<\/p>\n<p data-index=\"6\">\u201eE vorba de un context, eu l-am intitulat opera\u0163iunea \u00abNoi suntem statul\u00bb, este vorba de lucruri pe care le-am aflat recent, pe care le-am pus \u00een leg\u0103tur\u0103 cu alte evenimente \u015fi \u00eent\u00e2mpl\u0103ri, nu am \u00eenceput cu aceast\u0103 experien\u0163\u0103 personal\u0103 pentru c\u0103 nu am vrut s\u0103 fie un serial memorialistic. Nu m-am g\u00e2ndit niciun moment s\u0103 \u00eemi scriu memoriile, ci pur \u015fi simplu s\u0103 \u00eencerc\u0103m, dac\u0103 vre\u0163i, un efort de vidanjare\u201d, a afirmat el.<\/p>\n<p data-index=\"7\">Dan Andronic a sus\u0163inut c\u0103 \u201eaudierile nu au valoare penal\u0103, ci politic\u0103, peste tot \u00een lume aceste lucruri sunt publice\u201d.\u00a0<\/p>\n<p data-index=\"8\">Comisia parlamentar\u0103 de anchet\u0103 a alegerilor preziden\u0163iale din 2009 \u015fi-a \u00eenceput luni activitatea, primul audiat fiind jurnalistul Dan Andronic, de la ale c\u0103rui dezv\u0103luiri a pornit controversa privind implicarea unor politicieni \u015fi \u015fefi ai unor institu\u0163ii publice \u00een scrutinul de acum 8 ani.<\/p>\n<hr>\n<p data-index=\"9\"><strong>Parlamentarii nu renun\u0163\u0103 la ideea de a l\u0103muri ei \u00een\u015fi\u015fi misterul alegerilor preziden\u0163iale din 2009, c\u00e2\u015ftigate seara de Mircea Geoan\u0103 \u015fi a doua zi de Traian B\u0103sescu. Luni, comisia special\u0103 de anchet\u0103 parlamentar\u0103 ar urma s\u0103 fac\u0103 primele audieri.<\/strong><\/p>\n<p data-index=\"10\">Investiga\u0163ia parlamentar\u0103, precum \u015fi cea pornit\u0103 de procurori au pornit de la afirma\u0163iile jurnalistului Dan Andonic. Acesta sus\u0163ine c\u0103 \u00een seara scrutinului, oameni importan\u0163i din justi\u0163ie \u015fi serviciul rom\u00e2n de informa\u0163ii ar fi discutat rezultatul alegerilor acas\u0103 la un politican.<\/p>\n<p data-index=\"11\">La comisia de anchet\u0103 sunt a\u0219tepta\u021bi Dan Andronic, Ana Maria P\u0103tru (fosta \u0219ef\u0103 a Autorit\u0103\u021bii Electorale Permanenent) Dan \u015eova (fost senator) \u0219i Viorel Hrebenciuc (fostul \u0219ef al campaniei lui Mircea Geoan\u0103).<\/p>\n<p data-index=\"12\">La urm\u0103toarele \u0219edinte ale comisiei vor fi invita\u021bi \u0219i Traian B\u0103sescu \u0219i \u0219efii s\u0103i de campanie, Vasile Blaga \u0219i Adriean Videanu.<\/p>\n<p data-index=\"13\">Deputa\u021bii \u0219i senatorii vor s\u0103 discute \u0219i cu \u0219eful STS, Marcel Opri\u0219, cu fostul vicepremier Gabriel Oprea, precum \u0219i cu contracandidatul lui Traian B\u0103sescu din 2009, Mircea Geoan\u0103.<\/p>\n<p data-index=\"14\">\u201ePentru s\u0103pt\u0103m\u00e2na viitoare ne-am propus s\u0103 lucr\u0103m luni, mar\u0163i \u015fi miercuri \u00een \u015fedin\u0163a comisiei. \u00cencepem deja s\u0103 invit\u0103m pentru audieri o serie de persoane la propunerea colegilor, persoanele implicate \u00een ceea ce s-a \u00eent\u00e2mplat \u00een 2009. Astfel, luni, comisia lucreaz\u0103 de la 10.00 la 13.00 \u015fi pirmul invitat va fi domnul Dan Andronic, pentru c\u0103 au considerat colegii c\u0103 de aici a pornit \u00eentreaga poveste \u015fi, prin urmare, ni se pare firesc s\u0103 fie prezent la comisie pentru a relua aceast\u0103 poveste pe care a prezentat-o \u015fi public\u201d, declara recent pre\u015fedintele comisiei de anchet\u0103, senatorul PSD Mihai Fifor.<\/p>\n<\/div>\n<p> Source URL: https:\/\/www.digi24.ro\/stiri\/actualitate\/politica\/primele-audieri-in-ancheta-privind-alegerile-din-2009-728554<\/p>\n","protected":false},"excerpt":{"rendered":"<p>Senatorii \u015fi deputa\u0163ii care ancheteaz\u0103 alegerile preziden\u0163iale din 2009 au \u00eenceput, luni, audierile, cu jurnalistul Dan Andronic. El este cel care a declan\u015fat \u00eentregul scandal \u00een spa\u0163iul public, dup\u0103 ce a dezv\u0103luit c\u0103, \u00een urm\u0103 cu opt ani, \u00een noaptea celui de-al doilea tur de scrutin, acas\u0103 la Gabriel Oprea s-au \u00eent\u00e2lnit \u015feful \u015fi adjunctul [&hellip;]<\/p>\n","protected":false},"author":1,"featured_media":140997,"comment_status":"open","ping_status":"","sticky":false,"template":"","format":"standard","meta":{"footnotes":""},"categories":[2],"tags":[11],"class_list":["post-140996","post","type-post","status-publish","format-standard","has-post-thumbnail","hentry","category-politics","tag-digi24"],"_links":{"self":[{"href":"https:\/\/analyse.optim.biz\/index.php?rest_route=\/wp\/v2\/posts\/140996","targetHints":{"allow":["GET"]}}],"collection":[{"href":"https:\/\/analyse.optim.biz\/index.php?rest_route=\/wp\/v2\/posts"}],"about":[{"href":"https:\/\/analyse.optim.biz\/index.php?rest_route=\/wp\/v2\/types\/post"}],"author":[{"embeddable":true,"href":"https:\/\/analyse.optim.biz\/index.php?rest_route=\/wp\/v2\/users\/1"}],"replies":[{"embeddable":true,"href":"https:\/\/analyse.optim.biz\/index.php?rest_route=%2Fwp%2Fv2%2Fcomments&post=140996"}],"version-history":[{"count":0,"href":"https:\/\/analyse.optim.biz\/index.php?rest_route=\/wp\/v2\/posts\/140996\/revisions"}],"wp:featuredmedia":[{"embeddable":true,"href":"https:\/\/analyse.optim.biz\/index.php?rest_route=\/wp\/v2\/media\/140997"}],"wp:attachment":[{"href":"https:\/\/analyse.optim.biz\/index.php?rest_route=%2Fwp%2Fv2%2Fmedia&parent=140996"}],"wp:term":[{"taxonomy":"category","embeddable":true,"href":"https:\/\/analyse.optim.biz\/index.php?rest_route=%2Fwp%2Fv2%2Fcategories&post=140996"},{"taxonomy":"post_tag","embeddable":true,"href":"https:\/\/analyse.optim.biz\/index.php?rest_route=%2Fwp%2Fv2%2Ftags&post=140996"}],"curies":[{"name":"wp","href":"https:\/\/api.w.org\/{rel}","templated":true}]}}