{"id":140990,"date":"2017-05-22T12:59:08","date_gmt":"2017-05-22T09:59:08","guid":{"rendered":"https:\/\/analyse.optim.biz\/?p=140990"},"modified":"2017-05-22T12:59:08","modified_gmt":"2017-05-22T09:59:08","slug":"alegeri-2009-andronic-nu-am-niciun-element-ca-s-a-pus-la-cale-fraudarea-alegerilor","status":"publish","type":"post","link":"https:\/\/analyse.optim.biz\/?p=140990","title":{"rendered":"Alegeri 2009 | Andronic: Nu am niciun element c\u0103 s-a pus la cale fraudarea alegerilor"},"content":{"rendered":"<div class=\"entry data-app-meta data-app-meta-article\" data-embed-base-url-canonical=\"https:\/\/www.digi24.ro\/embed\/stiri\/actualitate\/politica\/alegeri-2009-andronic-nu-am-niciun-element-ca-s-a-pus-la-cale-fraudarea-alegerilor-728881\">\n<p data-index=\"1\"><strong>Primul audiat de Comisia parlamentar\u0103 de anchet\u0103 a alegerilor preziden\u021biale din 2009, jurnalistul Dan Andronic, a precizat c\u0103 nu are elemente care s\u0103 contureze ideea c\u0103 \u00een cadrul acelei \u00eent\u00e2lniri de la Gabriel Oprea, din seara turului doi al alegerilor pentru Pre\u0219edin\u021bie, s-ar fi ac\u021bionat pentru fraudarea alegerilor sau modificarea rezultatului scrutinului.<\/strong><\/p>\n<figure class=\"article-thumb\"><img decoding=\"async\" src=\"https:\/\/analyse.optim.biz\/wp-content\/uploads\/2024\/09\/emm9mszoyxnoptdhyzgxzgm5nda4nju1odziodu2zde4yzuyyjixntmy-thumb_.jpg\" alt=\"170511_DAN_ANDRONIC_DNA_03_INQUAM_PHOTOS_Liviu_Florin_Albei\" data-skip-htmlfix=\"1\" title=\"emm9mszoyxnoptdhyzgxzgm5nda4nju1odziodu2zde4yzuyyjixntmy-thumb_\"><figcaption> Foto: Inquam Photos \/ Liviu Florin Albei <\/figcaption><\/figure>\n<p data-index=\"2\">\u00cen cadrul audierilor din Comisia parlamentar\u0103 de anchet\u0103, senatorul PNL Daniel Fenechiu l-a \u00eentrebat pe jurnalistul Dan Andronic dac\u0103 discu\u021bia la care a asistat, acas\u0103 la Gabriel Oprea, \u201e<strong>a fost pur contemplativ\u0103 \u0219i analitic\u0103 sau au ap\u0103rut \u0219i ac\u021biuni pentru a \u00eenclina balan\u021ba \u00eentr-o parte sau \u00een alta?<\/strong>\u201d.<\/p>\n<p data-index=\"3\">\u201e<strong>Nu am niciun element c\u0103 \u00een acea sear\u0103 s-a discutat sau au existat ac\u021biuni care s\u0103 pun\u0103 la cale fraudarea alegerilor sau modificarea rezultatului<\/strong>\u201d, a fost r\u0103spunsul lui Andronic.<\/p>\n<p data-index=\"4\"><a href=\"https:\/\/www.digi24.ro\/stiri\/actualitate\/politica\/primele-audieri-in-ancheta-privind-alegerile-din-2009-728554\" data-skip-linkfix=\"1\">\u00cenainte de intrarea la audieri<\/a>, acesta a catalogat drept \u201edestul de ambi\u021bios\u201d obiectivul Comisiei, de a stabili dac\u0103 au fost sau nu fraudate alegerile preziden\u021biale din 2009. \u201eMi-e foarte greu s\u0103 v\u0103 spun acum dac\u0103 poate face lumin\u0103 sau nu, obiectivul este destul de ambi\u0163ios, s\u0103 vorbe\u015fti de fraudarea alegerilor la opt ani de la producerea lor e u\u015for cam complicat s\u0103 dovede\u015fti. Din punctul meu de vedere, eu nu am vorbit niciun moment de fraudarea alegerilor, eu am vorbit de prezen\u0163a doamnei Kovesi, procuror general la acea vreme, a domnului George Maior, directorul SRI \u015fi a domnului Florian Coldea, prim-adjunct al SRI, \u00een casa lui Gabriel Oprea\u201d, a completat jurnalistul.<\/p>\n<p data-index=\"5\">La ie\u0219irea de la Comisie, Andronic a subliniat c\u0103 la \u00eent\u00e2lnirea invocat\u0103 nu s-ar fi petrecut lucruri \u00een afara legii. \u201e<strong>Mie nu mi s-a p\u0103rut c\u0103 ce se \u00eent\u00e2mpl\u0103 acolo este o ilegalitate<\/strong>\u201d, a declarat jurnalistul.<\/p>\n<p data-index=\"6\">Comisia de anchet\u0103 parlamentar\u0103 a alegerilor preziden\u021biale din 2009 a fost \u00eenfiin\u021bat\u0103 la solicitarea \u0219efilor celor dou\u0103 Camere, Liviu Dragnea \u0219i C\u0103lin Popescu T\u0103riceanu, dup\u0103 ce jurnalistul Dan Andronic a declarat c\u0103, \u00een seara turului doi al alegerilor preziden\u021biale din 2009, i-a g\u0103sit acas\u0103 la Gabriel Oprea, pe Nicolae On\u021banu, Puiu Iord\u0103nescu \u0219i Gigi Ne\u021boiu, iar \u00eentr-o alt\u0103 \u00eenc\u0103pere, \u201edestul de mic\u0103, de vreo 20 de metri p\u0103tra\u021bi\u201d, pe directorul SRI de atunci, George Maior, prim-adjunctul acestuia, Florian Coldea, procurorul general de atunci, Laura Codru\u021ba Kovesi, \u0219i adjunctul Poli\u021biei Rom\u00e2ne, Petre Tob\u0103.<\/p>\n<p data-index=\"7\">La audieri \u00een Parlament sunt a\u0219tepta\u021bi \u0219i Ana Maria P\u0103tru (fosta \u0219ef\u0103 a Autorit\u0103\u021bii Electorale Permanenent), Dan \u015eova (fost senator) \u0219i Viorel Hrebenciuc (fostul \u0219ef de campanie al lui Mircea Geoan\u0103).<\/p>\n<p data-index=\"8\">La urm\u0103toarele \u0219edin\u021be ale Comisiei vor fi invita\u021bi \u0219i Traian B\u0103sescu \u0219i \u0219efii s\u0103i de campanie, Vasile Blaga \u0219i Adriean Videanu.<\/p>\n<p data-index=\"9\">Deputa\u021bii \u0219i senatorii vor s\u0103 discute \u0219i cu \u0219eful STS, Marcel Opri\u0219, cu fostul vicepremier Gabriel Oprea, precum \u0219i cu contracandidatul lui Traian B\u0103sescu din 2009, Mircea Geoan\u0103.<\/p>\n<\/div>\n<p> Source URL: https:\/\/www.digi24.ro\/stiri\/actualitate\/politica\/alegeri-2009-andronic-nu-am-niciun-element-ca-s-a-pus-la-cale-fraudarea-alegerilor-728881<\/p>\n","protected":false},"excerpt":{"rendered":"<p>Primul audiat de Comisia parlamentar\u0103 de anchet\u0103 a alegerilor preziden\u021biale din 2009, jurnalistul Dan Andronic, a precizat c\u0103 nu are elemente care s\u0103 contureze ideea c\u0103 \u00een cadrul acelei \u00eent\u00e2lniri de la Gabriel Oprea, din seara turului doi al alegerilor pentru Pre\u0219edin\u021bie, s-ar fi ac\u021bionat pentru fraudarea alegerilor sau modificarea rezultatului scrutinului. Foto: Inquam Photos [&hellip;]<\/p>\n","protected":false},"author":1,"featured_media":140991,"comment_status":"open","ping_status":"","sticky":false,"template":"","format":"standard","meta":{"footnotes":""},"categories":[2],"tags":[11],"class_list":["post-140990","post","type-post","status-publish","format-standard","has-post-thumbnail","hentry","category-politics","tag-digi24"],"_links":{"self":[{"href":"https:\/\/analyse.optim.biz\/index.php?rest_route=\/wp\/v2\/posts\/140990","targetHints":{"allow":["GET"]}}],"collection":[{"href":"https:\/\/analyse.optim.biz\/index.php?rest_route=\/wp\/v2\/posts"}],"about":[{"href":"https:\/\/analyse.optim.biz\/index.php?rest_route=\/wp\/v2\/types\/post"}],"author":[{"embeddable":true,"href":"https:\/\/analyse.optim.biz\/index.php?rest_route=\/wp\/v2\/users\/1"}],"replies":[{"embeddable":true,"href":"https:\/\/analyse.optim.biz\/index.php?rest_route=%2Fwp%2Fv2%2Fcomments&post=140990"}],"version-history":[{"count":0,"href":"https:\/\/analyse.optim.biz\/index.php?rest_route=\/wp\/v2\/posts\/140990\/revisions"}],"wp:featuredmedia":[{"embeddable":true,"href":"https:\/\/analyse.optim.biz\/index.php?rest_route=\/wp\/v2\/media\/140991"}],"wp:attachment":[{"href":"https:\/\/analyse.optim.biz\/index.php?rest_route=%2Fwp%2Fv2%2Fmedia&parent=140990"}],"wp:term":[{"taxonomy":"category","embeddable":true,"href":"https:\/\/analyse.optim.biz\/index.php?rest_route=%2Fwp%2Fv2%2Fcategories&post=140990"},{"taxonomy":"post_tag","embeddable":true,"href":"https:\/\/analyse.optim.biz\/index.php?rest_route=%2Fwp%2Fv2%2Ftags&post=140990"}],"curies":[{"name":"wp","href":"https:\/\/api.w.org\/{rel}","templated":true}]}}