{"id":140987,"date":"2017-05-22T15:30:32","date_gmt":"2017-05-22T12:30:32","guid":{"rendered":"https:\/\/analyse.optim.biz\/?p=140987"},"modified":"2017-05-22T15:30:32","modified_gmt":"2017-05-22T12:30:32","slug":"deputatul-miron-ignat-pentru-tass-in-satele-lipovene-toate-casele-au-baie-romanii-se-spala-in-lighean","status":"publish","type":"post","link":"https:\/\/analyse.optim.biz\/?p=140987","title":{"rendered":"Deputatul Miron Ignat, pentru TASS: &#8220;\u00cen satele lipovene toate casele au baie. Rom\u00e2nii se spal\u0103 \u00een lighean&#8221;"},"content":{"rendered":"<div class=\"entry data-app-meta data-app-meta-article\" data-embed-base-url-canonical=\"https:\/\/www.digi24.ro\/embed\/stiri\/actualitate\/politica\/deputatul-miron-ignat-pentru-tass-in-satele-lipovene-toate-casele-au-baie-romanii-se-spala-in-lighean-729003\">\n<p data-index=\"1\"><strong>Un parlamentar de la Bucure\u015fti a st\u00e2rnit reac\u0163ii adverse cu declara\u0163iile sale la adresa rom\u00e2nilor \u015fi Rom\u00e2niei. Afirma\u0163iile deputatului apar \u00eentr-un <a href=\"http:\/\/tass.ru\/opinions\/interviews\/4261394\" target=\"_blank\" rel=\"noopener noreferrer\" data-skip-linkfix=\"1\">interviu <\/a>acordat presei din Rusia.<\/strong><\/p>\n<figure class=\"article-thumb\"><img decoding=\"async\" src=\"https:\/\/analyse.optim.biz\/wp-content\/uploads\/2024\/09\/emm9mszoyxnoptrkzjlmzje1nwqwzjaynzexyzg5mjbhogu3ywvhyzc5-thumb_.jpg\" alt=\"Ignat_Miron\" data-skip-htmlfix=\"1\" title=\"emm9mszoyxnoptrkzjlmzje1nwqwzjaynzexyzg5mjbhogu3ywvhyzc5-thumb_\"><figcaption> Foto: Camera Deputa\u0163ilor <\/figcaption><\/figure>\n<p data-index=\"2\">&#8220;Rom\u00e2nii ne invidiaz\u0103. Doar lipovenii sunt harnici. Casele noastre arat\u0103 excelent, peste tot e curat, e ordine deplin\u0103 \u00een sate. \u00cen satele lipovene toate casele au baie. Rom\u00e2nii se spal\u0103 \u00een lighean. Se \u0219tie c\u0103 \u00een fiecare s\u00e2mb\u0103t\u0103, \u00eenaintea fiec\u0103rei s\u0103rb\u0103tori, noi se sp\u0103l\u0103m neaparat. Cu m\u0103tur\u0103 de stejar, la noi nu e mesteac\u0103n. Asta e tradi\u021bia&#8221;, a declarat deptuatul Miron Ignat, \u00eentr-un interviu acordat agen\u0163iei ruse de pres\u0103, TASS. Ignat a fost ales \u00een Parlamentul de la Bucure\u015fti \u00a0din partea comunit\u0103\u0163ii ru\u015filor lipoveni, militeaz\u0103 constant, la fel cum a f\u0103cut-o \u015fi \u00een interviul respectiv, pentru cooperarea cu Rusia \u015fi are, \u00een general, pozi\u0163ii critice fa\u0163\u0103 de sanc\u0163iunile impuse Moscovei de comunitatea interna\u0163ional\u0103, dup\u0103 anexarea Crimeei.\u00a0<\/p>\n<p data-index=\"3\">Declara\u0163iile lui Miron Ignat au\u00a0fost urmate de un val de critici\u00a0pe re\u0163elele sociale,\u00a0context \u00een care au ap\u0103rut \u015fi unele delimit\u0103ri, par\u0163iale, de spusele deputatului.<\/p>\n<p data-index=\"4\">Este cazul lui Tudor Afanasov, care a postat pe contul s\u0103u de Facebook un punct de vedere \u00een calitate de\u00a0&#8220;pre\u0219edinte al As. Camera de Cooperare Economic\u0103 \u0219i Cultural\u0103 Rom\u00e2no-Rus\u0103 \u0219i de fost candidat la func\u021bia de Deputat din partea ru\u0219ilor staroveri (lipoveni)&#8221;. \u00a0&#8220;M\u0103 delimitez at\u00e2t eu, c\u00e2t \u0219i o mare parte din cona\u021bionalii no\u0219tri de declara\u021biile Deputatului Miron Ignat, cu excep\u021bia unei singure declara\u021bii \u0219i anume, Rom\u00e2nia trebuie s\u0103 reia dialogul cu Federa\u021bia Rus\u0103 \u0219i \u00eempreun\u0103 s\u0103 lupte \u00eempotriva celui mai mare du\u0219man al umanit\u0103\u021bii, terorismul, sa dezvolte rela\u021bii economice, s\u0103 fac\u0103 schimburi culturale \u0219i s\u0103 contribuie \u00een comun la securitatea din regiune&#8221;, sus\u0163ine Afanasov, care face, la r\u00e2ndul s\u0103u, abstrac\u0163ie de sanc\u0163iunile impuse Rusiei pentru comportamentul acestei \u0163\u0103ri fa\u0163\u0103 de Ucraina \u015fi dreptul interna\u0163ional.<\/p>\n<p data-index=\"5\">\u00a0<\/p>\n<\/div>\n<p> Source URL: https:\/\/www.digi24.ro\/stiri\/actualitate\/politica\/deputatul-miron-ignat-pentru-tass-in-satele-lipovene-toate-casele-au-baie-romanii-se-spala-in-lighean-729003<\/p>\n","protected":false},"excerpt":{"rendered":"<p>Un parlamentar de la Bucure\u015fti a st\u00e2rnit reac\u0163ii adverse cu declara\u0163iile sale la adresa rom\u00e2nilor \u015fi Rom\u00e2niei. Afirma\u0163iile deputatului apar \u00eentr-un interviu acordat presei din Rusia. Foto: Camera Deputa\u0163ilor &#8220;Rom\u00e2nii ne invidiaz\u0103. Doar lipovenii sunt harnici. Casele noastre arat\u0103 excelent, peste tot e curat, e ordine deplin\u0103 \u00een sate. \u00cen satele lipovene toate casele au [&hellip;]<\/p>\n","protected":false},"author":1,"featured_media":140988,"comment_status":"open","ping_status":"","sticky":false,"template":"","format":"standard","meta":{"footnotes":""},"categories":[2],"tags":[11],"class_list":["post-140987","post","type-post","status-publish","format-standard","has-post-thumbnail","hentry","category-politics","tag-digi24"],"_links":{"self":[{"href":"https:\/\/analyse.optim.biz\/index.php?rest_route=\/wp\/v2\/posts\/140987","targetHints":{"allow":["GET"]}}],"collection":[{"href":"https:\/\/analyse.optim.biz\/index.php?rest_route=\/wp\/v2\/posts"}],"about":[{"href":"https:\/\/analyse.optim.biz\/index.php?rest_route=\/wp\/v2\/types\/post"}],"author":[{"embeddable":true,"href":"https:\/\/analyse.optim.biz\/index.php?rest_route=\/wp\/v2\/users\/1"}],"replies":[{"embeddable":true,"href":"https:\/\/analyse.optim.biz\/index.php?rest_route=%2Fwp%2Fv2%2Fcomments&post=140987"}],"version-history":[{"count":0,"href":"https:\/\/analyse.optim.biz\/index.php?rest_route=\/wp\/v2\/posts\/140987\/revisions"}],"wp:featuredmedia":[{"embeddable":true,"href":"https:\/\/analyse.optim.biz\/index.php?rest_route=\/wp\/v2\/media\/140988"}],"wp:attachment":[{"href":"https:\/\/analyse.optim.biz\/index.php?rest_route=%2Fwp%2Fv2%2Fmedia&parent=140987"}],"wp:term":[{"taxonomy":"category","embeddable":true,"href":"https:\/\/analyse.optim.biz\/index.php?rest_route=%2Fwp%2Fv2%2Fcategories&post=140987"},{"taxonomy":"post_tag","embeddable":true,"href":"https:\/\/analyse.optim.biz\/index.php?rest_route=%2Fwp%2Fv2%2Ftags&post=140987"}],"curies":[{"name":"wp","href":"https:\/\/api.w.org\/{rel}","templated":true}]}}