{"id":140786,"date":"2017-05-28T13:43:18","date_gmt":"2017-05-28T10:43:18","guid":{"rendered":"https:\/\/analyse.optim.biz\/?p=140786"},"modified":"2017-05-28T13:43:18","modified_gmt":"2017-05-28T10:43:18","slug":"v-rebengiuc-vreau-sa-stiu-cum-a-facut-dragnea-mosia-din-alexandria","status":"publish","type":"post","link":"https:\/\/analyse.optim.biz\/?p=140786","title":{"rendered":"V. Rebengiuc: \u201eVreau s\u0103 \u0219tiu cum a f\u0103cut Dragnea mo\u0219ia din Alexandria\u201d"},"content":{"rendered":"<div class=\"entry data-app-meta data-app-meta-article\" data-embed-base-url-canonical=\"https:\/\/www.digi24.ro\/embed\/stiri\/actualitate\/politica\/victor-rebengiuc-vreau-sa-stiu-cum-a-facut-dragnea-mosia-din-alexandria-732935\">\n<p data-index=\"1\"><strong>Victor Rebengiuc are o curiozitate cu privire la averea lui Liviu Dragnea, pre\u0219edintele PSD. Actorul a spus c\u0103 Rom\u00e2nia este una dintre pu\u021binele \u021b\u0103ri din lume care are mari bog\u0103ta\u0219i proveni\u021bi din politic\u0103.<\/strong><\/p>\n<p data-index=\"2\">\u201eA\u0219tept explica\u021bii! Vreau s\u0103 \u0219tiu \u0219i eu cum \u0219i-a f\u0103cut Dragnea mo\u0219ia aia pe care o are \u00een Alexandria, vreau s\u0103 \u0219tiu cum are el p\u0103duri cu v\u00e2nat, lacuri cu pe\u0219ti, cum are hoteluri&#8230; De unde le-a f\u0103cut? \u0218i nu numai el, dar el pare acum personalitatea cea mai important\u0103 a \u021b\u0103rii \u0219i care vegheaz\u0103 asupra viitorului ei, cu grij\u0103, cu dragoste&#8230; M\u0103 \u00eentreb \u0219i eu! Nu \u0219tiu. Trebuie s\u0103 existe o posibilitate, poate nu foarte legal\u0103, dar exist\u0103\u201d, a spus Victor Rebengiuc, \u00eentrebat cum \u00ee\u0219i explic\u0103 faptul c\u0103 politicieni care au lucrat toat\u0103 via\u021ba la stat \u00ee\u0219i permit un stil de via\u021b\u0103 hollywoodian.<\/p>\n<p data-index=\"3\">\u00centrebat dac\u0103 ar trebui s\u0103 existe un moment T0, de la care p\u0103catele trecutului postcomunist s\u0103 fie iertate, a\u0219a cum vor mul\u021bi politicieni, actorul a r\u0103spuns c\u0103 nu. \u201eFiecare trebuie s\u0103 deconteze. De unde ai asta?\u201d, a punctat Victor Rebengiuc.<\/p>\n<p data-index=\"4\">\u201eCe ne-ar place nou\u0103 asta, ce bine-ar fi&#8230; Am f\u0103cut clasa de mijloc din Rom\u00e2nia. (Politica, n.red.) A f\u0103cut marii bog\u0103ta\u0219i. Este poate una din pu\u021binele \u021b\u0103ri din lume care are mari bog\u0103ta\u0219i proveni\u021bi nu din economie, din industrie, ci din politic\u0103. Politica se pl\u0103te\u0219te bine \u00een Rom\u00e2nia\u201d, a ad\u0103ugat actorul.<\/p>\n<p data-index=\"5\">El a spus c\u0103 fiecare surs\u0103 de venit a sa poate fi verificat\u0103 \u0219i ad\u0103ugat, \u00eentrebat dac\u0103 are rom\u00e2nul gena furtului, c\u0103 \u201edac\u0103 merge, vezi c\u0103 merge&#8230; \u0103la a furat \u0219i nu-l ia nimeni de g\u00e2t, de ce s\u0103 nu \u00eencerce omul?\u201d.<\/p>\n<p data-index=\"6\">Victor Rebengiuc a mai spus c\u0103 a furat doar experien\u021b\u0103 \u00een teatru, acesta fiind \u201eun furt legal\u201d.<\/p>\n<p data-index=\"7\">Pe de alt\u0103 parte, actorul consider\u0103 c\u0103 exist\u0103 o distan\u021b\u0103 mare \u00eentre rom\u00e2nii care muncesc \u0219i nu fur\u0103 \u0219i conduc\u0103tori.<\/p>\n<p data-index=\"8\">\u201eRom\u00e2nii care muncesc \u00eei sufer\u0103 pe cei care ne conduc, iar cei care ne conduc nu \u00eei aud pe cei care muncesc, nu \u00eei aud \u0219i nu se g\u00e2ndesc la cei care muncesc. M\u0103rirea asta de salarii, tare m\u0103 tem c\u0103 e un fel de abatere a aten\u021biei: ia banii \u0103\u0219tia, e\u0219ti mul\u021bumit! \u0218i \u00eentre timp s\u0103 lucr\u0103m, s\u0103 demol\u0103m justi\u021bie, demol\u0103m tot, scoatem oameni capabili din justi\u021bie, ca s\u0103 nu mai fie pedeaps\u0103 pentru noi, s\u0103 fie Parlamentul singurul for care conduce \u0219i \u00een care s-au adunat cei care \u0219tiu s\u0103 se \u00eembog\u0103\u021beasc\u0103<span lang=\"ro-RO\">\u201d, a conchis Victor Rebengiuc.<\/span><\/p>\n<p data-index=\"9\"><a href=\"https:\/\/www.digi24.ro\/emisiuni\/in-fata-ta\/in-fata-ta-28-mai-13-05-732964\" data-skip-linkfix=\"1\"><strong><span lang=\"ro-RO\">Emisiunea integral\u0103 poate fi urm\u0103rit\u0103 aici. <\/span><\/strong><\/a><\/p>\n<p data-index=\"10\">\u00a0<\/p>\n<\/div>\n<p> Source URL: https:\/\/www.digi24.ro\/stiri\/actualitate\/politica\/victor-rebengiuc-vreau-sa-stiu-cum-a-facut-dragnea-mosia-din-alexandria-732935<\/p>\n","protected":false},"excerpt":{"rendered":"<p>Victor Rebengiuc are o curiozitate cu privire la averea lui Liviu Dragnea, pre\u0219edintele PSD. Actorul a spus c\u0103 Rom\u00e2nia este una dintre pu\u021binele \u021b\u0103ri din lume care are mari bog\u0103ta\u0219i proveni\u021bi din politic\u0103. \u201eA\u0219tept explica\u021bii! Vreau s\u0103 \u0219tiu \u0219i eu cum \u0219i-a f\u0103cut Dragnea mo\u0219ia aia pe care o are \u00een Alexandria, vreau s\u0103 \u0219tiu [&hellip;]<\/p>\n","protected":false},"author":1,"featured_media":140787,"comment_status":"open","ping_status":"","sticky":false,"template":"","format":"standard","meta":{"footnotes":""},"categories":[2],"tags":[11],"class_list":["post-140786","post","type-post","status-publish","format-standard","has-post-thumbnail","hentry","category-politics","tag-digi24"],"_links":{"self":[{"href":"https:\/\/analyse.optim.biz\/index.php?rest_route=\/wp\/v2\/posts\/140786","targetHints":{"allow":["GET"]}}],"collection":[{"href":"https:\/\/analyse.optim.biz\/index.php?rest_route=\/wp\/v2\/posts"}],"about":[{"href":"https:\/\/analyse.optim.biz\/index.php?rest_route=\/wp\/v2\/types\/post"}],"author":[{"embeddable":true,"href":"https:\/\/analyse.optim.biz\/index.php?rest_route=\/wp\/v2\/users\/1"}],"replies":[{"embeddable":true,"href":"https:\/\/analyse.optim.biz\/index.php?rest_route=%2Fwp%2Fv2%2Fcomments&post=140786"}],"version-history":[{"count":0,"href":"https:\/\/analyse.optim.biz\/index.php?rest_route=\/wp\/v2\/posts\/140786\/revisions"}],"wp:featuredmedia":[{"embeddable":true,"href":"https:\/\/analyse.optim.biz\/index.php?rest_route=\/wp\/v2\/media\/140787"}],"wp:attachment":[{"href":"https:\/\/analyse.optim.biz\/index.php?rest_route=%2Fwp%2Fv2%2Fmedia&parent=140786"}],"wp:term":[{"taxonomy":"category","embeddable":true,"href":"https:\/\/analyse.optim.biz\/index.php?rest_route=%2Fwp%2Fv2%2Fcategories&post=140786"},{"taxonomy":"post_tag","embeddable":true,"href":"https:\/\/analyse.optim.biz\/index.php?rest_route=%2Fwp%2Fv2%2Ftags&post=140786"}],"curies":[{"name":"wp","href":"https:\/\/api.w.org\/{rel}","templated":true}]}}