{"id":140772,"date":"2017-05-29T09:02:16","date_gmt":"2017-05-29T06:02:16","guid":{"rendered":"https:\/\/analyse.optim.biz\/?p=140772"},"modified":"2017-05-29T09:02:16","modified_gmt":"2017-05-29T06:02:16","slug":"alegerile-din-2009-noi-audieri-in-comisia-parlamentara","status":"publish","type":"post","link":"https:\/\/analyse.optim.biz\/?p=140772","title":{"rendered":"Alegerile din 2009 | Noi audieri \u00een comisia parlamentar\u0103"},"content":{"rendered":"<div class=\"entry data-app-meta data-app-meta-article\" data-embed-base-url-canonical=\"https:\/\/www.digi24.ro\/embed\/stiri\/actualitate\/politica\/alegerile-din-2009-noi-audieri-in-comisia-parlamentara-733243\">\n<p data-index=\"1\"><strong>Comisia de anchet\u0103 privind alegerile preziden\u0163iale din 2009 continu\u0103 luni, de la ora 9.00, audierile, primul fiind invitat Mircea Geoan\u0103, care va fi urmat de fosta \u015fef\u0103 a Autorit\u0103\u0163ii Electorale Permanente (AEP), Ana Maria P\u0103tru, \u015fi de secretari de stat din MAI de la vremea respectiv\u0103, informeaz\u0103 <a href=\"https:\/\/www.news.ro\/politic-intern\/comisia-de-ancheta-privind-prezidentialele-din-2009-continua-luni-audierile-mircea-geoana-si-ana-maria-patru-printre-invitati-1922401029002017050617003953\" data-skip-linkfix=\"1\">News.ro.<\/a><\/strong><\/p>\n<figure class=\"article-thumb\"><img decoding=\"async\" src=\"https:\/\/analyse.optim.biz\/wp-content\/uploads\/2024\/09\/ogy5odbkzjljzmu1ztllzmm3nzzjyjgxnwu5ogm-thumb_.jpg\" alt=\"Mircea Geoana Agerpres\" data-skip-htmlfix=\"1\" title=\"ogy5odbkzjljzmu1ztllzmm3nzzjyjgxnwu5ogm-thumb_\"><figcaption> Mircea Geoana \/ FOTO: Agerpres <\/figcaption><\/figure>\n<p data-index=\"2\"><strong>ACTUALIZARE.\u00a0<\/strong>Fosta pre\u015fedint\u0103 a AEP Ana Maria P\u0103tru a trimis o scrisoare comisiei de anchet\u0103 privind alegerile preziden\u0163iale din 2009, \u00een care i-a informat pe membrii acesteia c\u0103 declin\u0103 invita\u0163iala audieri. Detalii, <a href=\"https:\/\/www.digi24.ro\/stiri\/actualitate\/politica\/alegeri-2009-primul-oficial-care-a-refuzat-sa-fie-audiat-de-comisia-de-ancheta-reactii-733398\" target=\"_blank\" rel=\"noopener noreferrer\" data-skip-linkfix=\"1\"><strong>aici.<\/strong><\/a>\u00a0<\/p>\n<p data-index=\"3\"><strong>ACTUALIZARE<\/strong>.\u00a0Fostul candidat PSD la alegerile preziden\u0163iale din 2009 Mircea Geoan\u0103 a declarat, luni, \u00een fa\u0163a Comisiei de anchet\u0103 privind acel scrutin, c\u0103 vizita la Sorin Ovidiu V\u00eentu de dinainte de alegeri a avut un impact \u201emodest\u201d asupra rezultatului, care putea fi acoperit\u0103 de diferen\u0163a mare \u00eentre el \u015fi Traian B\u0103sescu, mult mai important fiind cine \u015fi cum l-a filat \u00eenainte de scrutin. Detalii, <a href=\"https:\/\/www.digi24.ro\/stiri\/actualitate\/politica\/geoana-despre-vizita-la-vintu-interesant-este-cum-am-fost-filat-733307\" target=\"_blank\" rel=\"noopener noreferrer\" data-skip-linkfix=\"1\"><strong>aici.<\/strong><\/a>\u00a0<\/p>\n<hr>\n<p data-index=\"4\">\u201eMai sunt foarte multe \u00eentreb\u0103ri de pus domnului Mircea Geoan\u0103. Comisia a decis ca luni, \u00eencep\u00e2nd cu ora 9.00, s\u0103 relu\u0103m audierea domnului Mircea Geoan\u0103. Vom avea invita\u0163i la comisie pe secretarii de stat din MAI din momentul acela, Mihai Capr\u0103, Tutilescu, F\u0103tuloiu \u015fi va veni la Comisie \u015fi doamna Ana Maria P\u0103tru\u201d, a anun\u0163at pre\u015fedintele Comisiei, Mihai Fifor, la finalul audierilor de s\u0103pt\u0103m\u00e2na trecut\u0103.<\/p>\n<p data-index=\"5\">Mar\u0163i, \u00eencep\u00e2nd cu ora 14.00, vor fi audia\u0163i Vasile Blaga, Marcel Opri\u015f, C\u0103t\u0103lin Predoiu \u015fi Eugen Tomac, iar miercuri, de la ora 9.00, vor fi audia\u0163i Gabriel Oprea, Teodor Baconschi, ambasadorii din Madrid, Chi\u015fin\u0103u \u015fi Roma de la acea vreme, Nicolae On\u0163anu \u015fi Anghel Iord\u0103nescu.<\/p>\n<p data-index=\"6\"><span lang=\"ro-RO\">Membrii Comisiei au decis ini\u0163ial c\u0103 George Maior, directorul SRI \u00een 2009, va fi audiat pe 6 iunie, acesta anun\u0163\u00e2nd ulterior c\u0103 poate veni la audieri pe data de 12 iunie, au declarat, pentru News.ro, surse din cadrul Comisiei.<\/span><\/p>\n<p data-index=\"7\">Cel mai probabil, Florian Coldea \u015fi Laura Codru\u0163a Kovesi vor fi audia\u0163i dup\u0103 data de 6 iunie, o decizie final\u0103 \u00een acest sens nefiind \u00eenc\u0103 luat\u0103.<\/p>\n<p data-index=\"8\">P\u00e2n\u0103 acum, membrii Comisiei de anchet\u0103 privind alegerile preziden\u0163iale din 2009 i-au audiat pe Dan Andronic, Viorel Hrebenciuc, fostul pre\u015fedinte al AEP Octavian Opri\u015f \u015fi vicepre\u015fedintele AEP Marian Muhule\u0163.<\/p>\n<\/div>\n<p> Source URL: https:\/\/www.digi24.ro\/stiri\/actualitate\/politica\/alegerile-din-2009-noi-audieri-in-comisia-parlamentara-733243<\/p>\n","protected":false},"excerpt":{"rendered":"<p>Comisia de anchet\u0103 privind alegerile preziden\u0163iale din 2009 continu\u0103 luni, de la ora 9.00, audierile, primul fiind invitat Mircea Geoan\u0103, care va fi urmat de fosta \u015fef\u0103 a Autorit\u0103\u0163ii Electorale Permanente (AEP), Ana Maria P\u0103tru, \u015fi de secretari de stat din MAI de la vremea respectiv\u0103, informeaz\u0103 News.ro. Mircea Geoana \/ FOTO: Agerpres ACTUALIZARE.\u00a0Fosta pre\u015fedint\u0103 [&hellip;]<\/p>\n","protected":false},"author":1,"featured_media":140773,"comment_status":"open","ping_status":"","sticky":false,"template":"","format":"standard","meta":{"footnotes":""},"categories":[2],"tags":[11],"class_list":["post-140772","post","type-post","status-publish","format-standard","has-post-thumbnail","hentry","category-politics","tag-digi24"],"_links":{"self":[{"href":"https:\/\/analyse.optim.biz\/index.php?rest_route=\/wp\/v2\/posts\/140772","targetHints":{"allow":["GET"]}}],"collection":[{"href":"https:\/\/analyse.optim.biz\/index.php?rest_route=\/wp\/v2\/posts"}],"about":[{"href":"https:\/\/analyse.optim.biz\/index.php?rest_route=\/wp\/v2\/types\/post"}],"author":[{"embeddable":true,"href":"https:\/\/analyse.optim.biz\/index.php?rest_route=\/wp\/v2\/users\/1"}],"replies":[{"embeddable":true,"href":"https:\/\/analyse.optim.biz\/index.php?rest_route=%2Fwp%2Fv2%2Fcomments&post=140772"}],"version-history":[{"count":0,"href":"https:\/\/analyse.optim.biz\/index.php?rest_route=\/wp\/v2\/posts\/140772\/revisions"}],"wp:featuredmedia":[{"embeddable":true,"href":"https:\/\/analyse.optim.biz\/index.php?rest_route=\/wp\/v2\/media\/140773"}],"wp:attachment":[{"href":"https:\/\/analyse.optim.biz\/index.php?rest_route=%2Fwp%2Fv2%2Fmedia&parent=140772"}],"wp:term":[{"taxonomy":"category","embeddable":true,"href":"https:\/\/analyse.optim.biz\/index.php?rest_route=%2Fwp%2Fv2%2Fcategories&post=140772"},{"taxonomy":"post_tag","embeddable":true,"href":"https:\/\/analyse.optim.biz\/index.php?rest_route=%2Fwp%2Fv2%2Ftags&post=140772"}],"curies":[{"name":"wp","href":"https:\/\/api.w.org\/{rel}","templated":true}]}}