{"id":140769,"date":"2017-05-29T09:35:17","date_gmt":"2017-05-29T06:35:17","guid":{"rendered":"https:\/\/analyse.optim.biz\/?p=140769"},"modified":"2017-05-29T09:35:17","modified_gmt":"2017-05-29T06:35:17","slug":"legea-salarizarii-intra-in-dezbaterea-comisiilor-de-specialitate-din-camera-deputatilor","status":"publish","type":"post","link":"https:\/\/analyse.optim.biz\/?p=140769","title":{"rendered":"Legea salariz\u0103rii intr\u0103 \u00een dezbaterea comisiilor de specialitate din Camera Deputa\u0163ilor"},"content":{"rendered":"<div class=\"entry data-app-meta data-app-meta-article\" data-embed-base-url-canonical=\"https:\/\/www.digi24.ro\/embed\/stiri\/actualitate\/social\/proiectul-legii-salarizarii-intra-in-dezbaterea-comisiilor-de-specialitate-din-camera-deputatilor-733269\">\n<p data-index=\"1\"><strong>Proiectul Legii salariz\u0103rii intr\u0103, luni, \u00een dezbaterea comisiilor de specialitate ale Camerei Deputa\u0163ilor, care este for decizional \u00een aceast\u0103 spe\u0163\u0103. Membrii Comisiei de buget urmeaz\u0103 s\u0103 dea, de la ora 14.00, un aviz proiectului, Comisia de munc\u0103 fiind raportoare, potrivit <a href=\"https:\/\/www.news.ro\/politic-intern\/proiectul-legii-salarizarii-intra-in-dezbaterea-comisiilor-de-specialitate-din-camera-deputatilor-care-este-for-decizional-1922402029002017050617003996\" data-skip-linkfix=\"1\">News.ro.<\/a><\/strong><\/p>\n<p data-index=\"2\"><img loading=\"lazy\" decoding=\"async\" class=\"alignnone size-full wp-image-734265\" src=\"https:\/\/analyse.optim.biz\/wp-content\/uploads\/2024\/09\/mdhkodizodvmowe4nwq3zjhinwexnjrjodll-thumb_.jpg\" width=\"580\" height=\"1711\" data-skip-htmlfix=\"1\" title=\"mdhkodizodvmowe4nwq3zjhinwexnjrjodll-thumb_\"><\/p>\n<p data-index=\"3\">Luni se \u00eencheie perioada \u00een care deputa\u0163ii puteau depune amendamente, raportul urm\u00e2nd a fi dat p\u00e2n\u0103 pe 6 iunie.\u00a0Comisia pentru munc\u0103 va da raportul, \u00een timp ce Comisia pentru buget \u015fi cea juridic\u0103 vor fi sesizate pentru avizare.<\/p>\n<p data-index=\"4\">Proiectul a st\u00e2rnit o serie de critici din partea opozi\u0163iei, care a solicitat de dou\u0103 ori ca ministrul de Finan\u0163e, Viorel \u015etefan, s\u0103 fie invitat la \u201eOra Guvernului\u201d, pentru a da explica\u0163ii cu privire la sustenabilitatea implement\u0103rii Legii salariz\u0103rii, cererea fiind respins\u0103 de membrii Biroului Permanent al Camerei Deputa\u0163ilor.<\/p>\n<p data-index=\"5\">Liderul deputa\u0163ilor PSD, Marcel Ciolacu, a argumentat c\u0103 proiectul Legii salariz\u0103rii este o ini\u0163iativ\u0103 parlamentar\u0103, care nu e asumat\u0103 de Guvern, iar ministrul nu este nevoit s\u0103 \u015ftie \u201ec\u00e2t de sustenabil\u0103 este sau nu\u201d.<\/p>\n<p data-index=\"6\">\u201eFiind o ini\u0163iativ\u0103 parlamentar\u0103, dup\u0103 ce va fi aprobat\u0103 aceast\u0103 lege, suntem de acord ca domnul Ministru s\u0103 vin\u0103 \u015fi s\u0103 r\u0103spund\u0103 plenului Parlamentului, legea aprobat\u0103 de c\u0103tre Parlament dac\u0103 este sustenabil\u0103 sau nu. Este un nonsens solicitarea Partidului Na\u0163ional Liberal \u015fi un pic \u00eempotriva firii normale a lucrurilor\u201d, a argumentat deputatul PSD, potrivit stenogramei \u015fedin\u0163ei Biroului Permanent de mar\u0163i.<\/p>\n<p data-index=\"7\">Deputatul PMP Eugen Tomac a spus, la r\u00e2ndul s\u0103u, c\u0103 Legea salariz\u0103rii vizeaz\u0103 \u015fi bugetul \u0163\u0103rii, motiv pentru care este \u201eesen\u0163ial\u201d s\u0103 se primeasc\u0103 un r\u0103spuns din partea ministrului de Finan\u0163e.<\/p>\n<p data-index=\"8\">\u015ei deputatul PNL Victor Paul Dobre a intervenit \u00een discu\u0163ie pentru a afirma c\u0103 este foarte important ca Viorel \u015etefan s\u0103 se pronun\u0163e pe Legea salariz\u0103rii, \u00eenainte de a fi votat\u0103 de plenul Camerei Deputa\u0163ilor, care este for decizional.<\/p>\n<p data-index=\"9\">\u201eVom fi \u00een situa\u0163ia \u00een care, \u015fi v\u0103d aici o cerere ca s\u0103 dezbatem \u00een procedur\u0103 de urgen\u0163\u0103 legea salariz\u0103rii. P\u0103i ca s\u0103 lu\u0103m o decizie pe legea salariz\u0103rii, cred c\u0103 este foarte important ca domnul ministru de Finan\u0163e s\u0103 ne spun\u0103 dac\u0103 poate sus\u0163ine o anvelop\u0103 salarial\u0103 de 32 de miliarde de lei. Este cifra avansat\u0103 de Guvern\u201d, a subliniat viceliderul deputa\u0163ilor PNL.<\/p>\n<p data-index=\"10\">Plenul Senatului a aprobat, s\u0103pt\u0103m\u00e2na trecut\u0103, Legea salariz\u0103rii, cu 85 de voturi \u201dpentru\u201d, 10 voturi \u201d\u00eempotriv\u0103\u201d \u015fi 12 ab\u0163ineri. Plenul Senatului a aprobat legea salariz\u0103rii f\u0103r\u0103 a admite niciunul dintre amendamentele respinse de Comisia de munc\u0103.<\/p>\n<p data-index=\"11\">Proiectul a fost dezb\u0103tut doar trei zile \u00een comisie la Senat \u015fi este de a\u015fteptat ca \u015fi la Camera Deputa\u0163ilor s\u0103 treac\u0103 rapid.<\/p>\n<\/div>\n<p> Source URL: https:\/\/www.digi24.ro\/stiri\/actualitate\/social\/proiectul-legii-salarizarii-intra-in-dezbaterea-comisiilor-de-specialitate-din-camera-deputatilor-733269<\/p>\n","protected":false},"excerpt":{"rendered":"<p>Proiectul Legii salariz\u0103rii intr\u0103, luni, \u00een dezbaterea comisiilor de specialitate ale Camerei Deputa\u0163ilor, care este for decizional \u00een aceast\u0103 spe\u0163\u0103. Membrii Comisiei de buget urmeaz\u0103 s\u0103 dea, de la ora 14.00, un aviz proiectului, Comisia de munc\u0103 fiind raportoare, potrivit News.ro. Luni se \u00eencheie perioada \u00een care deputa\u0163ii puteau depune amendamente, raportul urm\u00e2nd a fi [&hellip;]<\/p>\n","protected":false},"author":1,"featured_media":140770,"comment_status":"open","ping_status":"","sticky":false,"template":"","format":"standard","meta":{"footnotes":""},"categories":[2],"tags":[11],"class_list":["post-140769","post","type-post","status-publish","format-standard","has-post-thumbnail","hentry","category-politics","tag-digi24"],"_links":{"self":[{"href":"https:\/\/analyse.optim.biz\/index.php?rest_route=\/wp\/v2\/posts\/140769","targetHints":{"allow":["GET"]}}],"collection":[{"href":"https:\/\/analyse.optim.biz\/index.php?rest_route=\/wp\/v2\/posts"}],"about":[{"href":"https:\/\/analyse.optim.biz\/index.php?rest_route=\/wp\/v2\/types\/post"}],"author":[{"embeddable":true,"href":"https:\/\/analyse.optim.biz\/index.php?rest_route=\/wp\/v2\/users\/1"}],"replies":[{"embeddable":true,"href":"https:\/\/analyse.optim.biz\/index.php?rest_route=%2Fwp%2Fv2%2Fcomments&post=140769"}],"version-history":[{"count":0,"href":"https:\/\/analyse.optim.biz\/index.php?rest_route=\/wp\/v2\/posts\/140769\/revisions"}],"wp:featuredmedia":[{"embeddable":true,"href":"https:\/\/analyse.optim.biz\/index.php?rest_route=\/wp\/v2\/media\/140770"}],"wp:attachment":[{"href":"https:\/\/analyse.optim.biz\/index.php?rest_route=%2Fwp%2Fv2%2Fmedia&parent=140769"}],"wp:term":[{"taxonomy":"category","embeddable":true,"href":"https:\/\/analyse.optim.biz\/index.php?rest_route=%2Fwp%2Fv2%2Fcategories&post=140769"},{"taxonomy":"post_tag","embeddable":true,"href":"https:\/\/analyse.optim.biz\/index.php?rest_route=%2Fwp%2Fv2%2Ftags&post=140769"}],"curies":[{"name":"wp","href":"https:\/\/api.w.org\/{rel}","templated":true}]}}