{"id":140766,"date":"2017-05-29T10:12:07","date_gmt":"2017-05-29T07:12:07","guid":{"rendered":"https:\/\/analyse.optim.biz\/?p=140766"},"modified":"2017-05-29T10:12:07","modified_gmt":"2017-05-29T07:12:07","slug":"geoana-despre-vizita-la-vintu-interesant-este-cine-m-a-filat","status":"publish","type":"post","link":"https:\/\/analyse.optim.biz\/?p=140766","title":{"rendered":"Geoan\u0103, despre vizita la V\u00eentu: Interesant este cine m-a filat"},"content":{"rendered":"<div class=\"entry data-app-meta data-app-meta-article\" data-embed-base-url-canonical=\"https:\/\/www.digi24.ro\/embed\/stiri\/actualitate\/politica\/geoana-despre-vizita-la-vintu-interesant-este-cum-am-fost-filat-733307\">\n<p data-index=\"1\"><strong>Fostul candidat PSD la alegerile preziden\u0163iale din 2009 Mircea Geoan\u0103 a declarat, luni, \u00een fa\u0163a Comisiei de anchet\u0103 privind acel scrutin, c\u0103 vizita la Sorin Ovidiu V\u00eentu de dinainte de alegeri a avut un impact \u201emodest\u201d asupra rezultatului scrutinului, mult mai important fiind cine \u015fi cum l-a filat, informeaz\u0103 <a href=\"https:\/\/www.news.ro\/politic-intern\/geoana-vizita-la-vintu-din-2009-a-avut-un-impact-modest-in-alegeri-mai-interesant-de-vazut-este-cum-am-fost-filat-1922415629172017050917004432\" data-skip-linkfix=\"1\">News.ro.<\/a><\/strong><\/p>\n<figure class=\"article-thumb\"><img decoding=\"async\" src=\"https:\/\/analyse.optim.biz\/wp-content\/uploads\/2024\/09\/pwiyowq4zmmxnzdhzgy3nzq3ntu0nzqzzta2mwm5nte1-thumb_.jpg\" alt=\"vintu sov agerpres_4645398\" data-skip-htmlfix=\"1\" title=\"pwiyowq4zmmxnzdhzgy3nzq3ntu0nzqzzta2mwm5nte1-thumb_\"><figcaption> Sorin Ovidiu V\u00e2ntu \/ FOTO: Agerpres <\/figcaption><\/figure>\n<p data-index=\"2\">Geoan\u0103 a fost \u00eentrebat c\u00e2t a contat \u00een rezultatul alegerilor vizita la Sorin Ovidiu V\u00eentu de c\u0103tre deputatul PMP Robert Turcescu &#8211; cel care, ca moderator al ultimei dezbateri televizate, i-a adresat aceast\u0103 \u00eentrebare fostului lider PSD \u00een 2009.<\/p>\n<p data-index=\"3\">\u201eC\u00e2t de mult sau c\u00e2t de pu\u0163in a contat vizita mea \u00een seara de dinainte este o chestiune, \u00eenc\u0103 o dat\u0103, subiectiv\u0103. Eu cred c\u0103 a contat pu\u0163in, c\u0103 a fost un pretext. Cred c\u0103 este mai interesant de v\u0103zut cine st\u0103tea pe urmele unui candidat preziden\u0163ial, cu o noapte \u00eenainte, f\u0103c\u00e2nd astfel de poze. Asta cred c\u0103 e mai interesant din punctul meu de vedere pentru o eventual\u0103 investiga\u0163ie. Erau ni\u015fte jurnali\u015fti bine inten\u0163iona\u0163i. Erau al\u0163ii. Filierea \u00een care a ajuns aceast\u0103 chestiune mi se pare mai relevant\u0103 pentru discu\u0163ia de ast\u0103zi dec\u00e2t op\u0163iunea mea, inspirat\u0103 sau mai pu\u0163in inspirat\u0103, de a face aceast\u0103 vizit\u0103\u201d, a r\u0103spuns Mircea Geoan\u0103.<\/p>\n<p data-index=\"4\">El a afirmat c\u0103 este \u201eciudat\u201d faptul c\u0103 a fost \u201efilat\u201d \u00eenainte de alegeri, f\u0103r\u0103 s\u0103 \u015ftie cine a comandat urm\u0103rirea sa, \u00eens\u0103 a repetat c\u0103 impactul vizitei \u00een alegeri a fost redus.<\/p>\n<p data-index=\"5\">\u201e\u00cen opinia mea, \u015fi v\u0103 spun asta la distan\u0163a \u015fi cu calmul, \u015fi f\u0103r\u0103 nicio inten\u0163ie de revenire \u00een politica rom\u00e2neasc\u0103, c\u0103 a fost un pretext, a fost folosit, \u015fi care a avut un impact, din punctul meu de vedere, modest. (&#8230;) Diferen\u0163a de voturi era mai mult dec\u00e2t acoperitoare pentru orice eventual impact negativ al vizitei mele \u00een acea sear\u0103\u201d, a spus el.<\/p>\n<p data-index=\"6\">Fostul candidat PSD a afirmat c\u0103 nu a primit \u00een acea perioad\u0103 informa\u0163ii din partea staff-ului s\u0103u de campanie c\u0103 ar fi filat, \u015fi nici din partea SPP. \u201e\u00cen perioada campaniei am \u015fi renun\u0163at la protec\u0163ia SPP. Eu am anun\u0163at SPP cu privire la faptul c\u0103 \u00een campanie (nu vreau protec\u0163ie &#8211; n.r.). De ce am f\u0103cut-o, e un lucru pe care putem s\u0103 \u00eel coment\u0103m\u201d, a precizat fostul social-democrat.<\/p>\n<p data-index=\"7\">Geoan\u0103 a fost \u00eentrebat \u015fi despre sondajul despre care a vorbit \u015fi fostul \u015fef al campaniei PSD, Viorel Hrebenciuc, realizat \u00eenainte de alegeri, pe un e\u015fantion de 12.000 de persoane, contestat de unii membri ai Comisiei de anchet\u0103, av\u00e2nd \u00een vedere dimensiunea e\u015fantionului. Geoan\u0103 a spus c\u0103 acel sondaj a fost realizat de CURS.<\/p>\n<p data-index=\"8\">\u201eA existat un sondaj, nu \u015ftiu c\u00e2t de masiv a fost, nu mai \u0163in minte pe ce num\u0103r de subiec\u0163i. A fost f\u0103cut cu o companie local\u0103, cu CURS, dac\u0103 nu m\u0103 \u00een\u015fel. Am avut \u015fi o echip\u0103 de consultan\u0163i din SUA care a lucrat cu noi \u015fi cu care am f\u0103cut, cum se face \u00een orice campanie, cercetare sociologic\u0103 \u015fi de unde, \u00eentr-un fel, \u015fi \u00eencrederea noastr\u0103 \u015fi poate \u015fi modul meu efuziv de a m\u0103 exprima dup\u0103 anun\u0163ul exit-poll-urilor\u201d, a explicat Geoan\u0103.<\/p>\n<p data-index=\"9\">Fostul \u015fef de campanie al PSD, Viorel Hrebenciuc, a afirmat \u00eens\u0103, \u00een cadrul audierilor, c\u0103 au ap\u0103rut schimb\u0103ri \u00een sondaje \u00een urma vizitei lui Geoan\u0103. El a spus c\u0103 \u00een ultima s\u0103pt\u0103m\u00e2n\u0103 de dinaintea alegerilor preziden\u0163iale Mircea Geoan\u0103 avea \u00een sondaje 54%, \u00een timp ce Traian B\u0103sescu avea 46%, \u00eensemn\u00e2nd un plus de 600.000 de voturi pentru PSD. El a indicat, indirect, c\u0103 lucrurile s-au schimbat dup\u0103 ultima dezbatere televizat\u0103, \u00een cadrul c\u0103reia Geoan\u0103 a fost pus \u00een fa\u0163a informa\u0163iilor privind vizita sa la omul de afaceri Sorin Ovidiu V\u00eentu.<\/p>\n<\/div>\n<p> Source URL: https:\/\/www.digi24.ro\/stiri\/actualitate\/politica\/geoana-despre-vizita-la-vintu-interesant-este-cum-am-fost-filat-733307<\/p>\n","protected":false},"excerpt":{"rendered":"<p>Fostul candidat PSD la alegerile preziden\u0163iale din 2009 Mircea Geoan\u0103 a declarat, luni, \u00een fa\u0163a Comisiei de anchet\u0103 privind acel scrutin, c\u0103 vizita la Sorin Ovidiu V\u00eentu de dinainte de alegeri a avut un impact \u201emodest\u201d asupra rezultatului scrutinului, mult mai important fiind cine \u015fi cum l-a filat, informeaz\u0103 News.ro. Sorin Ovidiu V\u00e2ntu \/ FOTO: [&hellip;]<\/p>\n","protected":false},"author":1,"featured_media":140767,"comment_status":"open","ping_status":"","sticky":false,"template":"","format":"standard","meta":{"footnotes":""},"categories":[2],"tags":[11],"class_list":["post-140766","post","type-post","status-publish","format-standard","has-post-thumbnail","hentry","category-politics","tag-digi24"],"_links":{"self":[{"href":"https:\/\/analyse.optim.biz\/index.php?rest_route=\/wp\/v2\/posts\/140766","targetHints":{"allow":["GET"]}}],"collection":[{"href":"https:\/\/analyse.optim.biz\/index.php?rest_route=\/wp\/v2\/posts"}],"about":[{"href":"https:\/\/analyse.optim.biz\/index.php?rest_route=\/wp\/v2\/types\/post"}],"author":[{"embeddable":true,"href":"https:\/\/analyse.optim.biz\/index.php?rest_route=\/wp\/v2\/users\/1"}],"replies":[{"embeddable":true,"href":"https:\/\/analyse.optim.biz\/index.php?rest_route=%2Fwp%2Fv2%2Fcomments&post=140766"}],"version-history":[{"count":0,"href":"https:\/\/analyse.optim.biz\/index.php?rest_route=\/wp\/v2\/posts\/140766\/revisions"}],"wp:featuredmedia":[{"embeddable":true,"href":"https:\/\/analyse.optim.biz\/index.php?rest_route=\/wp\/v2\/media\/140767"}],"wp:attachment":[{"href":"https:\/\/analyse.optim.biz\/index.php?rest_route=%2Fwp%2Fv2%2Fmedia&parent=140766"}],"wp:term":[{"taxonomy":"category","embeddable":true,"href":"https:\/\/analyse.optim.biz\/index.php?rest_route=%2Fwp%2Fv2%2Fcategories&post=140766"},{"taxonomy":"post_tag","embeddable":true,"href":"https:\/\/analyse.optim.biz\/index.php?rest_route=%2Fwp%2Fv2%2Ftags&post=140766"}],"curies":[{"name":"wp","href":"https:\/\/api.w.org\/{rel}","templated":true}]}}