{"id":140755,"date":"2017-05-29T10:21:02","date_gmt":"2017-05-29T07:21:02","guid":{"rendered":"https:\/\/analyse.optim.biz\/?p=140755"},"modified":"2017-05-29T10:21:02","modified_gmt":"2017-05-29T07:21:02","slug":"premierul-intervine-in-disputa-dintre-arafat-si-ministrul-sanatatii","status":"publish","type":"post","link":"https:\/\/analyse.optim.biz\/?p=140755","title":{"rendered":"Premierul intervine \u00een disputa dintre Arafat \u0219i ministrul s\u0103n\u0103t\u0103\u021bii"},"content":{"rendered":"<div class=\"entry data-app-meta data-app-meta-article\" data-embed-base-url-canonical=\"https:\/\/www.digi24.ro\/embed\/stiri\/actualitate\/sanatate\/premierul-intervine-in-disputa-dintre-arafat-si-ministrul-sanatatii-733314\">\n<p data-index=\"1\"><strong>Premierul Rom\u00e2niei intervine \u00een <a href=\"https:\/\/www.digi24.ro\/stiri\/actualitate\/sanatate\/raed-arafat-il-critica-pe-ministrul-sanatatii-privind-achizitia-ambulantelor-pentru-smurd-732868\" target=\"_blank\" rel=\"noopener noreferrer\" data-skip-linkfix=\"1\">scandalul dintre ministrul s\u0103n\u0103t\u0103\u0163ii \u015fi Raed Arafat<\/a>, pe tema cump\u0103r\u0103rii a peste 3.000 de ambulan\u0163e noi. Cei doi sunt a\u015ftepta\u0163i luni la Guvern pentru discu\u0163ii.<\/strong><\/p>\n<p data-index=\"2\">\u015eeful Departamentului pentru Situa\u0163ii de Urgen\u0163\u0103 acuz\u0103 Ministerul S\u0103n\u0103t\u0103\u0163ii c\u0103 saboteaz\u0103 cump\u0103rarea salv\u0103rilor \u015fi spune c\u0103 o licita\u0163ie pe care Inspectoratul pentru Situa\u0163ii de Urgen\u0163\u0103 ar putea s\u0103 o fac\u0103 \u00een cel mult 30 de zile a fost blocat\u0103.<\/p>\n<p data-index=\"3\"><span lang=\"ro-RO\">Raed Arafat \u015fi Florian Bodog se \u00eent\u00e2lnesc luni, la ora 12:00, cu premierul Sorin Grindeanu. \u015eeful Departamentului pentru Situa\u0163ii de Urgen\u0163\u0103 \u015fi ministrul S\u0103n\u0103t\u0103\u0163ii s-au acuzat reciproc de blocarea licita\u0163iei pentru cump\u0103rarea a 3.000 de noi ambulan\u0163e. Florian Bodog a declarat, \u00een aceast\u0103 diminea\u0163\u0103, c\u0103 procedura va fi reluat\u0103 dup\u0103 ce institu\u0163iile vor semna un nou protocol.<\/span><\/p>\n<p data-index=\"4\">Achizi\u0163ia a peste 3000 de noi ambulan\u0163e este motivul disput\u0103 \u00eentre Ministerul S\u0103n\u0103t\u0103\u0163ii \u015fi Raed Arafat. \u015eeful Departamentului pentru Situa\u0163ii de Urgen\u0163\u0103 acuz\u0103 Ministerul S\u0103n\u0103t\u0103\u0163ii c\u0103 saboteaz\u0103 cump\u0103rarea salv\u0103rilor \u015fi spune c\u0103 o licita\u0163ie pe care IGSU ar putea s\u0103 o fac\u0103 \u00een cel mult 30 de zile a fost blocat\u0103.<\/p>\n<p data-index=\"5\">Florian Bodog, ministrul S\u0103n\u0103t\u0103\u0163ii, sugereaz\u0103 \u00eens\u0103 c\u0103 procedura nu ar fi respectat toate prevederile legale \u015fi vrea refacerea protocolului \u00eencheiat anul trecut \u00eentre cele dou\u0103 institu\u0163ii.<\/p>\n<p data-index=\"6\">\u201eTrebuie s\u0103 \u00eenlocuim sute de ambulan\u0163e, dar trebuie s\u0103 \u00eencepem c\u00e2t mai repede. Cel mai important lucru este eligibilitatea IGSU la fonduri europene, spre deosebire de Ministerul S\u0103n\u0103t\u0103\u021bii. (&#8230;) Solu\u0163ia cu care se vine acum nu face dec\u00e2t s\u0103 ne \u00eent\u00e2rzie, s\u0103 ne duc\u0103 \u00eentr-o procedur\u0103 nou-nou\u0163\u0103. Primele ambulan\u0163e noi nu le vom vedea nici m\u0103car p\u00e2n\u0103 la jum\u0103tatea anului viitor\u201d, a declarat la Digi24 Raed Arafat.<\/p>\n<p data-index=\"7\"><span lang=\"ro-RO\">\u00cen februarie, au fost deschise cele 22 de oferte primite \u00een baza licita\u0163iei organizate pe vechiul protocol, \u00eens\u0103 procedura a fost contestat\u0103. Tocmai acest moment este invocat de ministrul S\u0103n\u0103t\u0103\u0163ii. <\/span><\/p>\n<p data-index=\"8\">\u201eSingurul lucru de care doresc s\u0103 m\u0103 asigur este c\u0103 aceast\u0103 achizi\u0163ie se desf\u0103\u015foar\u0103 legal. Eu am punctul de vedere de la ANAF c\u0103 protocolul nu mai e valabil, nu exist\u0103 nicio h\u00e2rtie sau garan\u0163ie c\u0103 urm\u0103toarea procedur\u0103 va dura 30 de zile, pentru c\u0103 comisia noastr\u0103 are foarte multe observa\u0163ii, practic caietul de sarcini se va modifica\u201d, a explicat ministrul s\u0103n\u0103t\u0103\u021bii.<\/p>\n<p data-index=\"9\">\u201eS\u0103 \u00ee\u015fi asume responsabilitatea cei care semneaz\u0103 c\u00e2nd mor oameni, pentru c\u0103 nu avem ambulan\u0163e\u201d, a acuzat Raed Arafat.<\/p>\n<p data-index=\"10\">\u00cen Bucure\u015fti, din 48 de autospeciale SMURD, doar jum\u0103tate sunt func\u0163ionale acum, iar restul sunt \u00een repara\u0163ii.<\/p>\n<\/div>\n<p> Source URL: https:\/\/www.digi24.ro\/stiri\/actualitate\/sanatate\/premierul-intervine-in-disputa-dintre-arafat-si-ministrul-sanatatii-733314<\/p>\n","protected":false},"excerpt":{"rendered":"<p>Premierul Rom\u00e2niei intervine \u00een scandalul dintre ministrul s\u0103n\u0103t\u0103\u0163ii \u015fi Raed Arafat, pe tema cump\u0103r\u0103rii a peste 3.000 de ambulan\u0163e noi. Cei doi sunt a\u015ftepta\u0163i luni la Guvern pentru discu\u0163ii. \u015eeful Departamentului pentru Situa\u0163ii de Urgen\u0163\u0103 acuz\u0103 Ministerul S\u0103n\u0103t\u0103\u0163ii c\u0103 saboteaz\u0103 cump\u0103rarea salv\u0103rilor \u015fi spune c\u0103 o licita\u0163ie pe care Inspectoratul pentru Situa\u0163ii de Urgen\u0163\u0103 ar [&hellip;]<\/p>\n","protected":false},"author":1,"featured_media":140756,"comment_status":"open","ping_status":"","sticky":false,"template":"","format":"standard","meta":{"footnotes":""},"categories":[2],"tags":[11],"class_list":["post-140755","post","type-post","status-publish","format-standard","has-post-thumbnail","hentry","category-politics","tag-digi24"],"_links":{"self":[{"href":"https:\/\/analyse.optim.biz\/index.php?rest_route=\/wp\/v2\/posts\/140755","targetHints":{"allow":["GET"]}}],"collection":[{"href":"https:\/\/analyse.optim.biz\/index.php?rest_route=\/wp\/v2\/posts"}],"about":[{"href":"https:\/\/analyse.optim.biz\/index.php?rest_route=\/wp\/v2\/types\/post"}],"author":[{"embeddable":true,"href":"https:\/\/analyse.optim.biz\/index.php?rest_route=\/wp\/v2\/users\/1"}],"replies":[{"embeddable":true,"href":"https:\/\/analyse.optim.biz\/index.php?rest_route=%2Fwp%2Fv2%2Fcomments&post=140755"}],"version-history":[{"count":0,"href":"https:\/\/analyse.optim.biz\/index.php?rest_route=\/wp\/v2\/posts\/140755\/revisions"}],"wp:featuredmedia":[{"embeddable":true,"href":"https:\/\/analyse.optim.biz\/index.php?rest_route=\/wp\/v2\/media\/140756"}],"wp:attachment":[{"href":"https:\/\/analyse.optim.biz\/index.php?rest_route=%2Fwp%2Fv2%2Fmedia&parent=140755"}],"wp:term":[{"taxonomy":"category","embeddable":true,"href":"https:\/\/analyse.optim.biz\/index.php?rest_route=%2Fwp%2Fv2%2Fcategories&post=140755"},{"taxonomy":"post_tag","embeddable":true,"href":"https:\/\/analyse.optim.biz\/index.php?rest_route=%2Fwp%2Fv2%2Ftags&post=140755"}],"curies":[{"name":"wp","href":"https:\/\/api.w.org\/{rel}","templated":true}]}}