{"id":140752,"date":"2017-05-29T12:02:45","date_gmt":"2017-05-29T09:02:45","guid":{"rendered":"https:\/\/analyse.optim.biz\/?p=140752"},"modified":"2017-05-29T12:02:45","modified_gmt":"2017-05-29T09:02:45","slug":"alegeri-2009-primul-oficial-care-a-refuzat-sa-fie-audiat-seful-comisiei-intrebat-ce-i-de-facut","status":"publish","type":"post","link":"https:\/\/analyse.optim.biz\/?p=140752","title":{"rendered":"Alegeri 2009 | Primul oficial care a refuzat s\u0103 fie audiat. \u015eeful comisiei, \u00eentrebat ce-i de f\u0103cut"},"content":{"rendered":"<div class=\"entry data-app-meta data-app-meta-article\" data-embed-base-url-canonical=\"https:\/\/www.digi24.ro\/embed\/stiri\/actualitate\/politica\/alegeri-2009-primul-oficial-care-a-refuzat-sa-fie-audiat-de-comisia-de-ancheta-reactii-733398\">\n<p data-index=\"1\"><strong>Fosta pre\u015fedint\u0103 a AEP Ana Maria P\u0103tru a trimis o scrisoare comisiei de anchet\u0103 privind alegerile preziden\u0163iale din 2009, \u00een care i-a informat pe membrii acesteia c\u0103 declin\u0103 invita\u0163iala audieri. Ea era a\u015fteptat\u0103 luni la comisia de anchet\u0103, potrivit News.ro.<\/strong><\/p>\n<figure class=\"article-thumb\"><img decoding=\"async\" src=\"https:\/\/analyse.optim.biz\/wp-content\/uploads\/2024\/09\/c2g9yzniotllzgq5odm1mtewzwfmnmy2nzviymyxntkxyte-thumb_.jpg\" alt=\"ana maria patru\" data-skip-htmlfix=\"1\" title=\"c2g9yzniotllzgq5odm1mtewzwfmnmy2nzviymyxntkxyte-thumb_\"><figcaption> FOTO: Inquam Photos\/ Octav Ganea <\/figcaption><\/figure>\n<p data-index=\"2\">\u201eV-am distribuit scrisoarea doamnei Ana Maria P\u0103tru. Declin\u0103 prezen\u0163a la lucr\u0103rile comisiei \u015fi ne trimite un document pe care v\u0103 rog s\u0103 \u00eel analiza\u0163i \u015fi o s\u0103 discut\u0103m ulterior\u201d, i-a informat Mihai Fifor pe membrii comisiei.<\/p>\n<p data-index=\"3\">Senatorul USR Mihai Go\u0163iu a \u00eentrebat ce se poate face \u00een cazul \u00een care Ana Maria P\u0103tru refuz\u0103 s\u0103 vin\u0103 la audieri, Fifor spun\u00e2nd c\u0103 la finalul \u015fedin\u0163ei se va lua o decizie \u00een acest sens.\u00a0<\/p>\n<p data-index=\"4\">\u201eHot\u0103r\u00e2rea spune foarte clar ce putem face, rug\u0103mintea mea este s\u0103 ne uit\u0103m peste materialul trimis \u015fi la finele \u015fedin\u0163ei de azi discut\u0103m \u015fi lu\u0103m o decizie\u201d, a precizat pre\u015fedintele Comisiei de anchet\u0103 privind alegerile preziden\u0163iale din 2009.\u00a0<\/p>\n<p data-index=\"5\">Ana Maria P\u0103tru este prima persoan\u0103 invitat\u0103 la audieri care nu se prezint\u0103, p\u00e2n\u0103 acum fiind audia\u0163i\u00a0Dan Andronic, Viorel Hrebenciuc, fostul pre\u015fedinte al AEP Octavian Opri\u015f, vicepre\u015fedintele AEP Marian Muhule\u0163 \u015fi Mircea Geoan\u0103.\u00a0<\/p>\n<p data-index=\"6\">Comisia de anchet\u0103 privind alegerile preziden\u0163iale din 2009 a continuat luni, de la ora 9.00, audierile. Primul invitat a fost Mircea Geoan\u0103, care, potrivit agendei, ar fi trebuit s\u0103 fie urmat de fosta \u015fef\u0103 a Autorit\u0103\u0163ii Electorale Permanente (AEP), Ana Maria P\u0103tru. Mai sunt programa\u0163i secretari de stat din MAI de la vremea respectiv\u0103, informeaz\u0103 <a href=\"https:\/\/www.news.ro\/politic-intern\/comisia-de-ancheta-privind-prezidentialele-din-2009-continua-luni-audierile-mircea-geoana-si-ana-maria-patru-printre-invitati-1922401029002017050617003953\" target=\"_blank\" rel=\"noopener noreferrer\" data-skip-linkfix=\"1\">News.ro.<\/a><\/p>\n<p data-index=\"7\">Fostul candidat PSD la alegerile preziden\u0163iale din 2009 <a href=\"https:\/\/www.digi24.ro\/stiri\/actualitate\/politica\/geoana-despre-vizita-la-vintu-interesant-este-cum-am-fost-filat-733307\" data-skip-linkfix=\"1\">Mircea Geoan\u0103 a declarat<\/a>, luni, \u00een fa\u0163a Comisiei de anchet\u0103 privind acel scrutin, c\u0103 vizita la Sorin Ovidiu V\u00eentu de dinainte de alegeri a avut un impact \u201emodest\u201d asupra rezultatului scrutinului, mult mai important fiind cine \u015fi cum l-a filat.<\/p>\n<p data-index=\"8\">Cu nici o lun\u0103 \u00eenaintea alegerilor parlamentare de anul trecut, Autoritatea Electoral\u0103 Permanent\u0103 r\u0103m\u00e2nea f\u0103r\u0103 \u015fef. Ana Maria P\u0103tru, pre\u015fedinta institu\u0163iei, a fost re\u021binut\u0103 pentru 24 de ore \u0219i \u0219i-a anun\u021bat demisia prin intermediul avocatului. Procurorii DNA Ploie\u015fti suspectau la acea dat\u0103 c\u0103 softurile institu\u0163iei au fost cump\u0103rate de la o firm\u0103 preferat\u0103 de \u015fefa institu\u0163iei. Contractele nu ar fi fost date degeaba, ci \u00een schimbul unui autoturism de lux \u015fi a unui apartament. Ana Maria P\u0103tru este urm\u0103rit\u0103 penal pentru trei infrac\u021biuni de trafic de influen\u021b\u0103 \u0219i dou\u0103 de sp\u0103lare de bani. Detalii, <a href=\"https:\/\/www.digi24.ro\/stiri\/actualitate\/justitie\/sefa-aep-pusa-sub-acuzare-ar-fi-primit-o-masina-de-lux-si-un-apartament-613211\" data-skip-linkfix=\"1\">AICI<\/a>.<\/p>\n<\/div>\n<p> Source URL: https:\/\/www.digi24.ro\/stiri\/actualitate\/politica\/alegeri-2009-primul-oficial-care-a-refuzat-sa-fie-audiat-de-comisia-de-ancheta-reactii-733398<\/p>\n","protected":false},"excerpt":{"rendered":"<p>Fosta pre\u015fedint\u0103 a AEP Ana Maria P\u0103tru a trimis o scrisoare comisiei de anchet\u0103 privind alegerile preziden\u0163iale din 2009, \u00een care i-a informat pe membrii acesteia c\u0103 declin\u0103 invita\u0163iala audieri. Ea era a\u015fteptat\u0103 luni la comisia de anchet\u0103, potrivit News.ro. FOTO: Inquam Photos\/ Octav Ganea \u201eV-am distribuit scrisoarea doamnei Ana Maria P\u0103tru. Declin\u0103 prezen\u0163a la [&hellip;]<\/p>\n","protected":false},"author":1,"featured_media":140753,"comment_status":"open","ping_status":"","sticky":false,"template":"","format":"standard","meta":{"footnotes":""},"categories":[2],"tags":[11],"class_list":["post-140752","post","type-post","status-publish","format-standard","has-post-thumbnail","hentry","category-politics","tag-digi24"],"_links":{"self":[{"href":"https:\/\/analyse.optim.biz\/index.php?rest_route=\/wp\/v2\/posts\/140752","targetHints":{"allow":["GET"]}}],"collection":[{"href":"https:\/\/analyse.optim.biz\/index.php?rest_route=\/wp\/v2\/posts"}],"about":[{"href":"https:\/\/analyse.optim.biz\/index.php?rest_route=\/wp\/v2\/types\/post"}],"author":[{"embeddable":true,"href":"https:\/\/analyse.optim.biz\/index.php?rest_route=\/wp\/v2\/users\/1"}],"replies":[{"embeddable":true,"href":"https:\/\/analyse.optim.biz\/index.php?rest_route=%2Fwp%2Fv2%2Fcomments&post=140752"}],"version-history":[{"count":0,"href":"https:\/\/analyse.optim.biz\/index.php?rest_route=\/wp\/v2\/posts\/140752\/revisions"}],"wp:featuredmedia":[{"embeddable":true,"href":"https:\/\/analyse.optim.biz\/index.php?rest_route=\/wp\/v2\/media\/140753"}],"wp:attachment":[{"href":"https:\/\/analyse.optim.biz\/index.php?rest_route=%2Fwp%2Fv2%2Fmedia&parent=140752"}],"wp:term":[{"taxonomy":"category","embeddable":true,"href":"https:\/\/analyse.optim.biz\/index.php?rest_route=%2Fwp%2Fv2%2Fcategories&post=140752"},{"taxonomy":"post_tag","embeddable":true,"href":"https:\/\/analyse.optim.biz\/index.php?rest_route=%2Fwp%2Fv2%2Ftags&post=140752"}],"curies":[{"name":"wp","href":"https:\/\/api.w.org\/{rel}","templated":true}]}}