{"id":1407249,"date":"2026-01-25T20:00:00","date_gmt":"2026-01-25T17:00:00","guid":{"rendered":"https:\/\/analyse.optim.biz\/?p=1407249"},"modified":"2026-01-25T20:00:00","modified_gmt":"2026-01-25T17:00:00","slug":"le-relazioni-pericolose-del-pd-un-certo-abu-omar-in-prima-fila-al-convegno-dem-fdi-schlein-chiarisca","status":"publish","type":"post","link":"https:\/\/analyse.optim.biz\/?p=1407249","title":{"rendered":"Le relazioni pericolose del Pd: un certo Abu Omar in prima fila al convegno dem. FdI: &#8220;Schlein chiarisca&#8221;"},"content":{"rendered":"<article id=\"post-1523552\" class=\"post-1523552 post type-post status-publish format-standard has-post-thumbnail hentry category-politica posizione-editoriale-apertura\">\n<div>\n<figure class=\"evidence-wrapper\"><img loading=\"lazy\" decoding=\"async\" width=\"860\" height=\"358\" src=\"https:\/\/analyse.optim.biz\/wp-content\/uploads\/2026\/01\/schlein-hamas-pd-abu-omar-860x358-1.jpg\" class=\"attachment-single size-single wp-post-image\" alt=\"Le relazioni pericolose del Pd: un certo Abu Omar in prima fila al convegno dem. FdI: \u201cSchlein chiarisca\u201d\" title=\"Le relazioni pericolose del Pd: un certo Abu Omar in prima fila al convegno dem. FdI: \u201cSchlein chiarisca\u201d\"><\/figure>\n<p class=\"occhiello\">&#8220;Indagato per terrorismo&#8221;<\/p>\n<h1>Le relazioni pericolose del Pd: un certo Abu Omar in prima fila al convegno dem. FdI: \u201cSchlein chiarisca\u201d<\/h1>\n<div class=\"info-condivisione\">\n<div>\n<p><span class=\"categoria\">Politica<\/span><\/p>\n<p>\t\t\t\t\t &#8211; di <span class=\"autore\">Giovanni Pasero<\/span> &#8211; <span class=\"data\">25 Gennaio 2026 alle 21:00<\/span><\/p>\n<\/div>\n<\/div>\n<div class=\"contenuto\">\n<p>Grosso guaio per il Pd e per la sua segretaria<strong> Elly Schlein:<\/strong> come ricostruisce <a href=\"https:\/\/www.ilgiornale.it\/\" target=\"_blank\" rel=\"noopener\"><em>Il Giornale<\/em><\/a>c\u2019era un ospite ingombrante al convegno del 22 gennaio promosso dai Dem presso la sala Berlinguer della Camera, dove si si commemorava il 61\u00b0 anniversario di <strong>Al Fatah.<\/strong><\/p>\n<h2>Chi \u00e8 Abu Omar<\/h2>\n<p>In prima fila, accanto a volti storici della sinistra come Massimo D\u2019Alema, c\u2019era anche A<strong>bu Omar (alias di Ahmad Mohammad Suleiman Mousa)<\/strong> che, secondo quanto riporta il quotidiano diretto da Tommaso Cerno, \u00e8 stato perquisito e iscritto nel registro degli indagati per il reato 270 bis, che punisce la creazione, promozione, organizzazione, direzione o finanziamento di associazioni finalizzate al terrorismo (anche internazionale). \u00c8, infatti, uno dei protagonisti della maxi inchiesta \u201c<em>Domino<\/em>\u201d sulla cupola di <strong>Hamas<\/strong> in Italia.<\/p>\n<div class=\"code-block code-block-6\"><\/div>\n<h2>Kelany: \u00e8 nell\u2019inchiesta sulla cupola di Hamas in Italia<\/h2>\n<p>Sulla questione ha annunciato un\u2019interrogazione parlamentare,<strong> Sara Kelany,<\/strong> responsabile del Dipartimento immigrazione di FdI. \u201cChe la sinistra avesse \u2018simpatia\u2019 per i ProPal, a noi era chiaro da tempo. L\u2019evento poi a firma Pd del 22 gennaio organizzato nella sala Berlinguer della Camera, in cui era seduto accanto a D\u2019Alema, uno degli uomini di Hannoun, Abu Omar, ha sciolto ogni dubbio. Abu Omar, infatti, risulta essere iscritto nel registro degli indagati per il reato 270 bis che punisce, tra l\u2019altro, l\u2019organizzazione di associazioni finalizzate al terrorismo. <strong>Risulta Abu Omar uno dei protagonisti della maxi inchiesta Domino sulla cupola di Hamas in Italia.<\/strong> Fratelli d\u2019Italia presenter\u00e0 un\u2019interrogazione e aspettiamo che la Schlein faccia sapere agli italiani da che parte sta il partito che presiede: con l\u2019Occidente o con i suoi nemici? Su questo attendiamo chiarimenti, perch\u00e9 \u00e8 inquietante pensare di rappresentare una parte del Paese stando accanto a terroristi e contemporaneamente invocare pi\u00f9 sicurezza\u201d.<\/p>\n<h2>Mieli: anche stavolta faranno finta di nulla?<\/h2>\n<p>\u201cIl Pd non perde il vizio<strong> \u2013 commenta la senatrice di Fratelli d\u2019Italia Ester Mieli \u2013<\/strong> Da Hannoun an Abu Omar \u00e8 un attimo. L\u2019importante per la sinistra \u00e8 riceverli nelle istituzioni. Gi\u00e0, perch\u00e9 il 22 gennaio \u2013 come riporta oggi un articolo de Il Giornale \u2013 il Pd ha organizzato all\u2019interno della Camera dei Deputati un appuntamento con tanto di presenza di Abu Omar, che risulta essere iscritto nel registro degli indagati per il reato 270 bis. Dopo il silenzio su Hannoun anche su questo faranno finta di nulla? Bene ha fatto la collega della camera Sara Kelany ad annunciare un\u2019interrogazione parlamentare\u201d.<\/p>\n<h3>La nota social di Fratelli d\u2019Italia<\/h3>\n<p><em>\u00abIl PD \u2013 si legge in una nota social di Fratelli d\u2019Italia \u2013 invita al suo convegno alla Camera Abu Omar, coinvolto, insieme ad Hannoun, nell\u2019inchiesta<\/em><\/p>\n<div class=\"block-premium\">\n<div class=\"message\">Per continuare a leggere l&#8217;articolo <a href=\"https:\/\/www.secoloditalia.it\/sostienici\/\">sostienici<\/a> oppure <a href=\"https:\/\/www.secoloditalia.it\/application\/wp-login.php?redirect_to=https%3A%2F%2Fwww.secoloditalia.it%2F2026%2F01%2Fle-relazioni-pericolose-del-pd-un-certo-abu-omar-in-prima-fila-al-convegno-dem-fdi-schlein-chiarisca%2F\">accedi<\/a><\/div>\n<p><a href=\"https:\/\/www.secoloditalia.it\/sostienici\/\"><img decoding=\"async\" src=\"https:\/\/analyse.optim.biz\/wp-content\/uploads\/2026\/01\/banner-premium-secolo.png\" title=\"banner-premium-secolo\"><\/a><\/div>\n<\/div>\n<div class=\"commentSectionContainer\">\n<p class=\"comments-title\">Non ci sono commenti, inizia una discussione<\/p>\n<\/div>\n<div id=\"comments\" class=\"comments-area closed\">\n<div id=\"respond\" class=\"comment-respond\">\n<h3 id=\"reply-title\" class=\"comment-reply-title\">Lascia un commento <small><a rel=\"nofollow\" id=\"cancel-comment-reply-link\" href=\"https:\/\/www.secoloditalia.it\/2026\/01\/le-relazioni-pericolose-del-pd-un-certo-abu-omar-in-prima-fila-al-convegno-dem-fdi-schlein-chiarisca\/#respond\">Annulla risposta<\/a><\/small><\/h3>\n<p class=\"comment-notes\"><span id=\"email-notes\">Il tuo indirizzo email non sar\u00e0 pubblicato.<\/span><span class=\"required-field-message\">I campi obbligatori sono contrassegnati <span class=\"required\">*<\/span><\/span><\/p>\n<\/div>\n<\/div>\n<div class=\"info-condivisione bottom\">\n<div>\n<p>di <span class=\"autore\">Giovanni Pasero<\/span> &#8211; <span class=\"data\">25 Gennaio 2026<\/span><\/p>\n<\/div>\n<\/div>\n<\/div>\n<\/article>\n<p> Source URL: https:\/\/www.secoloditalia.it\/2026\/01\/le-relazioni-pericolose-del-pd-un-certo-abu-omar-in-prima-fila-al-convegno-dem-fdi-schlein-chiarisca\/<\/p>\n","protected":false},"excerpt":{"rendered":"<p>&#8220;Indagato per terrorismo&#8221; Le relazioni pericolose del Pd: un certo Abu Omar in prima fila al convegno dem. FdI: \u201cSchlein chiarisca\u201d Politica &#8211; di Giovanni Pasero &#8211; 25 Gennaio 2026 alle 21:00 Grosso guaio per il Pd e per la sua segretaria Elly Schlein: come ricostruisce Il Giornalec\u2019era un ospite ingombrante al convegno del 22 [&hellip;]<\/p>\n","protected":false},"author":1,"featured_media":1407250,"comment_status":"open","ping_status":"","sticky":false,"template":"","format":"standard","meta":{"footnotes":""},"categories":[87],"tags":[123],"class_list":["post-1407249","post","type-post","status-publish","format-standard","has-post-thumbnail","hentry","category-italy","tag-secoloditalia-it"],"_links":{"self":[{"href":"https:\/\/analyse.optim.biz\/index.php?rest_route=\/wp\/v2\/posts\/1407249","targetHints":{"allow":["GET"]}}],"collection":[{"href":"https:\/\/analyse.optim.biz\/index.php?rest_route=\/wp\/v2\/posts"}],"about":[{"href":"https:\/\/analyse.optim.biz\/index.php?rest_route=\/wp\/v2\/types\/post"}],"author":[{"embeddable":true,"href":"https:\/\/analyse.optim.biz\/index.php?rest_route=\/wp\/v2\/users\/1"}],"replies":[{"embeddable":true,"href":"https:\/\/analyse.optim.biz\/index.php?rest_route=%2Fwp%2Fv2%2Fcomments&post=1407249"}],"version-history":[{"count":0,"href":"https:\/\/analyse.optim.biz\/index.php?rest_route=\/wp\/v2\/posts\/1407249\/revisions"}],"wp:featuredmedia":[{"embeddable":true,"href":"https:\/\/analyse.optim.biz\/index.php?rest_route=\/wp\/v2\/media\/1407250"}],"wp:attachment":[{"href":"https:\/\/analyse.optim.biz\/index.php?rest_route=%2Fwp%2Fv2%2Fmedia&parent=1407249"}],"wp:term":[{"taxonomy":"category","embeddable":true,"href":"https:\/\/analyse.optim.biz\/index.php?rest_route=%2Fwp%2Fv2%2Fcategories&post=1407249"},{"taxonomy":"post_tag","embeddable":true,"href":"https:\/\/analyse.optim.biz\/index.php?rest_route=%2Fwp%2Fv2%2Ftags&post=1407249"}],"curies":[{"name":"wp","href":"https:\/\/api.w.org\/{rel}","templated":true}]}}